{"id":10199,"date":"2023-12-04T16:32:33","date_gmt":"2023-12-04T15:32:33","guid":{"rendered":"https:\/\/agora.xtec.cat\/iessantaeugenia\/?p=10199"},"modified":"2023-12-04T16:32:33","modified_gmt":"2023-12-04T15:32:33","slug":"professors-del-nostre-institut-participen-a-la-primera-hackathon-de-catalunya","status":"publish","type":"post","link":"https:\/\/agora.xtec.cat\/iessantaeugenia\/general\/professors-del-nostre-institut-participen-a-la-primera-hackathon-de-catalunya\/","title":{"rendered":"Professors del nostre Institut participen a la primera Hackathon de Catalunya"},"content":{"rendered":"<p>Tres professors de l&#8217;equip impulsor del centre participen a la primera Hackathon per docents de Catalunya.<\/p>\n<p>Marta Valero, Andreu Miguel i Irene Freixas han participat al Makerfest organitzat per Futura FP al DFactory de Barcelona el passat 28 de novembre.<\/p>\n<p>Durant tot el mat\u00ed han hagut de treballar en un equip de professors per donar soluci\u00f3 a un repte sobre realitat virtual i augmentada aplicat a l&#8217;educaci\u00f3.<\/p>\n<p>S&#8217;ha hagut de fer un v\u00eddeo de presentaci\u00f3 de la idea i el dia 30 del mateix mes es donaran els premis als equips guanyadors en una sessi\u00f3 en <em>streaming.<\/em><\/p>\n<p><a href=\"https:\/\/agora.xtec.cat\/iessantaeugenia\/wp-content\/uploads\/usu1801\/2023\/12\/1.png\"><img loading=\"lazy\" decoding=\"async\" class=\"alignnone size-full wp-image-10200\" src=\"https:\/\/agora.xtec.cat\/iessantaeugenia\/wp-content\/uploads\/usu1801\/2023\/12\/1.png\" alt=\"\" width=\"802\" height=\"642\" srcset=\"https:\/\/agora.xtec.cat\/iessantaeugenia\/wp-content\/uploads\/usu1801\/2023\/12\/1.png 802w, https:\/\/agora.xtec.cat\/iessantaeugenia\/wp-content\/uploads\/usu1801\/2023\/12\/1-300x240.png 300w, https:\/\/agora.xtec.cat\/iessantaeugenia\/wp-content\/uploads\/usu1801\/2023\/12\/1-768x615.png 768w\" sizes=\"auto, (max-width: 802px) 100vw, 802px\" \/><\/a><\/p>\n","protected":false},"excerpt":{"rendered":"<p>Tres professors de l&#8217;equip impulsor del centre participen a la primera Hackathon per docents de Catalunya.<br \/>\nMarta Valero, Andreu Miguel i Irene Freixas han participat al Makerfest organitzat per Futura FP al DFactory de Barcelona el passat 28 de novembre.<br \/>\nDurant tot el mat\u00ed han hagut de&hellip;  <a href=\"https:\/\/agora.xtec.cat\/iessantaeugenia\/general\/professors-del-nostre-institut-participen-a-la-primera-hackathon-de-catalunya\/\" title=\"Read Professors del nostre Institut participen a la primera Hackathon de Catalunya\">Llegeix m\u00e9s\u00bb<\/a><\/p>\n","protected":false},"author":1,"featured_media":10201,"comment_status":"closed","ping_status":"closed","sticky":false,"template":"","format":"standard","meta":{"_bbp_topic_count":0,"_bbp_reply_count":0,"_bbp_total_topic_count":0,"_bbp_total_reply_count":0,"_bbp_voice_count":0,"_bbp_anonymous_reply_count":0,"_bbp_topic_count_hidden":0,"_bbp_reply_count_hidden":0,"_bbp_forum_subforum_count":0,"footnotes":""},"categories":[30,1,29],"tags":[],"class_list":["post-10199","post","type-post","status-publish","format-standard","has-post-thumbnail","hentry","category-cicles-formatius","category-general","category-portada"],"post_mailing_queue_ids":[],"_links":{"self":[{"href":"https:\/\/agora.xtec.cat\/iessantaeugenia\/wp-json\/wp\/v2\/posts\/10199","targetHints":{"allow":["GET"]}}],"collection":[{"href":"https:\/\/agora.xtec.cat\/iessantaeugenia\/wp-json\/wp\/v2\/posts"}],"about":[{"href":"https:\/\/agora.xtec.cat\/iessantaeugenia\/wp-json\/wp\/v2\/types\/post"}],"author":[{"embeddable":true,"href":"https:\/\/agora.xtec.cat\/iessantaeugenia\/wp-json\/wp\/v2\/users\/1"}],"replies":[{"embeddable":true,"href":"https:\/\/agora.xtec.cat\/iessantaeugenia\/wp-json\/wp\/v2\/comments?post=10199"}],"version-history":[{"count":1,"href":"https:\/\/agora.xtec.cat\/iessantaeugenia\/wp-json\/wp\/v2\/posts\/10199\/revisions"}],"predecessor-version":[{"id":10202,"href":"https:\/\/agora.xtec.cat\/iessantaeugenia\/wp-json\/wp\/v2\/posts\/10199\/revisions\/10202"}],"wp:featuredmedia":[{"embeddable":true,"href":"https:\/\/agora.xtec.cat\/iessantaeugenia\/wp-json\/wp\/v2\/media\/10201"}],"wp:attachment":[{"href":"https:\/\/agora.xtec.cat\/iessantaeugenia\/wp-json\/wp\/v2\/media?parent=10199"}],"wp:term":[{"taxonomy":"category","embeddable":true,"href":"https:\/\/agora.xtec.cat\/iessantaeugenia\/wp-json\/wp\/v2\/categories?post=10199"},{"taxonomy":"post_tag","embeddable":true,"href":"https:\/\/agora.xtec.cat\/iessantaeugenia\/wp-json\/wp\/v2\/tags?post=10199"}],"curies":[{"name":"wp","href":"https:\/\/api.w.org\/{rel}","templated":true}]}}