{"id":10137,"date":"2023-11-08T17:07:02","date_gmt":"2023-11-08T16:07:02","guid":{"rendered":"https:\/\/agora.xtec.cat\/iessantaeugenia\/?p=10137"},"modified":"2023-11-29T16:25:28","modified_gmt":"2023-11-29T15:25:28","slug":"els-oficis-antics-impuls-per-al-catala","status":"publish","type":"post","link":"https:\/\/agora.xtec.cat\/iessantaeugenia\/general\/els-oficis-antics-impuls-per-al-catala\/","title":{"rendered":"Els oficis antics, impuls per al catal\u00e0"},"content":{"rendered":"<p>L\u2019ALUMNAT D\u2019ESO I BATXILLERAT ES BOLQUEN EN EL\u00a0PROJECTE!<\/p>\n<p>L\u2019alumnat d\u2019ESO i Batxillerat ha comen\u00e7at a col\u00b7laborar amb el PROJECTE de centre d\u2019aquest curs 23-24: Impuls per al catal\u00e0, ELS OFICIS ANTICS.<br \/>\nDe manera totalment volunt\u00e0ria investiguen fins a trobar algun artes\u00e0 que encara treballi amb les mans. Com a bons reporters, fan \u00fas de totes les eines digitals que tenen al seu abast, per\u00f2 sense perdre de vista els principis b\u00e0sics d&#8217;un periodisme de rigor. Surten de l\u2019aula per a entrevistar artesans o per a visitar carrers de Girona amb noms d\u2019oficis antics i fer-ne una \u00e0mplia an\u00e0lisi.<\/p>\n<p>D\u2019aquesta manera, experimenten els diferents passos del proc\u00e9s d\u2019elaboraci\u00f3 d\u2019un producte audiovisual i potencien la creativitat a l\u2019hora d\u2019explicar i<br \/>\ntransmetre la realitat a trav\u00e9s de continguts informatius i del treball en equip.<\/p>\n<p>D\u2019altra banda tamb\u00e9 han fet uns audio contes amb aquesta tem\u00e0tica que l\u2019alumnat d\u2019ESO explicaran properament a l\u2019escola Monfalgars de Salt.<\/p>\n<p>Us deixem amb un resum d\u2019alguns dels reportatges i treballs sobre oficis antics fets fins al moment:<\/p>\n<p><a href=\"https:\/\/youtu.be\/RRl2AuWVRxc?si=ZE9yVl9DMxRp2EBI\">https:\/\/youtu.be\/RRl2AuWVRxc?si=ZE9yVl9DMxRp2EBI<\/a><\/p>\n<p><a href=\"https:\/\/www.diaridegirona.cat\/educacio\/2023\/11\/08\/l-institut-santa-eugenia-vol-94329601.html?fbclid=IwAR3YXSv2N8g7YJ2pnrY8GFT9H3gEDaInSILXBsvY9LKF88CJVCI19o-Wl-o\">https:\/\/www.diaridegirona.cat\/educacio\/2023\/11\/08\/l-institut-santa-eugenia-vol-94329601.html?fbclid=IwAR3YXSv2N8g7YJ2pnrY8GFT9H3gEDaInSILXBsvY9LKF88CJVCI19o-Wl-o<\/a><\/p>\n<p><a href=\"https:\/\/agora.xtec.cat\/iessantaeugenia\/wp-content\/uploads\/usu1801\/2023\/11\/4-1.jpg\"><img loading=\"lazy\" decoding=\"async\" class=\"wp-image-10140 alignleft\" src=\"https:\/\/agora.xtec.cat\/iessantaeugenia\/wp-content\/uploads\/usu1801\/2023\/11\/4-1-768x1024.jpg\" alt=\"\" width=\"284\" height=\"379\" srcset=\"https:\/\/agora.xtec.cat\/iessantaeugenia\/wp-content\/uploads\/usu1801\/2023\/11\/4-1-768x1024.jpg 768w, https:\/\/agora.xtec.cat\/iessantaeugenia\/wp-content\/uploads\/usu1801\/2023\/11\/4-1-225x300.jpg 225w, https:\/\/agora.xtec.cat\/iessantaeugenia\/wp-content\/uploads\/usu1801\/2023\/11\/4-1.jpg 960w\" sizes=\"auto, (max-width: 284px) 100vw, 284px\" \/><\/a><a href=\"https:\/\/agora.xtec.cat\/iessantaeugenia\/wp-content\/uploads\/usu1801\/2023\/11\/2-2.jpg\"> <img loading=\"lazy\" decoding=\"async\" class=\"alignnone wp-image-10141\" src=\"https:\/\/agora.xtec.cat\/iessantaeugenia\/wp-content\/uploads\/usu1801\/2023\/11\/2-2-1024x576.jpg\" alt=\"\" width=\"693\" height=\"390\" srcset=\"https:\/\/agora.xtec.cat\/iessantaeugenia\/wp-content\/uploads\/usu1801\/2023\/11\/2-2-1024x576.jpg 1024w, https:\/\/agora.xtec.cat\/iessantaeugenia\/wp-content\/uploads\/usu1801\/2023\/11\/2-2-300x169.jpg 300w, https:\/\/agora.xtec.cat\/iessantaeugenia\/wp-content\/uploads\/usu1801\/2023\/11\/2-2-768x432.jpg 768w, https:\/\/agora.xtec.cat\/iessantaeugenia\/wp-content\/uploads\/usu1801\/2023\/11\/2-2.jpg 1280w\" sizes=\"auto, (max-width: 693px) 100vw, 693px\" \/><\/a><\/p>\n","protected":false},"excerpt":{"rendered":"<p>L\u2019ALUMNAT D\u2019ESO I BATXILLERAT ES BOLQUEN EN EL\u00a0PROJECTE!<br \/>\nL\u2019alumnat d\u2019ESO i Batxillerat ha comen\u00e7at a col\u00b7laborar amb el PROJECTE de centre d\u2019aquest curs 23-24: Impuls per al catal\u00e0, ELS OFICIS ANTICS.<br \/>\nDe manera totalment volunt\u00e0ria investiguen fins a trobar algun artes\u00e0 que encara treballi amb les mans.&hellip;  <a href=\"https:\/\/agora.xtec.cat\/iessantaeugenia\/general\/els-oficis-antics-impuls-per-al-catala\/\" title=\"Read Els oficis antics, impuls per al catal\u00e0\">Llegeix m\u00e9s\u00bb<\/a><\/p>\n","protected":false},"author":1,"featured_media":10139,"comment_status":"closed","ping_status":"closed","sticky":false,"template":"","format":"standard","meta":{"_bbp_topic_count":0,"_bbp_reply_count":0,"_bbp_total_topic_count":0,"_bbp_total_reply_count":0,"_bbp_voice_count":0,"_bbp_anonymous_reply_count":0,"_bbp_topic_count_hidden":0,"_bbp_reply_count_hidden":0,"_bbp_forum_subforum_count":0,"footnotes":""},"categories":[1,29],"tags":[],"class_list":["post-10137","post","type-post","status-publish","format-standard","has-post-thumbnail","hentry","category-general","category-portada"],"post_mailing_queue_ids":[],"_links":{"self":[{"href":"https:\/\/agora.xtec.cat\/iessantaeugenia\/wp-json\/wp\/v2\/posts\/10137","targetHints":{"allow":["GET"]}}],"collection":[{"href":"https:\/\/agora.xtec.cat\/iessantaeugenia\/wp-json\/wp\/v2\/posts"}],"about":[{"href":"https:\/\/agora.xtec.cat\/iessantaeugenia\/wp-json\/wp\/v2\/types\/post"}],"author":[{"embeddable":true,"href":"https:\/\/agora.xtec.cat\/iessantaeugenia\/wp-json\/wp\/v2\/users\/1"}],"replies":[{"embeddable":true,"href":"https:\/\/agora.xtec.cat\/iessantaeugenia\/wp-json\/wp\/v2\/comments?post=10137"}],"version-history":[{"count":4,"href":"https:\/\/agora.xtec.cat\/iessantaeugenia\/wp-json\/wp\/v2\/posts\/10137\/revisions"}],"predecessor-version":[{"id":10180,"href":"https:\/\/agora.xtec.cat\/iessantaeugenia\/wp-json\/wp\/v2\/posts\/10137\/revisions\/10180"}],"wp:featuredmedia":[{"embeddable":true,"href":"https:\/\/agora.xtec.cat\/iessantaeugenia\/wp-json\/wp\/v2\/media\/10139"}],"wp:attachment":[{"href":"https:\/\/agora.xtec.cat\/iessantaeugenia\/wp-json\/wp\/v2\/media?parent=10137"}],"wp:term":[{"taxonomy":"category","embeddable":true,"href":"https:\/\/agora.xtec.cat\/iessantaeugenia\/wp-json\/wp\/v2\/categories?post=10137"},{"taxonomy":"post_tag","embeddable":true,"href":"https:\/\/agora.xtec.cat\/iessantaeugenia\/wp-json\/wp\/v2\/tags?post=10137"}],"curies":[{"name":"wp","href":"https:\/\/api.w.org\/{rel}","templated":true}]}}