{"id":10107,"date":"2023-10-25T17:51:42","date_gmt":"2023-10-25T15:51:42","guid":{"rendered":"https:\/\/agora.xtec.cat\/iessantaeugenia\/?p=10107"},"modified":"2023-10-25T17:58:14","modified_gmt":"2023-10-25T15:58:14","slug":"al-santa-eugenia-dinamitzem-els-patis","status":"publish","type":"post","link":"https:\/\/agora.xtec.cat\/iessantaeugenia\/general\/al-santa-eugenia-dinamitzem-els-patis\/","title":{"rendered":"Al Santa Eug\u00e8nia, dinamitzem els patis!"},"content":{"rendered":"<p>El nostre centre s\u2019ha posat mans a l\u2019obra, i, aquest curs 23\/24, posa en pr\u00e0ctica el projecte de dinamitzaci\u00f3 dels patis que t\u00e9, com a finalitat, fomentar la participaci\u00f3 entre els i les joves a l\u2019hora del pati.<\/p>\n<p>D\u2019aquesta manera tan l\u00fadica es pret\u00e9n fomentar la cultura, els valors i experi\u00e8ncies vivencials generadores d\u2019aprenentatge, descentralitzar l\u2019esport del m\u00f3n del futbol i refor\u00e7ar l\u2019educaci\u00f3 en valors realitzant activitats durant l\u2019hora del pati.<\/p>\n<p>Molt interessants i originals s\u00f3n, per exemple, les manualitats en ganxet, a c\u00e0rrec de la professora Eva Romero. En aquest taller us ensenyaran a fer<br \/>\nbosses, necessers, estoigs, davantals, estovalles o jerseis com el que ha fet la Lorena de 4t d\u2019ESO-A i que mostren les fotografies. Es poden fer un munt de coses amb una mica de dedicaci\u00f3 i ganes!<\/p>\n<p>Animeu-vos i inscriviu-vos en algun d\u2019aquests tallers:<\/p>\n<p><a href=\"https:\/\/agora.xtec.cat\/iessantaeugenia\/wp-content\/uploads\/usu1801\/2023\/10\/7.png\"><img loading=\"lazy\" decoding=\"async\" class=\"aligncenter wp-image-10108 size-full\" src=\"https:\/\/agora.xtec.cat\/iessantaeugenia\/wp-content\/uploads\/usu1801\/2023\/10\/7.png\" alt=\"\" width=\"784\" height=\"357\" srcset=\"https:\/\/agora.xtec.cat\/iessantaeugenia\/wp-content\/uploads\/usu1801\/2023\/10\/7.png 784w, https:\/\/agora.xtec.cat\/iessantaeugenia\/wp-content\/uploads\/usu1801\/2023\/10\/7-300x137.png 300w, https:\/\/agora.xtec.cat\/iessantaeugenia\/wp-content\/uploads\/usu1801\/2023\/10\/7-768x350.png 768w\" sizes=\"auto, (max-width: 784px) 100vw, 784px\" \/><\/a><\/p>\n<p>La dinamitzaci\u00f3 de patis ens permetr\u00e0 fomentar actituds de respecte, solidaritat, cooperaci\u00f3, toler\u00e0ncia, llibertat i responsabilitat entre alumnes de<br \/>\ncursos diferents i potenciar-ne les capacitats planificant activitats que no\u00a0fomentin la competitivitat.<\/p>\n<p>En definitiva, afavorir la coeducaci\u00f3 en tots els sentits.<\/p>\n<p>I seguim!<\/p>\n<p><a href=\"https:\/\/agora.xtec.cat\/iessantaeugenia\/wp-content\/uploads\/usu1801\/2023\/10\/8.png\"><img loading=\"lazy\" decoding=\"async\" class=\"alignnone  wp-image-10109\" src=\"https:\/\/agora.xtec.cat\/iessantaeugenia\/wp-content\/uploads\/usu1801\/2023\/10\/8.png\" alt=\"\" width=\"378\" height=\"300\" srcset=\"https:\/\/agora.xtec.cat\/iessantaeugenia\/wp-content\/uploads\/usu1801\/2023\/10\/8.png 750w, https:\/\/agora.xtec.cat\/iessantaeugenia\/wp-content\/uploads\/usu1801\/2023\/10\/8-300x238.png 300w\" sizes=\"auto, (max-width: 378px) 100vw, 378px\" \/>\u00a0 <\/a><a href=\"https:\/\/agora.xtec.cat\/iessantaeugenia\/wp-content\/uploads\/usu1801\/2023\/10\/foto-2-3.jpg\"><img loading=\"lazy\" decoding=\"async\" class=\"alignnone  wp-image-10112\" src=\"https:\/\/agora.xtec.cat\/iessantaeugenia\/wp-content\/uploads\/usu1801\/2023\/10\/foto-2-3.jpg\" alt=\"\" width=\"402\" height=\"301\" srcset=\"https:\/\/agora.xtec.cat\/iessantaeugenia\/wp-content\/uploads\/usu1801\/2023\/10\/foto-2-3.jpg 1024w, https:\/\/agora.xtec.cat\/iessantaeugenia\/wp-content\/uploads\/usu1801\/2023\/10\/foto-2-3-300x225.jpg 300w, https:\/\/agora.xtec.cat\/iessantaeugenia\/wp-content\/uploads\/usu1801\/2023\/10\/foto-2-3-768x576.jpg 768w, https:\/\/agora.xtec.cat\/iessantaeugenia\/wp-content\/uploads\/usu1801\/2023\/10\/foto-2-3-200x150.jpg 200w\" sizes=\"auto, (max-width: 402px) 100vw, 402px\" \/><\/a><\/p>\n","protected":false},"excerpt":{"rendered":"<p>El nostre centre s\u2019ha posat mans a l\u2019obra, i, aquest curs 23\/24, posa en pr\u00e0ctica el projecte de dinamitzaci\u00f3 dels patis que t\u00e9, com a finalitat, fomentar la participaci\u00f3 entre els i les joves a l\u2019hora del pati.<br \/>\nD\u2019aquesta manera tan l\u00fadica es pret\u00e9n fomentar la&hellip;  <a href=\"https:\/\/agora.xtec.cat\/iessantaeugenia\/general\/al-santa-eugenia-dinamitzem-els-patis\/\" title=\"Read Al Santa Eug\u00e8nia, dinamitzem els patis!\">Llegeix m\u00e9s\u00bb<\/a><\/p>\n","protected":false},"author":1,"featured_media":10109,"comment_status":"closed","ping_status":"closed","sticky":false,"template":"","format":"standard","meta":{"_bbp_topic_count":0,"_bbp_reply_count":0,"_bbp_total_topic_count":0,"_bbp_total_reply_count":0,"_bbp_voice_count":0,"_bbp_anonymous_reply_count":0,"_bbp_topic_count_hidden":0,"_bbp_reply_count_hidden":0,"_bbp_forum_subforum_count":0,"footnotes":""},"categories":[120,1,29],"tags":[],"class_list":["post-10107","post","type-post","status-publish","format-standard","has-post-thumbnail","hentry","category-eso","category-general","category-portada"],"post_mailing_queue_ids":[],"_links":{"self":[{"href":"https:\/\/agora.xtec.cat\/iessantaeugenia\/wp-json\/wp\/v2\/posts\/10107","targetHints":{"allow":["GET"]}}],"collection":[{"href":"https:\/\/agora.xtec.cat\/iessantaeugenia\/wp-json\/wp\/v2\/posts"}],"about":[{"href":"https:\/\/agora.xtec.cat\/iessantaeugenia\/wp-json\/wp\/v2\/types\/post"}],"author":[{"embeddable":true,"href":"https:\/\/agora.xtec.cat\/iessantaeugenia\/wp-json\/wp\/v2\/users\/1"}],"replies":[{"embeddable":true,"href":"https:\/\/agora.xtec.cat\/iessantaeugenia\/wp-json\/wp\/v2\/comments?post=10107"}],"version-history":[{"count":3,"href":"https:\/\/agora.xtec.cat\/iessantaeugenia\/wp-json\/wp\/v2\/posts\/10107\/revisions"}],"predecessor-version":[{"id":10113,"href":"https:\/\/agora.xtec.cat\/iessantaeugenia\/wp-json\/wp\/v2\/posts\/10107\/revisions\/10113"}],"wp:featuredmedia":[{"embeddable":true,"href":"https:\/\/agora.xtec.cat\/iessantaeugenia\/wp-json\/wp\/v2\/media\/10109"}],"wp:attachment":[{"href":"https:\/\/agora.xtec.cat\/iessantaeugenia\/wp-json\/wp\/v2\/media?parent=10107"}],"wp:term":[{"taxonomy":"category","embeddable":true,"href":"https:\/\/agora.xtec.cat\/iessantaeugenia\/wp-json\/wp\/v2\/categories?post=10107"},{"taxonomy":"post_tag","embeddable":true,"href":"https:\/\/agora.xtec.cat\/iessantaeugenia\/wp-json\/wp\/v2\/tags?post=10107"}],"curies":[{"name":"wp","href":"https:\/\/api.w.org\/{rel}","templated":true}]}}