{"id":6294,"date":"2022-06-14T09:56:31","date_gmt":"2022-06-14T07:56:31","guid":{"rendered":"https:\/\/agora.xtec.cat\/iessalvadorvilaseca\/?p=6294"},"modified":"2025-09-09T20:17:44","modified_gmt":"2025-09-09T18:17:44","slug":"https-agora-xtec-cat-iessalvadorvilaseca-batxillerat-matricula-batxillerat-2024-25","status":"publish","type":"post","link":"https:\/\/agora.xtec.cat\/iessalvadorvilaseca\/general\/https-agora-xtec-cat-iessalvadorvilaseca-batxillerat-matricula-batxillerat-2024-25\/","title":{"rendered":"MATR\u00cdCULA DE BATXILLERAT 2025-26"},"content":{"rendered":"<header class=\"entry-header\">\n<p class=\"entry-title\">La matr\u00edcula de Batxillerat es far\u00e0 del 20 de juny al 30 de juny. Per a formalitzar la matr\u00edcula cal omplir els formularis online escaients segons la situaci\u00f3 de cada alumne. Tingueu present que la presentaci\u00f3 exclusiva d\u2019un o dos formularis no pressuposa l\u2019acceptaci\u00f3 de la matr\u00edcula, cal haver realitzat tots els tr\u00e0mits indicats en aquest article.<\/p>\n<\/header>\n<div class=\"entry-content\">\n<ol>\n<li>Dades identificatives. L\u2019han d\u2019omplir tots els alumnes de nova incorporaci\u00f3 o els que el curs 2024-2025 ja eren alumnes del centre per\u00f2 que s\u2019hagu\u00e9s produ\u00eft algun canvi en les seves dades de localitzaci\u00f3 i\/o contacte.\u00a0 <a href=\"https:\/\/forms.gle\/V5krJ4YLzdLybr2k7\" target=\"_blank\" rel=\"noopener\">Acc\u00e9s al formulari<\/a>.<\/li>\n<li>Dades curriculars: Tots els alumnes han d\u2019omplir <strong>UN<\/strong> dels quatre formularis seg\u00fcents d\u2019acord al curs i torn (di\u00fcrn o nocturn) que han de fer durant el curs 2025-2026 (podeu consultar en <a href=\"https:\/\/agora.xtec.cat\/iessalvadorvilaseca\/wp-content\/uploads\/usu1231\/2023\/06\/BATXILLERAT-23-24-matricula.pdf\" target=\"_blank\" rel=\"noopener\">aquest enlla\u00e7<\/a> el disseny curricular):\n<ul>\n<li>MATR\u00cdCULA 1r BAT di\u00fcrn: <a href=\"https:\/\/forms.gle\/sFdVJ8b3NaJTytnH9\" target=\"_blank\" rel=\"noopener\">Acc\u00e9s al formulari<\/a><\/li>\n<li>MATR\u00cdCULA 1r BAT nocturn:<a href=\"https:\/\/forms.gle\/UqMGGyaBfDuvJUxs9\" target=\"_blank\" rel=\"noopener\"> Acc\u00e9s al formulari<\/a><\/li>\n<li>MATR\u00cdCULA 2n BAT di\u00fcrn: <a href=\"https:\/\/forms.gle\/bfgQcsCrY14NZhcp7\" target=\"_blank\" rel=\"noopener\">Acc\u00e9s al formulari<\/a><\/li>\n<li>MATR\u00cdCULA 2n BAT nocturn: <a href=\"https:\/\/forms.gle\/9Q46b83kkPkdVbBo9\" target=\"_blank\" rel=\"noopener\">Acc\u00e9s al formulari<\/a><\/li>\n<\/ul>\n<\/li>\n<li>A m\u00e9s, caldr\u00e0:\n<ol>\n<li>\n<ol>\n<li>Signar la carta de comprom\u00eds educatiu <a href=\"https:\/\/agora.xtec.cat\/iessalvadorvilaseca\/wp-content\/uploads\/usu1231\/2025\/06\/carta-de-compromis-educatiu-25-26-signada-1.pdf\">en aquest enlla\u00e7<\/a><\/li>\n<li>Signar per les dues cares el document de permisos de sortides per Reus, \u00fas d\u2019imatge i recursos digitals <a href=\"https:\/\/agora.xtec.cat\/iessalvadorvilaseca\/wp-content\/uploads\/usu1231\/2025\/06\/autoritzacio_majors14_ESO_3-i-4_25-26-1.pdf\">en aquest enlla\u00e7<\/a><\/li>\n<li>Signar el document d\u2019autoritzacions del centre <a href=\"https:\/\/agora.xtec.cat\/iessalvadorvilaseca\/wp-content\/uploads\/usu1231\/2025\/06\/Autoritzacions-2025.pdf\">en aquest enlla\u00e7<\/a><\/li>\n<\/ol>\n<\/li>\n<\/ol>\n<ol>\n<li>Fer un l\u2019ingr\u00e9s de 30 \u20ac al BBVA. <a href=\"https:\/\/agora.xtec.cat\/iessalvadorvilaseca\/wp-content\/uploads\/usu1231\/2025\/06\/Instruccions-Pagament-25-26-BAT.pdf\" target=\"_blank\" rel=\"noopener\">(consulta aqu\u00ed les instruccions de pagament)<\/a><\/li>\n<\/ol>\n<\/li>\n<li>Finalment caldr\u00e0 lliurar a secretaria:\n<ol>\n<li>Tota la documentaci\u00f3 adjunta, emplenada i signada.<\/li>\n<li>Justificant d\u2019ingr\u00e9s de 30\u20ac al BBVA. Si el pagament l\u2019heu fet a trav\u00e9s de iEduca TokApp no cal que adjunteu el justificant.<\/li>\n<\/ol>\n<\/li>\n<li>Els alumnes provinents d\u2019altres centres tamb\u00e9 hauran de lliurar:\n<ul>\n<li>C\u00f2pia escanejada o fotografiada del DNI\/NIE\/Passaport de l\u2019alumne.<\/li>\n<li>C\u00f2pia escanejada o fotografiada de la targeta sanit\u00e0ria (TIS).<\/li>\n<li>Alumnes provinents de 4t d\u2019ESO: C\u00f2pia escanejada o fotografiada del t\u00edtol de Graduat en ESO o el resguard corresponent a la seva sol\u00b7licitud<\/li>\n<li>Alumnes provinents d\u2019un cicle formatiu: C\u00f2pia escanejada o fotografiada del certificat de notes dels estudis cursats.<\/li>\n<li>Alumnes que ja havien comen\u00e7at els estudis de BAT en un altre centre: C\u00f2pia escanejada o fotografiada del certificat acad\u00e8mic de les qualificacions obtingudes<\/li>\n<\/ul>\n<\/li>\n<\/ol>\n<p>El lliurament de tota aquesta documentaci\u00f3 escanejada o fotografiada es podr\u00e0 fer per correu electr\u00f2nic a l\u2019adre\u00e7a: matriculacio<span class=\"\">@savi.cat<\/span>. Si teniu algun problema en el tr\u00e0mit de la documentaci\u00f3, es pot lliurar a la secretaria del centre. En aquest cas caldr\u00e0 demanar <strong>cita pr\u00e8via<\/strong> utilitzant <a href=\"https:\/\/aplicacions.gestioeducativa.gencat.cat\/ords\/pls\/apex\/f?p=CITA_PREVIA:4::::4:P4_TIPUS_CALENDARI,P4_DOMINI:03_BATX,43002582\" target=\"_blank\" rel=\"noopener\">aquest enlla\u00e7 per a les dates entre el 20 i l\u20191 de juliol<\/a> o trucant al tel\u00e8fon de l\u2019institut 977 75 60 47<\/p>\n<div class=\"addtoany_share_save_container addtoany_content addtoany_content_bottom\">\n<div class=\"a2a_kit a2a_kit_size_25 addtoany_list\" data-a2a-url=\"https:\/\/agora.xtec.cat\/iessalvadorvilaseca\/batxillerat\/matricula-batxillerat-2024-25\/\" data-a2a-title=\"Matr\u00edcula Batxillerat 2025-2026\"><\/div>\n<\/div>\n<\/div>\n<p><a class=\"a2a_button_facebook\" title=\"Facebook\" href=\"https:\/\/agora.xtec.cat\/#facebook\" target=\"_blank\" rel=\"nofollow noopener\"><span class=\"a2a_label\">Facebook<\/span><\/a><a class=\"a2a_button_twitter\" title=\"Twitter\" href=\"https:\/\/agora.xtec.cat\/#twitter\" target=\"_blank\" rel=\"nofollow noopener\"><span class=\"a2a_label\">Twitter<\/span><\/a><a class=\"a2a_button_whatsapp\" title=\"WhatsApp\" href=\"https:\/\/agora.xtec.cat\/#whatsapp\" target=\"_blank\" rel=\"nofollow noopener\"><span class=\"a2a_label\">WhatsApp<\/span><\/a><\/p>\n<div class=\"large-9 small-12 push-3 columns\">\n<article id=\"post-7432\" class=\"post-7432 post type-post status-publish format-standard hentry category-batxillerat category-portada single\">\n<div class=\"entry-body\">\n<div class=\"entry-content\">\n<div class=\"addtoany_share_save_container addtoany_content addtoany_content_bottom\">\n<div class=\"a2a_kit a2a_kit_size_25 addtoany_list\" data-a2a-url=\"https:\/\/agora.xtec.cat\/iessalvadorvilaseca\/batxillerat\/matricula-batxillerat-2024-25\/\" data-a2a-title=\"Matr\u00edcula Batxillerat 2025-2026\"><a class=\"a2a_button_google_gmail\" title=\"Gmail\" href=\"https:\/\/agora.xtec.cat\/#google_gmail\" target=\"_blank\" rel=\"nofollow noopener\"><span class=\"a2a_label\">Gmail<\/span><\/a><a class=\"a2a_dd addtoany_share_save addtoany_share\" href=\"https:\/\/www.addtoany.com\/share#url=https%3A%2F%2Fagora.xtec.cat%2Fiessalvadorvilaseca%2Fbatxillerat%2Fmatricula-batxillerat-2024-25%2F&amp;title=Matr%C3%ADcula%20Batxillerat%202025-2026\"><img decoding=\"async\" src=\"https:\/\/www.instagram.com\/\" alt=\"Share\" \/><\/a><\/div>\n<\/div>\n<\/div>\n<footer class=\"entry-footer\"><span class=\"entry-categories\"><a title=\"View all posts in Batxillerat\" href=\"https:\/\/agora.xtec.cat\/iessalvadorvilaseca\/categoria\/batxillerat\/\">Batxillerat<\/a>, <a title=\"View all posts in Portada\" href=\"https:\/\/agora.xtec.cat\/iessalvadorvilaseca\/categoria\/portada\/\">Portada<\/a><\/span> <a href=\"https:\/\/agora.xtec.cat\/iessalvadorvilaseca\/batxillerat\/matricula-batxillerat-2024-25\/#respond\"><span class=\"entry-comments\">0<\/span><\/a><\/footer>\n<\/div>\n<\/article>\n<\/div>\n<div id=\"sidebar\" class=\"sidebar large-3 small-12 pull-9 columns\" role=\"complementary\">\n<div id=\"recent-posts-2\" class=\"widget widget_recent_entries\">\n<h4 class=\"widget-title\">Articles recents<\/h4>\n<ul>\n<li><a title=\"Compartim en fam\u00edlia\" href=\"https:\/\/agora.xtec.cat\/iessalvadorvilaseca\/general\/compartim-en-familia-7\/\">Compartim en fam\u00edlia<\/a><\/li>\n<li><a title=\"SANT JORDI 2025\" href=\"https:\/\/agora.xtec.cat\/iessalvadorvilaseca\/general\/sant-jordi\/\">SANT JORDI 2025<\/a><\/li>\n<li><a title=\"Setmana Santa\" href=\"https:\/\/agora.xtec.cat\/iessalvadorvilaseca\/general\/setmana-santa\/\">Setmana Santa<\/a><\/li>\n<li><a title=\"Dona sang en un clic!\" href=\"https:\/\/agora.xtec.cat\/iessalvadorvilaseca\/general\/donacio-de-sang-en-un-clic\/\">Dona sang en un clic!<\/a><\/li>\n<li><a title=\"INFORMACI\u00d3 IMPORTANT\" href=\"https:\/\/agora.xtec.cat\/iessalvadorvilaseca\/general\/calendari-de-matriculacions-per-al-curs-2021-22\/\">INFORMACI\u00d3 IMPORTANT<\/a><\/li>\n<\/ul>\n<\/div>\n<div id=\"recent-comments-2\" class=\"widget widget_recent_comments\">\n<h4 class=\"widget-title\">Comentaris recents<\/h4>\n<ul id=\"recentcomments\"><\/ul>\n<\/div>\n<div id=\"archives-2\" class=\"widget widget_archive\">\n<h4 class=\"widget-title\">Arxius<\/h4>\n<ul>\n<li><a href=\"https:\/\/agora.xtec.cat\/iessalvadorvilaseca\/2025\/05\/\">maig 2025<\/a><\/li>\n<li><a href=\"https:\/\/agora.xtec.cat\/iessalvadorvilaseca\/2025\/04\/\">abril 2025<\/a><\/li>\n<li><a href=\"https:\/\/agora.xtec.cat\/iessalvadorvilaseca\/2025\/03\/\">mar\u00e7 2025<\/a><\/li>\n<li><a href=\"https:\/\/agora.xtec.cat\/iessalvadorvilaseca\/2025\/02\/\">febrer 2025<\/a><\/li>\n<li><a href=\"https:\/\/agora.xtec.cat\/iessalvadorvilaseca\/2024\/12\/\">desembre 2024<\/a><\/li>\n<li><a href=\"https:\/\/agora.xtec.cat\/iessalvadorvilaseca\/2024\/11\/\">novembre 2024<\/a><\/li>\n<li><a href=\"https:\/\/agora.xtec.cat\/iessalvadorvilaseca\/2024\/10\/\">octubre 2024<\/a><\/li>\n<li><a href=\"https:\/\/agora.xtec.cat\/iessalvadorvilaseca\/2024\/09\/\">setembre 2024<\/a><\/li>\n<li><a href=\"https:\/\/agora.xtec.cat\/iessalvadorvilaseca\/2024\/07\/\">juliol 2024<\/a><\/li>\n<li><a href=\"https:\/\/agora.xtec.cat\/iessalvadorvilaseca\/2024\/06\/\">juny 2024<\/a><\/li>\n<li><a href=\"https:\/\/agora.xtec.cat\/iessalvadorvilaseca\/2024\/05\/\">maig 2024<\/a><\/li>\n<li><a href=\"https:\/\/agora.xtec.cat\/iessalvadorvilaseca\/2024\/04\/\">abril 2024<\/a><\/li>\n<li><a href=\"https:\/\/agora.xtec.cat\/iessalvadorvilaseca\/2024\/03\/\">mar\u00e7 2024<\/a><\/li>\n<li><a href=\"https:\/\/agora.xtec.cat\/iessalvadorvilaseca\/2024\/02\/\">febrer 2024<\/a><\/li>\n<li><a href=\"https:\/\/agora.xtec.cat\/iessalvadorvilaseca\/2024\/01\/\">gener 2024<\/a><\/li>\n<li><a href=\"https:\/\/agora.xtec.cat\/iessalvadorvilaseca\/2023\/12\/\">desembre 2023<\/a><\/li>\n<li><a href=\"https:\/\/agora.xtec.cat\/iessalvadorvilaseca\/2023\/11\/\">novembre 2023<\/a><\/li>\n<li><a href=\"https:\/\/agora.xtec.cat\/iessalvadorvilaseca\/2023\/10\/\">octubre 2023<\/a><\/li>\n<li><a href=\"https:\/\/agora.xtec.cat\/iessalvadorvilaseca\/2023\/09\/\">setembre 2023<\/a><\/li>\n<li><a href=\"https:\/\/agora.xtec.cat\/iessalvadorvilaseca\/2023\/08\/\">agost 2023<\/a><\/li>\n<li><a href=\"https:\/\/agora.xtec.cat\/iessalvadorvilaseca\/2023\/07\/\">juliol 2023<\/a><\/li>\n<li><a href=\"https:\/\/agora.xtec.cat\/iessalvadorvilaseca\/2023\/06\/\">juny 2023<\/a><\/li>\n<li><a href=\"https:\/\/agora.xtec.cat\/iessalvadorvilaseca\/2023\/05\/\">maig 2023<\/a><\/li>\n<li><a href=\"https:\/\/agora.xtec.cat\/iessalvadorvilaseca\/2023\/04\/\">abril 2023<\/a><\/li>\n<li><a href=\"https:\/\/agora.xtec.cat\/iessalvadorvilaseca\/2023\/03\/\">mar\u00e7 2023<\/a><\/li>\n<li><a href=\"https:\/\/agora.xtec.cat\/iessalvadorvilaseca\/2023\/02\/\">febrer 2023<\/a><\/li>\n<li><a href=\"https:\/\/agora.xtec.cat\/iessalvadorvilaseca\/2022\/12\/\">desembre 2022<\/a><\/li>\n<li><a href=\"https:\/\/agora.xtec.cat\/iessalvadorvilaseca\/2022\/11\/\">novembre 2022<\/a><\/li>\n<li><a href=\"https:\/\/agora.xtec.cat\/iessalvadorvilaseca\/2022\/10\/\">octubre 2022<\/a><\/li>\n<li><a href=\"https:\/\/agora.xtec.cat\/iessalvadorvilaseca\/2022\/09\/\">setembre 2022<\/a><\/li>\n<li><a href=\"https:\/\/agora.xtec.cat\/iessalvadorvilaseca\/2022\/07\/\">juliol 2022<\/a><\/li>\n<li><a href=\"https:\/\/agora.xtec.cat\/iessalvadorvilaseca\/2022\/06\/\">juny 2022<\/a><\/li>\n<li><a href=\"https:\/\/agora.xtec.cat\/iessalvadorvilaseca\/2022\/05\/\">maig 2022<\/a><\/li>\n<li><a href=\"https:\/\/agora.xtec.cat\/iessalvadorvilaseca\/2022\/04\/\">abril 2022<\/a><\/li>\n<li><a href=\"https:\/\/agora.xtec.cat\/iessalvadorvilaseca\/2022\/03\/\">mar\u00e7 2022<\/a><\/li>\n<li><a href=\"https:\/\/agora.xtec.cat\/iessalvadorvilaseca\/2022\/02\/\">febrer 2022<\/a><\/li>\n<li><a href=\"https:\/\/agora.xtec.cat\/iessalvadorvilaseca\/2022\/01\/\">gener 2022<\/a><\/li>\n<li><a href=\"https:\/\/agora.xtec.cat\/iessalvadorvilaseca\/2021\/12\/\">desembre 2021<\/a><\/li>\n<li><a href=\"https:\/\/agora.xtec.cat\/iessalvadorvilaseca\/2021\/11\/\">novembre 2021<\/a><\/li>\n<li><a href=\"https:\/\/agora.xtec.cat\/iessalvadorvilaseca\/2021\/10\/\">octubre 2021<\/a><\/li>\n<li><a href=\"https:\/\/agora.xtec.cat\/iessalvadorvilaseca\/2021\/09\/\">setembre 2021<\/a><\/li>\n<li><a href=\"https:\/\/agora.xtec.cat\/iessalvadorvilaseca\/2021\/08\/\">agost 2021<\/a><\/li>\n<li><a href=\"https:\/\/agora.xtec.cat\/iessalvadorvilaseca\/2021\/07\/\">juliol 2021<\/a><\/li>\n<li><a href=\"https:\/\/agora.xtec.cat\/iessalvadorvilaseca\/2021\/06\/\">juny 2021<\/a><\/li>\n<li><a href=\"https:\/\/agora.xtec.cat\/iessalvadorvilaseca\/2021\/05\/\">maig 2021<\/a><\/li>\n<li><a href=\"https:\/\/agora.xtec.cat\/iessalvadorvilaseca\/2021\/04\/\">abril 2021<\/a><\/li>\n<li><a href=\"https:\/\/agora.xtec.cat\/iessalvadorvilaseca\/2021\/03\/\">mar\u00e7 2021<\/a><\/li>\n<li><a href=\"https:\/\/agora.xtec.cat\/iessalvadorvilaseca\/2021\/02\/\">febrer 2021<\/a><\/li>\n<li><a href=\"https:\/\/agora.xtec.cat\/iessalvadorvilaseca\/2021\/01\/\">gener 2021<\/a><\/li>\n<li><a href=\"https:\/\/agora.xtec.cat\/iessalvadorvilaseca\/2020\/12\/\">desembre 2020<\/a><\/li>\n<li><a href=\"https:\/\/agora.xtec.cat\/iessalvadorvilaseca\/2020\/11\/\">novembre 2020<\/a><\/li>\n<li><a href=\"https:\/\/agora.xtec.cat\/iessalvadorvilaseca\/2020\/10\/\">octubre 2020<\/a><\/li>\n<li><a href=\"https:\/\/agora.xtec.cat\/iessalvadorvilaseca\/2020\/09\/\">setembre 2020<\/a><\/li>\n<li><a href=\"https:\/\/agora.xtec.cat\/iessalvadorvilaseca\/2020\/07\/\">juliol 2020<\/a><\/li>\n<li><a href=\"https:\/\/agora.xtec.cat\/iessalvadorvilaseca\/2020\/06\/\">juny 2020<\/a><\/li>\n<li><a href=\"https:\/\/agora.xtec.cat\/iessalvadorvilaseca\/2020\/05\/\">maig 2020<\/a><\/li>\n<li><a href=\"https:\/\/agora.xtec.cat\/iessalvadorvilaseca\/2020\/04\/\">abril 2020<\/a><\/li>\n<li><a href=\"https:\/\/agora.xtec.cat\/iessalvadorvilaseca\/2020\/03\/\">mar\u00e7 2020<\/a><\/li>\n<li><a href=\"https:\/\/agora.xtec.cat\/iessalvadorvilaseca\/2020\/02\/\">febrer 2020<\/a><\/li>\n<li><a href=\"https:\/\/agora.xtec.cat\/iessalvadorvilaseca\/2020\/01\/\">gener 2020<\/a><\/li>\n<li><a href=\"https:\/\/agora.xtec.cat\/iessalvadorvilaseca\/2019\/12\/\">desembre 2019<\/a><\/li>\n<li><a href=\"https:\/\/agora.xtec.cat\/iessalvadorvilaseca\/2019\/11\/\">novembre 2019<\/a><\/li>\n<li><a href=\"https:\/\/agora.xtec.cat\/iessalvadorvilaseca\/2019\/10\/\">octubre 2019<\/a><\/li>\n<li><a href=\"https:\/\/agora.xtec.cat\/iessalvadorvilaseca\/2019\/09\/\">setembre 2019<\/a><\/li>\n<li><a href=\"https:\/\/agora.xtec.cat\/iessalvadorvilaseca\/2019\/08\/\">agost 2019<\/a><\/li>\n<li><a href=\"https:\/\/agora.xtec.cat\/iessalvadorvilaseca\/2019\/07\/\">juliol 2019<\/a><\/li>\n<li><a href=\"https:\/\/agora.xtec.cat\/iessalvadorvilaseca\/2019\/06\/\">juny 2019<\/a><\/li>\n<li><a href=\"https:\/\/agora.xtec.cat\/iessalvadorvilaseca\/2019\/05\/\">maig 2019<\/a><\/li>\n<li><a href=\"https:\/\/agora.xtec.cat\/iessalvadorvilaseca\/2019\/04\/\">abril 2019<\/a><\/li>\n<li><a href=\"https:\/\/agora.xtec.cat\/iessalvadorvilaseca\/2019\/03\/\">mar\u00e7 2019<\/a><\/li>\n<li><a href=\"https:\/\/agora.xtec.cat\/iessalvadorvilaseca\/2019\/02\/\">febrer 2019<\/a><\/li>\n<li><a href=\"https:\/\/agora.xtec.cat\/iessalvadorvilaseca\/2019\/01\/\">gener 2019<\/a><\/li>\n<li><a href=\"https:\/\/agora.xtec.cat\/iessalvadorvilaseca\/2018\/12\/\">desembre 2018<\/a><\/li>\n<li><a href=\"https:\/\/agora.xtec.cat\/iessalvadorvilaseca\/2018\/11\/\">novembre 2018<\/a><\/li>\n<li><a href=\"https:\/\/agora.xtec.cat\/iessalvadorvilaseca\/2018\/10\/\">octubre 2018<\/a><\/li>\n<li><a href=\"https:\/\/agora.xtec.cat\/iessalvadorvilaseca\/2018\/09\/\">setembre 2018<\/a><\/li>\n<li><a href=\"https:\/\/agora.xtec.cat\/iessalvadorvilaseca\/2018\/07\/\">juliol 2018<\/a><\/li>\n<li><a href=\"https:\/\/agora.xtec.cat\/iessalvadorvilaseca\/2018\/05\/\">maig 2018<\/a><\/li>\n<li><a href=\"https:\/\/agora.xtec.cat\/iessalvadorvilaseca\/2018\/04\/\">abril 2018<\/a><\/li>\n<li><a href=\"https:\/\/agora.xtec.cat\/iessalvadorvilaseca\/2018\/03\/\">mar\u00e7 2018<\/a><\/li>\n<li><a href=\"https:\/\/agora.xtec.cat\/iessalvadorvilaseca\/2018\/02\/\">febrer 2018<\/a><\/li>\n<li><a href=\"https:\/\/agora.xtec.cat\/iessalvadorvilaseca\/2018\/01\/\">gener 2018<\/a><\/li>\n<li><a href=\"https:\/\/agora.xtec.cat\/iessalvadorvilaseca\/2017\/12\/\">desembre 2017<\/a><\/li>\n<li><a href=\"https:\/\/agora.xtec.cat\/iessalvadorvilaseca\/2017\/11\/\">novembre 2017<\/a><\/li>\n<li><a href=\"https:\/\/agora.xtec.cat\/iessalvadorvilaseca\/2017\/10\/\">octubre 2017<\/a><\/li>\n<li><a href=\"https:\/\/agora.xtec.cat\/iessalvadorvilaseca\/2017\/09\/\">setembre 2017<\/a><\/li>\n<li><a href=\"https:\/\/agora.xtec.cat\/iessalvadorvilaseca\/2017\/07\/\">juliol 2017<\/a><\/li>\n<li><a href=\"https:\/\/agora.xtec.cat\/iessalvadorvilaseca\/2017\/06\/\">juny 2017<\/a><\/li>\n<li><a href=\"https:\/\/agora.xtec.cat\/iessalvadorvilaseca\/2017\/05\/\">maig 2017<\/a><\/li>\n<li><a href=\"https:\/\/agora.xtec.cat\/iessalvadorvilaseca\/2017\/04\/\">abril 2017<\/a><\/li>\n<li><a href=\"https:\/\/agora.xtec.cat\/iessalvadorvilaseca\/2017\/03\/\">mar\u00e7 2017<\/a><\/li>\n<li><a href=\"https:\/\/agora.xtec.cat\/iessalvadorvilaseca\/2017\/02\/\">febrer 2017<\/a><\/li>\n<li><a href=\"https:\/\/agora.xtec.cat\/iessalvadorvilaseca\/2017\/01\/\">gener 2017<\/a><\/li>\n<li><a href=\"https:\/\/agora.xtec.cat\/iessalvadorvilaseca\/2016\/12\/\">desembre 2016<\/a><\/li>\n<li><a href=\"https:\/\/agora.xtec.cat\/iessalvadorvilaseca\/2016\/11\/\">novembre 2016<\/a><\/li>\n<li><a href=\"https:\/\/agora.xtec.cat\/iessalvadorvilaseca\/2016\/10\/\">octubre 2016<\/a><\/li>\n<li><a href=\"https:\/\/agora.xtec.cat\/iessalvadorvilaseca\/2016\/09\/\">setembre 2016<\/a><\/li>\n<li><a href=\"https:\/\/agora.xtec.cat\/iessalvadorvilaseca\/2016\/07\/\">juliol 2016<\/a><\/li>\n<\/ul>\n<\/div>\n<\/div>\n","protected":false},"excerpt":{"rendered":"<p>La matr\u00edcula de Batxillerat es far\u00e0 del 20 de juny al 30 de juny. Per a formalitzar la matr\u00edcula cal omplir els formularis online escaients segons la situaci\u00f3 de cada alumne. Tingueu present que la presentaci\u00f3 exclusiva d\u2019un o dos formularis no pressuposa l\u2019acceptaci\u00f3 de&hellip;  <a href=\"https:\/\/agora.xtec.cat\/iessalvadorvilaseca\/general\/https-agora-xtec-cat-iessalvadorvilaseca-batxillerat-matricula-batxillerat-2024-25\/\" title=\"Read MATR\u00cdCULA DE BATXILLERAT 2025-26\">Llegeix m\u00e9s\u00bb<\/a><\/p>\n","protected":false},"author":3,"featured_media":0,"comment_status":"open","ping_status":"closed","sticky":false,"template":"","format":"standard","meta":{"_bbp_topic_count":0,"_bbp_reply_count":0,"_bbp_total_topic_count":0,"_bbp_total_reply_count":0,"_bbp_voice_count":0,"_bbp_anonymous_reply_count":0,"_bbp_topic_count_hidden":0,"_bbp_reply_count_hidden":0,"_bbp_forum_subforum_count":0,"footnotes":""},"categories":[8,1],"tags":[],"class_list":["post-6294","post","type-post","status-publish","format-standard","hentry","category-batxillerat","category-general"],"post_mailing_queue_ids":[],"_links":{"self":[{"href":"https:\/\/agora.xtec.cat\/iessalvadorvilaseca\/wp-json\/wp\/v2\/posts\/6294","targetHints":{"allow":["GET"]}}],"collection":[{"href":"https:\/\/agora.xtec.cat\/iessalvadorvilaseca\/wp-json\/wp\/v2\/posts"}],"about":[{"href":"https:\/\/agora.xtec.cat\/iessalvadorvilaseca\/wp-json\/wp\/v2\/types\/post"}],"author":[{"embeddable":true,"href":"https:\/\/agora.xtec.cat\/iessalvadorvilaseca\/wp-json\/wp\/v2\/users\/3"}],"replies":[{"embeddable":true,"href":"https:\/\/agora.xtec.cat\/iessalvadorvilaseca\/wp-json\/wp\/v2\/comments?post=6294"}],"version-history":[{"count":6,"href":"https:\/\/agora.xtec.cat\/iessalvadorvilaseca\/wp-json\/wp\/v2\/posts\/6294\/revisions"}],"predecessor-version":[{"id":8245,"href":"https:\/\/agora.xtec.cat\/iessalvadorvilaseca\/wp-json\/wp\/v2\/posts\/6294\/revisions\/8245"}],"wp:attachment":[{"href":"https:\/\/agora.xtec.cat\/iessalvadorvilaseca\/wp-json\/wp\/v2\/media?parent=6294"}],"wp:term":[{"taxonomy":"category","embeddable":true,"href":"https:\/\/agora.xtec.cat\/iessalvadorvilaseca\/wp-json\/wp\/v2\/categories?post=6294"},{"taxonomy":"post_tag","embeddable":true,"href":"https:\/\/agora.xtec.cat\/iessalvadorvilaseca\/wp-json\/wp\/v2\/tags?post=6294"}],"curies":[{"name":"wp","href":"https:\/\/api.w.org\/{rel}","templated":true}]}}