{"id":3818,"date":"2021-02-04T19:04:11","date_gmt":"2021-02-04T18:04:11","guid":{"rendered":"https:\/\/agora.xtec.cat\/iessalvadorsegui\/?p=3818"},"modified":"2021-02-04T21:27:21","modified_gmt":"2021-02-04T20:27:21","slug":"orientacio-academica-per-lacces-a-la-universitat","status":"publish","type":"post","link":"https:\/\/agora.xtec.cat\/iessalvadorsegui\/portada\/orientacio-academica-per-lacces-a-la-universitat\/","title":{"rendered":"Orientaci\u00f3 Acad\u00e8mica per l&#8217;Acc\u00e9s a la Universitat"},"content":{"rendered":"<p style=\"text-align: justify;\">Des del SIOJ de l\u2019Institut Salvador Segu\u00ed conjuntament amb PIJ (Punt d&#8217;Informaci\u00f3 Juvenil) i CAAJ (Centre d&#8217;Assessorament Acad\u00e8mic per Joves) organitzem una Xerrada per tothom qui vulgui informaci\u00f3 d&#8217;acc\u00e9s a la Universitat pel curs 2021-2022.<\/p>\n<p style=\"text-align: justify;\">\u00c9s una xerrada telem\u00e0tica, totalment volunt\u00e0ria i n&#8217;hi haur\u00e0 una en torn de mat\u00ed i una en torn de tarda.<\/p>\n<p style=\"text-align: justify;\">Cal inscripci\u00f3 pr\u00e8via: <a href=\"https:\/\/forms.gle\/5ie4ucp3b4g1rWyk8\">https:\/\/forms.gle\/5ie4ucp3b4g1rWyk8<\/a><\/p>\n<p style=\"text-align: justify;\"><span style=\"text-decoration: underline;\"><strong>-Horari 11 de Febrer 2021-<\/strong><\/span><\/p>\n<pre><strong>Torn Mat\u00ed:<\/strong><\/pre>\n<p style=\"text-align: justify;\">11:00 a 12:00h: Acc\u00e9s Universitat, funcionament selectivitat i webs de refer\u00e8ncia<\/p>\n<p style=\"text-align: justify;\">12:00-12:30h: PAP\u00a0(Prova d\u2019Aptitud Personal. Per l\u2019acc\u00e9s als graus d\u2019 Educaci\u00f3 Infantil i prim\u00e0ria)<\/p>\n<pre><strong>Torn Tarda:<\/strong><\/pre>\n<p style=\"text-align: justify;\">18:00 a 19:00h:\u00a0 Acc\u00e9s Universitat, funcionament selectivitat i webs de refer\u00e8ncia<\/p>\n<p style=\"text-align: justify;\">19:00 a 19:30h: PAP (Prova d\u2019Aptitud Personal. Per l\u2019acc\u00e9s als graus d\u2019Educaci\u00f3 Infantil i prim\u00e0ria)<\/p>\n","protected":false},"excerpt":{"rendered":"<p>Des del SIOJ de l\u2019Institut Salvador Segu\u00ed conjuntament amb PIJ (Punt d&#8217;Informaci\u00f3 Juvenil) i CAAJ (Centre d&#8217;Assessorament Acad\u00e8mic per Joves) organitzem una Xerrada per tothom qui vulgui informaci\u00f3 d&#8217;acc\u00e9s a la Universitat pel curs 2021-2022. \u00c9s una xerrada telem\u00e0tica, totalment volunt\u00e0ria i n&#8217;hi haur\u00e0 una en torn de mat\u00ed i una en torn de tarda. [&hellip;]<\/p>\n","protected":false},"author":14,"featured_media":1464,"comment_status":"closed","ping_status":"closed","sticky":false,"template":"","format":"standard","meta":{"_bbp_topic_count":0,"_bbp_reply_count":0,"_bbp_total_topic_count":0,"_bbp_total_reply_count":0,"_bbp_voice_count":0,"_bbp_anonymous_reply_count":0,"_bbp_topic_count_hidden":0,"_bbp_reply_count_hidden":0,"_bbp_forum_subforum_count":0,"site-sidebar-layout":"default","site-content-layout":"","ast-site-content-layout":"","site-content-style":"default","site-sidebar-style":"default","ast-global-header-display":"","ast-banner-title-visibility":"","ast-main-header-display":"","ast-hfb-above-header-display":"","ast-hfb-below-header-display":"","ast-hfb-mobile-header-display":"","site-post-title":"","ast-breadcrumbs-content":"","ast-featured-img":"","footer-sml-layout":"","theme-transparent-header-meta":"","adv-header-id-meta":"","stick-header-meta":"","header-above-stick-meta":"","header-main-stick-meta":"","header-below-stick-meta":"","astra-migrate-meta-layouts":"default","ast-page-background-enabled":"default","ast-page-background-meta":{"desktop":{"background-color":"var(--ast-global-color-4)","background-image":"","background-repeat":"repeat","background-position":"center center","background-size":"auto","background-attachment":"scroll","background-type":"","background-media":"","overlay-type":"","overlay-color":"","overlay-opacity":"","overlay-gradient":""},"tablet":{"background-color":"","background-image":"","background-repeat":"repeat","background-position":"center center","background-size":"auto","background-attachment":"scroll","background-type":"","background-media":"","overlay-type":"","overlay-color":"","overlay-opacity":"","overlay-gradient":""},"mobile":{"background-color":"","background-image":"","background-repeat":"repeat","background-position":"center center","background-size":"auto","background-attachment":"scroll","background-type":"","background-media":"","overlay-type":"","overlay-color":"","overlay-opacity":"","overlay-gradient":""}},"ast-content-background-meta":{"desktop":{"background-color":"var(--ast-global-color-5)","background-image":"","background-repeat":"repeat","background-position":"center center","background-size":"auto","background-attachment":"scroll","background-type":"","background-media":"","overlay-type":"","overlay-color":"","overlay-opacity":"","overlay-gradient":""},"tablet":{"background-color":"var(--ast-global-color-5)","background-image":"","background-repeat":"repeat","background-position":"center center","background-size":"auto","background-attachment":"scroll","background-type":"","background-media":"","overlay-type":"","overlay-color":"","overlay-opacity":"","overlay-gradient":""},"mobile":{"background-color":"var(--ast-global-color-5)","background-image":"","background-repeat":"repeat","background-position":"center center","background-size":"auto","background-attachment":"scroll","background-type":"","background-media":"","overlay-type":"","overlay-color":"","overlay-opacity":"","overlay-gradient":""}},"footnotes":""},"categories":[29,155],"tags":[],"class_list":["post-3818","post","type-post","status-publish","format-standard","has-post-thumbnail","hentry","category-portada","category-sioj"],"post_mailing_queue_ids":[],"_links":{"self":[{"href":"https:\/\/agora.xtec.cat\/iessalvadorsegui\/wp-json\/wp\/v2\/posts\/3818","targetHints":{"allow":["GET"]}}],"collection":[{"href":"https:\/\/agora.xtec.cat\/iessalvadorsegui\/wp-json\/wp\/v2\/posts"}],"about":[{"href":"https:\/\/agora.xtec.cat\/iessalvadorsegui\/wp-json\/wp\/v2\/types\/post"}],"author":[{"embeddable":true,"href":"https:\/\/agora.xtec.cat\/iessalvadorsegui\/wp-json\/wp\/v2\/users\/14"}],"replies":[{"embeddable":true,"href":"https:\/\/agora.xtec.cat\/iessalvadorsegui\/wp-json\/wp\/v2\/comments?post=3818"}],"version-history":[{"count":2,"href":"https:\/\/agora.xtec.cat\/iessalvadorsegui\/wp-json\/wp\/v2\/posts\/3818\/revisions"}],"predecessor-version":[{"id":3820,"href":"https:\/\/agora.xtec.cat\/iessalvadorsegui\/wp-json\/wp\/v2\/posts\/3818\/revisions\/3820"}],"wp:featuredmedia":[{"embeddable":true,"href":"https:\/\/agora.xtec.cat\/iessalvadorsegui\/wp-json\/wp\/v2\/media\/1464"}],"wp:attachment":[{"href":"https:\/\/agora.xtec.cat\/iessalvadorsegui\/wp-json\/wp\/v2\/media?parent=3818"}],"wp:term":[{"taxonomy":"category","embeddable":true,"href":"https:\/\/agora.xtec.cat\/iessalvadorsegui\/wp-json\/wp\/v2\/categories?post=3818"},{"taxonomy":"post_tag","embeddable":true,"href":"https:\/\/agora.xtec.cat\/iessalvadorsegui\/wp-json\/wp\/v2\/tags?post=3818"}],"curies":[{"name":"wp","href":"https:\/\/api.w.org\/{rel}","templated":true}]}}