{"id":7498,"date":"2026-04-27T10:19:48","date_gmt":"2026-04-27T08:19:48","guid":{"rendered":"https:\/\/agora.xtec.cat\/iessalvadorespriu-salt\/?p=7498"},"modified":"2026-04-27T10:19:48","modified_gmt":"2026-04-27T08:19:48","slug":"sant-jordi-a-lespriu-cultura-llengua-i-comunitat","status":"publish","type":"post","link":"https:\/\/agora.xtec.cat\/iessalvadorespriu-salt\/eso\/sant-jordi-a-lespriu-cultura-llengua-i-comunitat\/","title":{"rendered":"Sant Jordi a l\u2019Espriu: cultura, llengua i comunitat"},"content":{"rendered":"<p data-start=\"118\" data-end=\"320\">El passat <strong>23 d\u2019abril<\/strong>, l\u2019Institut Salvador Espriu va tornar a celebrar la<strong> diada de Sant Jordi<\/strong>, una de les jornades m\u00e9s especials i arrelades del centre, en qu\u00e8 es combinen <strong>cultura, llengua i conviv\u00e8ncia<\/strong>.<\/p>\n<p data-start=\"118\" data-end=\"320\">Des de primera hora del mat\u00ed, com ja \u00e9s tradici\u00f3, l\u2019alumnat de primer de Batxillerat, juntament amb els estudiants del cicle de Jardineria, van vendre <strong>roses<\/strong> <strong>a la parada <\/strong>situada al <strong>carrer Major<\/strong>. Paral\u00b7lelament, en dues sessions, l\u2019alumnat d\u2019ESO i Batxillerat es va despla\u00e7ar al <strong>Teatre de Salt<\/strong>. En el primer torn hi van assistir els grups de 1r i 2n d\u2019ESO, i en el segon, els de 3r i 4t d\u2019ESO i 1r de Batxillerat.<\/p>\n<p data-start=\"118\" data-end=\"320\"><a href=\"https:\/\/agora.xtec.cat\/iessalvadorespriu-salt\/wp-content\/uploads\/usu2103\/2026\/04\/parada_SJ_web-scaled.jpg\"><img loading=\"lazy\" decoding=\"async\" class=\"wp-image-7508 alignright\" src=\"https:\/\/agora.xtec.cat\/iessalvadorespriu-salt\/wp-content\/uploads\/usu2103\/2026\/04\/parada_SJ_web-1024x683.jpg\" alt=\"\" width=\"363\" height=\"242\" srcset=\"https:\/\/agora.xtec.cat\/iessalvadorespriu-salt\/wp-content\/uploads\/usu2103\/2026\/04\/parada_SJ_web-1024x683.jpg 1024w, https:\/\/agora.xtec.cat\/iessalvadorespriu-salt\/wp-content\/uploads\/usu2103\/2026\/04\/parada_SJ_web-300x200.jpg 300w, https:\/\/agora.xtec.cat\/iessalvadorespriu-salt\/wp-content\/uploads\/usu2103\/2026\/04\/parada_SJ_web-768x512.jpg 768w, https:\/\/agora.xtec.cat\/iessalvadorespriu-salt\/wp-content\/uploads\/usu2103\/2026\/04\/parada_SJ_web-1536x1024.jpg 1536w, https:\/\/agora.xtec.cat\/iessalvadorespriu-salt\/wp-content\/uploads\/usu2103\/2026\/04\/parada_SJ_web-2048x1365.jpg 2048w\" sizes=\"auto, (max-width: 363px) 100vw, 363px\" \/><\/a><\/p>\n<p data-start=\"635\" data-end=\"870\">Els actes al teatre es van iniciar amb la benvinguda de les presentadores i el <strong>discurs institucional del director<\/strong> del centre, qui va posar en valor la import\u00e0ncia de Sant Jordi com a <strong>festa de pa\u00eds i de comunita<\/strong>t. En la intervenci\u00f3, va destacar el paper del catal\u00e0 com a llengua que ens uneix i ens permet construir un projecte compartit, aix\u00ed com la necessitat de continuar fomentant la lectura i afrontar amb criteri els nous reptes, com ara la intel\u00b7lig\u00e8ncia artificial. Podeu llegir tot el discurs en aquest<a href=\"https:\/\/drive.google.com\/file\/d\/16-N4EchbuvWWIWBBxiOmj4XKYZYOS6mr\/view\" target=\"_blank\" rel=\"noopener\"> enlla\u00e7<\/a>.<\/p>\n<p data-start=\"1351\" data-end=\"1617\">Tot seguit, el p\u00fablic va poder gaudir de la representaci\u00f3 teatral \u201c<strong>El silenci que explota<\/strong>\u201d, una obra creada \u00edntegrament pels alumnes de l\u2019<strong>optativa d\u2019Arts Esc\u00e8niques d\u2019ESO4<\/strong>, que va abordar temes com l\u2019empatia, les relacions personals i els conflictes emocionals.\u00a0En la segona sessi\u00f3, a m\u00e9s, els alumnes de les <strong>optatives de M\u00fasica de 3r i 4t d\u2019ESO<\/strong> van oferir actuacions musicals que van omplir l\u2019escenari de ritme i energia.<\/p>\n<p data-start=\"1781\" data-end=\"1901\">Un dels moments centrals de la jornada va ser el <strong>lliurament de premis<\/strong>, que reconeixen el talent i l\u2019esfor\u00e7 de l\u2019alumnat:<\/p>\n<ul data-start=\"1903\" data-end=\"2602\">\n<li data-section-id=\"1g89usd\" data-start=\"1903\" data-end=\"1969\"><strong data-start=\"1905\" data-end=\"1943\">Premi Picalletres (1r i 2n d\u2019ESO):<\/strong> Iman Azaatan (ESO1 A)<\/li>\n<li><strong data-start=\"1905\" data-end=\"1943\">Premi Picalletres (3r i 4t d\u2019ESO):<\/strong> <span style=\"font-weight: 400;\">Binta Balde<\/span><span style=\"font-weight: 400;\"> i <\/span><span style=\"font-weight: 400;\">Rayan El Fattouch<\/span> (ESO4 E)<\/li>\n<li data-section-id=\"zfsxba\" data-start=\"1970\" data-end=\"2166\"><strong data-start=\"1972\" data-end=\"2007\">Premis literaris (categoria A):<\/strong>\n<ul data-start=\"2012\" data-end=\"2166\">\n<li data-section-id=\"1d9xfj\" data-start=\"2012\" data-end=\"2072\">Poesia i creaci\u00f3 &#8220;Salvador Espriu&#8221;: Nazareth Rodr\u00edguez (ESO2 A) amb <em data-start=\"2056\" data-end=\"2070\">\u201cSant Jordi\u201d<\/em><\/li>\n<li data-section-id=\"18zllrp\" data-start=\"2075\" data-end=\"2166\">Narrativa &#8220;<span style=\"font-weight: 400;\">Tirant lo Blanc&#8221;<\/span>: Noor Aahachrim (ESO2 E) amb <em data-start=\"2118\" data-end=\"2164\">\u201cLa Sara i la Kiara hero\u00efnes de les guerres\u201d<\/em><\/li>\n<\/ul>\n<\/li>\n<li data-section-id=\"mt16up\" data-start=\"2167\" data-end=\"2332\"><strong data-start=\"2169\" data-end=\"2210\">Premis literaris (categoria B):<\/strong>\n<ul data-start=\"2215\" data-end=\"2332\">\n<li data-section-id=\"p5nph9\" data-start=\"2215\" data-end=\"2272\">Poesia i creaci\u00f3 &#8220;Salvador Espriu&#8221;: Sara Zeriouch (BAT1) amb <em data-start=\"2243\" data-end=\"2270\">\u201cOn encara viu el record\u201d<\/em><\/li>\n<li data-section-id=\"g9dmaz\" data-start=\"2275\" data-end=\"2332\">Narrativa &#8220;<span style=\"font-weight: 400;\">Tirant lo Blanc&#8221;<\/span>: Elena Alicia Radu (ESO4 E) amb <em data-start=\"2310\" data-end=\"2330\">\u201cMorts sorolloses\u201d<\/em><\/li>\n<\/ul>\n<\/li>\n<li data-section-id=\"1aygv1d\" data-start=\"2333\" data-end=\"2504\"><strong data-start=\"2335\" data-end=\"2356\">Premis de dibuix:<\/strong>\n<ul data-start=\"2361\" data-end=\"2504\">\n<li data-section-id=\"txta6a\" data-start=\"2361\" data-end=\"2457\">Categoria B: Hadil Hayous (2n Batxillerat), autora del cartell de Sant Jordi del curs vinent<\/li>\n<li data-section-id=\"1jyic17\" data-start=\"2460\" data-end=\"2504\">Categoria A: Ghofrane Kassimi (ESO2 D)<\/li>\n<\/ul>\n<\/li>\n<li data-section-id=\"1651st0\" data-start=\"2505\" data-end=\"2557\"><strong data-start=\"2507\" data-end=\"2527\">Millor lectora d&#8217;ESO:<\/strong> Ghofran Eddrissi (ESO1 E)<\/li>\n<li data-section-id=\"ic6kwm\" data-start=\"2558\" data-end=\"2602\"><strong data-start=\"2560\" data-end=\"2581\">Premi Paraul\u00f2gic (categoria A):<\/strong> ESO2 E<\/li>\n<li data-section-id=\"ic6kwm\" data-start=\"2558\" data-end=\"2602\"><strong data-start=\"2169\" data-end=\"2210\">Premi Paraul\u00f2gic (categoria B): <\/strong>ESO3 C<\/li>\n<\/ul>\n<p data-start=\"2604\" data-end=\"2906\"><a href=\"https:\/\/agora.xtec.cat\/iessalvadorespriu-salt\/wp-content\/uploads\/usu2103\/2026\/04\/teatre_BAT6223.JPG_web-scaled.jpg\"><img loading=\"lazy\" decoding=\"async\" class=\"wp-image-7507 alignleft\" src=\"https:\/\/agora.xtec.cat\/iessalvadorespriu-salt\/wp-content\/uploads\/usu2103\/2026\/04\/teatre_BAT6223.JPG_web-1024x683.jpg\" alt=\"\" width=\"363\" height=\"242\" srcset=\"https:\/\/agora.xtec.cat\/iessalvadorespriu-salt\/wp-content\/uploads\/usu2103\/2026\/04\/teatre_BAT6223.JPG_web-1024x683.jpg 1024w, https:\/\/agora.xtec.cat\/iessalvadorespriu-salt\/wp-content\/uploads\/usu2103\/2026\/04\/teatre_BAT6223.JPG_web-300x200.jpg 300w, https:\/\/agora.xtec.cat\/iessalvadorespriu-salt\/wp-content\/uploads\/usu2103\/2026\/04\/teatre_BAT6223.JPG_web-768x512.jpg 768w, https:\/\/agora.xtec.cat\/iessalvadorespriu-salt\/wp-content\/uploads\/usu2103\/2026\/04\/teatre_BAT6223.JPG_web-1536x1024.jpg 1536w, https:\/\/agora.xtec.cat\/iessalvadorespriu-salt\/wp-content\/uploads\/usu2103\/2026\/04\/teatre_BAT6223.JPG_web-2048x1365.jpg 2048w\" sizes=\"auto, (max-width: 363px) 100vw, 363px\" \/><\/a><\/p>\n<p data-start=\"2604\" data-end=\"2906\">Un dels moments m\u00e9s esperats i emotius va ser el lliurament de les <strong>roses an\u00f2nimes<\/strong>, una activitat pr\u00f2pia del centre que any rere any genera sorpresa i il\u00b7lusi\u00f3. Durant aquest acte, es van anar cridant els noms de les persones que havien rebut una rosa, creant moments de complicitat i emoci\u00f3 compartida.<\/p>\n<p data-start=\"2908\" data-end=\"3046\">La jornada va culminar amb el <strong>ball guanyador del Got Talent<\/strong> de l\u2019institut, que va posar el punt final festiu a un mat\u00ed ple d\u2019art i talent.<\/p>\n<p data-start=\"3048\" data-end=\"3373\">Amb aquesta celebraci\u00f3, l\u2019Institut Salvador Espriu reafirma el seu<strong> comprom\u00eds amb la cultura, la llengua catalana i la participaci\u00f3 activa de l\u2019alumnat<\/strong>, consolidant Sant Jordi com una de les cites m\u00e9s significatives del calendari escolar i com una veritable invitaci\u00f3 a llegir, a pensar i a formar part activa de la comunitat.<\/p>\n<p data-start=\"3048\" data-end=\"3373\">Cartells guanyadors. <strong>Categoria A\u00a0<\/strong><\/p>\n<p data-start=\"3048\" data-end=\"3373\">\u00a0<a href=\"https:\/\/agora.xtec.cat\/iessalvadorespriu-salt\/wp-content\/uploads\/usu2103\/2026\/04\/Premi_literari_A.jpeg\"><img loading=\"lazy\" decoding=\"async\" class=\"wp-image-7509 aligncenter\" src=\"https:\/\/agora.xtec.cat\/iessalvadorespriu-salt\/wp-content\/uploads\/usu2103\/2026\/04\/Premi_literari_A-797x1024.jpeg\" alt=\"\" width=\"311\" height=\"399\" srcset=\"https:\/\/agora.xtec.cat\/iessalvadorespriu-salt\/wp-content\/uploads\/usu2103\/2026\/04\/Premi_literari_A-797x1024.jpeg 797w, https:\/\/agora.xtec.cat\/iessalvadorespriu-salt\/wp-content\/uploads\/usu2103\/2026\/04\/Premi_literari_A-234x300.jpeg 234w, https:\/\/agora.xtec.cat\/iessalvadorespriu-salt\/wp-content\/uploads\/usu2103\/2026\/04\/Premi_literari_A-768x986.jpeg 768w, https:\/\/agora.xtec.cat\/iessalvadorespriu-salt\/wp-content\/uploads\/usu2103\/2026\/04\/Premi_literari_A-1196x1536.jpeg 1196w, https:\/\/agora.xtec.cat\/iessalvadorespriu-salt\/wp-content\/uploads\/usu2103\/2026\/04\/Premi_literari_A.jpeg 1246w\" sizes=\"auto, (max-width: 311px) 100vw, 311px\" \/><\/a><strong>Categoria B<\/strong><\/p>\n<p data-start=\"3048\" data-end=\"3373\"><a href=\"https:\/\/agora.xtec.cat\/iessalvadorespriu-salt\/wp-content\/uploads\/usu2103\/2026\/04\/Premi_literari_B.jpeg\"><img loading=\"lazy\" decoding=\"async\" class=\"wp-image-7510 aligncenter\" src=\"https:\/\/agora.xtec.cat\/iessalvadorespriu-salt\/wp-content\/uploads\/usu2103\/2026\/04\/Premi_literari_B-714x1024.jpeg\" alt=\"\" width=\"311\" height=\"446\" srcset=\"https:\/\/agora.xtec.cat\/iessalvadorespriu-salt\/wp-content\/uploads\/usu2103\/2026\/04\/Premi_literari_B-714x1024.jpeg 714w, https:\/\/agora.xtec.cat\/iessalvadorespriu-salt\/wp-content\/uploads\/usu2103\/2026\/04\/Premi_literari_B-209x300.jpeg 209w, https:\/\/agora.xtec.cat\/iessalvadorespriu-salt\/wp-content\/uploads\/usu2103\/2026\/04\/Premi_literari_B-768x1101.jpeg 768w, https:\/\/agora.xtec.cat\/iessalvadorespriu-salt\/wp-content\/uploads\/usu2103\/2026\/04\/Premi_literari_B-1071x1536.jpeg 1071w, https:\/\/agora.xtec.cat\/iessalvadorespriu-salt\/wp-content\/uploads\/usu2103\/2026\/04\/Premi_literari_B-1428x2048.jpeg 1428w, https:\/\/agora.xtec.cat\/iessalvadorespriu-salt\/wp-content\/uploads\/usu2103\/2026\/04\/Premi_literari_B.jpeg 1653w\" sizes=\"auto, (max-width: 311px) 100vw, 311px\" \/><\/a><\/p>\n","protected":false},"excerpt":{"rendered":"<p>El passat 23 d\u2019abril, l\u2019Institut Salvador Espriu va tornar a celebrar la diada de Sant Jordi, una de les jornades m\u00e9s especials i arrelades del centre, en qu\u00e8 es combinen cultura, llengua i conviv\u00e8ncia. Des de primera hora del mat\u00ed, com ja \u00e9s tradici\u00f3, l\u2019alumnat de primer de Batxillerat, juntament amb els estudiants del cicle [&hellip;]<\/p>\n","protected":false},"author":12,"featured_media":7501,"comment_status":"closed","ping_status":"open","sticky":false,"template":"","format":"standard","meta":{"_bbp_topic_count":0,"_bbp_reply_count":0,"_bbp_total_topic_count":0,"_bbp_total_reply_count":0,"_bbp_voice_count":0,"_bbp_anonymous_reply_count":0,"_bbp_topic_count_hidden":0,"_bbp_reply_count_hidden":0,"_bbp_forum_subforum_count":0,"site-sidebar-layout":"default","site-content-layout":"","ast-site-content-layout":"","site-content-style":"default","site-sidebar-style":"default","ast-global-header-display":"","ast-banner-title-visibility":"","ast-main-header-display":"","ast-hfb-above-header-display":"","ast-hfb-below-header-display":"","ast-hfb-mobile-header-display":"","site-post-title":"","ast-breadcrumbs-content":"","ast-featured-img":"","footer-sml-layout":"","theme-transparent-header-meta":"","adv-header-id-meta":"","stick-header-meta":"","header-above-stick-meta":"","header-main-stick-meta":"","header-below-stick-meta":"","astra-migrate-meta-layouts":"default","ast-page-background-enabled":"default","ast-page-background-meta":{"desktop":{"background-color":"var(--ast-global-color-4)","background-image":"","background-repeat":"repeat","background-position":"center center","background-size":"auto","background-attachment":"scroll","background-type":"","background-media":"","overlay-type":"","overlay-color":"","overlay-opacity":"","overlay-gradient":""},"tablet":{"background-color":"","background-image":"","background-repeat":"repeat","background-position":"center center","background-size":"auto","background-attachment":"scroll","background-type":"","background-media":"","overlay-type":"","overlay-color":"","overlay-opacity":"","overlay-gradient":""},"mobile":{"background-color":"","background-image":"","background-repeat":"repeat","background-position":"center center","background-size":"auto","background-attachment":"scroll","background-type":"","background-media":"","overlay-type":"","overlay-color":"","overlay-opacity":"","overlay-gradient":""}},"ast-content-background-meta":{"desktop":{"background-color":"var(--ast-global-color-5)","background-image":"","background-repeat":"repeat","background-position":"center center","background-size":"auto","background-attachment":"scroll","background-type":"","background-media":"","overlay-type":"","overlay-color":"","overlay-opacity":"","overlay-gradient":""},"tablet":{"background-color":"var(--ast-global-color-5)","background-image":"","background-repeat":"repeat","background-position":"center center","background-size":"auto","background-attachment":"scroll","background-type":"","background-media":"","overlay-type":"","overlay-color":"","overlay-opacity":"","overlay-gradient":""},"mobile":{"background-color":"var(--ast-global-color-5)","background-image":"","background-repeat":"repeat","background-position":"center center","background-size":"auto","background-attachment":"scroll","background-type":"","background-media":"","overlay-type":"","overlay-color":"","overlay-opacity":"","overlay-gradient":""}},"footnotes":""},"categories":[8,105,3,29],"tags":[479,351,40],"class_list":["post-7498","post","type-post","status-publish","format-standard","has-post-thumbnail","hentry","category-batxillerat","category-cfgm-jar","category-eso","category-portada","tag-diada-de-sant-jordi","tag-festes","tag-teatre"],"post_mailing_queue_ids":[],"_links":{"self":[{"href":"https:\/\/agora.xtec.cat\/iessalvadorespriu-salt\/wp-json\/wp\/v2\/posts\/7498","targetHints":{"allow":["GET"]}}],"collection":[{"href":"https:\/\/agora.xtec.cat\/iessalvadorespriu-salt\/wp-json\/wp\/v2\/posts"}],"about":[{"href":"https:\/\/agora.xtec.cat\/iessalvadorespriu-salt\/wp-json\/wp\/v2\/types\/post"}],"author":[{"embeddable":true,"href":"https:\/\/agora.xtec.cat\/iessalvadorespriu-salt\/wp-json\/wp\/v2\/users\/12"}],"replies":[{"embeddable":true,"href":"https:\/\/agora.xtec.cat\/iessalvadorespriu-salt\/wp-json\/wp\/v2\/comments?post=7498"}],"version-history":[{"count":5,"href":"https:\/\/agora.xtec.cat\/iessalvadorespriu-salt\/wp-json\/wp\/v2\/posts\/7498\/revisions"}],"predecessor-version":[{"id":7511,"href":"https:\/\/agora.xtec.cat\/iessalvadorespriu-salt\/wp-json\/wp\/v2\/posts\/7498\/revisions\/7511"}],"wp:featuredmedia":[{"embeddable":true,"href":"https:\/\/agora.xtec.cat\/iessalvadorespriu-salt\/wp-json\/wp\/v2\/media\/7501"}],"wp:attachment":[{"href":"https:\/\/agora.xtec.cat\/iessalvadorespriu-salt\/wp-json\/wp\/v2\/media?parent=7498"}],"wp:term":[{"taxonomy":"category","embeddable":true,"href":"https:\/\/agora.xtec.cat\/iessalvadorespriu-salt\/wp-json\/wp\/v2\/categories?post=7498"},{"taxonomy":"post_tag","embeddable":true,"href":"https:\/\/agora.xtec.cat\/iessalvadorespriu-salt\/wp-json\/wp\/v2\/tags?post=7498"}],"curies":[{"name":"wp","href":"https:\/\/api.w.org\/{rel}","templated":true}]}}