{"id":7474,"date":"2026-04-21T17:10:48","date_gmt":"2026-04-21T15:10:48","guid":{"rendered":"https:\/\/agora.xtec.cat\/iessalvadorespriu-salt\/?p=7474"},"modified":"2026-04-21T17:11:25","modified_gmt":"2026-04-21T15:11:25","slug":"una-setmana-daprenentatge-i-orientacio-lalumnat-de-smx2-eso4-i-pfi-a-lexpojove-de-girona","status":"publish","type":"post","link":"https:\/\/agora.xtec.cat\/iessalvadorespriu-salt\/eso\/eso-4\/una-setmana-daprenentatge-i-orientacio-lalumnat-de-smx2-eso4-i-pfi-a-lexpojove-de-girona\/","title":{"rendered":"Una setmana d\u2019aprenentatge i orientaci\u00f3: l\u2019alumnat de SMX2, ESO4 i PFI a l\u2019ExpoJove de Girona"},"content":{"rendered":"<p data-start=\"222\" data-end=\"517\">L\u2019alumnat de segon del Cicle Formatiu de Sistemes Microinform\u00e0tics i Xarxes (SMX2), de quart d&#8217;ESO i del PFI van visitar l\u2019<strong>ExpoJove de Girona<\/strong>, una fira de refer\u00e8ncia a la comarca que ofereix una \u00e0mplia visi\u00f3 de les oportunitats formatives i professionals del territori.<\/p>\n<p data-start=\"519\" data-end=\"886\">El dijous 16 d&#8217;abril els i les alumnes van tenir l\u2019oportunitat de <strong>con\u00e8ixer<\/strong> de primera m\u00e0 la <strong>diversitat d\u2019estudis disponibles a la comarca de Girona,<\/strong> aix\u00ed com<strong> informar-se sobre diferents itineraris acad\u00e8mics i professionals<\/strong>. Aquesta experi\u00e8ncia els ha perm\u00e8s reflexionar sobre el seu futur immediat i orientar-se de cara a la continu\u00eftat dels estudis el proper curs.<\/p>\n<p data-start=\"519\" data-end=\"886\"><a href=\"https:\/\/agora.xtec.cat\/iessalvadorespriu-salt\/wp-content\/uploads\/usu2103\/2026\/04\/SMX_EXPO_imatge1.jpg\"><img loading=\"lazy\" decoding=\"async\" class=\"wp-image-7479 alignright\" src=\"https:\/\/agora.xtec.cat\/iessalvadorespriu-salt\/wp-content\/uploads\/usu2103\/2026\/04\/SMX_EXPO_imatge1-1024x771.jpg\" alt=\"\" width=\"330\" height=\"248\" srcset=\"https:\/\/agora.xtec.cat\/iessalvadorespriu-salt\/wp-content\/uploads\/usu2103\/2026\/04\/SMX_EXPO_imatge1-1024x771.jpg 1024w, https:\/\/agora.xtec.cat\/iessalvadorespriu-salt\/wp-content\/uploads\/usu2103\/2026\/04\/SMX_EXPO_imatge1-300x226.jpg 300w, https:\/\/agora.xtec.cat\/iessalvadorespriu-salt\/wp-content\/uploads\/usu2103\/2026\/04\/SMX_EXPO_imatge1-768x578.jpg 768w, https:\/\/agora.xtec.cat\/iessalvadorespriu-salt\/wp-content\/uploads\/usu2103\/2026\/04\/SMX_EXPO_imatge1-1536x1156.jpg 1536w, https:\/\/agora.xtec.cat\/iessalvadorespriu-salt\/wp-content\/uploads\/usu2103\/2026\/04\/SMX_EXPO_imatge1-200x150.jpg 200w, https:\/\/agora.xtec.cat\/iessalvadorespriu-salt\/wp-content\/uploads\/usu2103\/2026\/04\/SMX_EXPO_imatge1.jpg 1600w\" sizes=\"auto, (max-width: 330px) 100vw, 330px\" \/><\/a><\/p>\n<p data-start=\"888\" data-end=\"1292\">Cal destacar que, al llarg dels tres dies que va durar la fira, alguns <strong>alumnes<\/strong> del cicle <strong>de SMX<\/strong> van col\u00b7laborar activament en les<strong> tasques d\u2019informaci\u00f3 dels estands de la fam\u00edlia professional d\u2019Inform\u00e0tica i Comunicacions<\/strong>. Aquesta participaci\u00f3 els ha brindat l\u2019oportunitat de posar en pr\u00e0ctica les habilitats comunicatives i t\u00e8cniques, a m\u00e9s de compartir-ne l&#8217;experi\u00e8ncia amb altres joves interessats en aquest \u00e0mbit. La implicaci\u00f3 de l\u2019alumnat en aquesta iniciativa ha estat molt positiva, tant des del punt de vista formatiu com personal, per <strong>fomentar valors com la responsabilitat, el treball en equip i la iniciativa<\/strong>.<\/p>\n<p data-start=\"1496\" data-end=\"1794\">En definitiva, ha estat una setmana molt enriquidora per a tots ells i elles, que sens dubte contribuir\u00e0 al seu <strong>creixement acad\u00e8mic i professional<\/strong>. Des del centre, valorem molt positivament aquest tipus d\u2019activitats, que <strong>connecten<\/strong> l\u2019aprenentatge a l\u2019aula amb la realitat del <strong>m\u00f3n educatiu i labora<\/strong>l.<\/p>\n","protected":false},"excerpt":{"rendered":"<p>L\u2019alumnat de segon del Cicle Formatiu de Sistemes Microinform\u00e0tics i Xarxes (SMX2), de quart d&#8217;ESO i del PFI van visitar l\u2019ExpoJove de Girona, una fira de refer\u00e8ncia a la comarca que ofereix una \u00e0mplia visi\u00f3 de les oportunitats formatives i professionals del territori.<br \/>\nEl dijous 16&hellip;  <a href=\"https:\/\/agora.xtec.cat\/iessalvadorespriu-salt\/eso\/eso-4\/una-setmana-daprenentatge-i-orientacio-lalumnat-de-smx2-eso4-i-pfi-a-lexpojove-de-girona\/\" title=\"Read Una setmana d\u2019aprenentatge i orientaci\u00f3: l\u2019alumnat de SMX2, ESO4 i PFI a l\u2019ExpoJove de Girona\">Llegeix m\u00e9s\u00bb<\/a><\/p>\n","protected":false},"author":12,"featured_media":7480,"comment_status":"closed","ping_status":"open","sticky":false,"template":"","format":"standard","meta":{"_bbp_topic_count":0,"_bbp_reply_count":0,"_bbp_total_topic_count":0,"_bbp_total_reply_count":0,"_bbp_voice_count":0,"_bbp_anonymous_reply_count":0,"_bbp_topic_count_hidden":0,"_bbp_reply_count_hidden":0,"_bbp_forum_subforum_count":0,"footnotes":""},"categories":[104,7,29,107],"tags":[478,476,355,477],"class_list":["post-7474","post","type-post","status-publish","format-standard","has-post-thumbnail","hentry","category-cfgm-smx","category-eso-4","category-portada","category-pfi-ptt","tag-ensenyament","tag-fires","tag-orientacio","tag-professions"],"post_mailing_queue_ids":[],"_links":{"self":[{"href":"https:\/\/agora.xtec.cat\/iessalvadorespriu-salt\/wp-json\/wp\/v2\/posts\/7474","targetHints":{"allow":["GET"]}}],"collection":[{"href":"https:\/\/agora.xtec.cat\/iessalvadorespriu-salt\/wp-json\/wp\/v2\/posts"}],"about":[{"href":"https:\/\/agora.xtec.cat\/iessalvadorespriu-salt\/wp-json\/wp\/v2\/types\/post"}],"author":[{"embeddable":true,"href":"https:\/\/agora.xtec.cat\/iessalvadorespriu-salt\/wp-json\/wp\/v2\/users\/12"}],"replies":[{"embeddable":true,"href":"https:\/\/agora.xtec.cat\/iessalvadorespriu-salt\/wp-json\/wp\/v2\/comments?post=7474"}],"version-history":[{"count":5,"href":"https:\/\/agora.xtec.cat\/iessalvadorespriu-salt\/wp-json\/wp\/v2\/posts\/7474\/revisions"}],"predecessor-version":[{"id":7484,"href":"https:\/\/agora.xtec.cat\/iessalvadorespriu-salt\/wp-json\/wp\/v2\/posts\/7474\/revisions\/7484"}],"wp:featuredmedia":[{"embeddable":true,"href":"https:\/\/agora.xtec.cat\/iessalvadorespriu-salt\/wp-json\/wp\/v2\/media\/7480"}],"wp:attachment":[{"href":"https:\/\/agora.xtec.cat\/iessalvadorespriu-salt\/wp-json\/wp\/v2\/media?parent=7474"}],"wp:term":[{"taxonomy":"category","embeddable":true,"href":"https:\/\/agora.xtec.cat\/iessalvadorespriu-salt\/wp-json\/wp\/v2\/categories?post=7474"},{"taxonomy":"post_tag","embeddable":true,"href":"https:\/\/agora.xtec.cat\/iessalvadorespriu-salt\/wp-json\/wp\/v2\/tags?post=7474"}],"curies":[{"name":"wp","href":"https:\/\/api.w.org\/{rel}","templated":true}]}}