{"id":7441,"date":"2026-04-09T09:15:11","date_gmt":"2026-04-09T07:15:11","guid":{"rendered":"https:\/\/agora.xtec.cat\/iessalvadorespriu-salt\/?p=7441"},"modified":"2026-04-09T16:36:20","modified_gmt":"2026-04-09T14:36:20","slug":"energia-en-moviment-visita-a-les-centrals-hidroelectriques-de-llanars-i-tregura","status":"publish","type":"post","link":"https:\/\/agora.xtec.cat\/iessalvadorespriu-salt\/batxillerat\/energia-en-moviment-visita-a-les-centrals-hidroelectriques-de-llanars-i-tregura\/","title":{"rendered":"Energia en moviment: Visita a les centrals hidroel\u00e8ctriques de Llanars i Tregur\u00e0"},"content":{"rendered":"<p data-start=\"193\" data-end=\"578\">El passat 25 de mar\u00e7, un grup de 21 alumnes de 1r i 2n de Batxillerat de l\u2019optativa de Tecnologia Industrial va realitzar una sortida t\u00e8cnica a la Vall de Camprodon per visitar les centrals hidroel\u00e8ctriques de Tregur\u00e0 i Llanars. Durant tota la jornada, els estudiants van poder con\u00e8ixer de primera m\u00e0 l\u2019enginyeria que hi ha darrere de la generaci\u00f3 d\u2019energia neta.<\/p>\n<p data-start=\"580\" data-end=\"902\">La visita va comen\u00e7ar amb una explicaci\u00f3 sobre el naixement dels rius que abasteixen les centrals i el sistema de captaci\u00f3. Els alumnes van analitzar elements clau com la cambra de c\u00e0rrega i la canonada for\u00e7ada, el conducte que aprofita el desnivell per portar l\u2019aigua amb la pressi\u00f3 \u00f2ptima fins a la base de la central.<\/p>\n<p data-start=\"580\" data-end=\"902\"><a href=\"https:\/\/agora.xtec.cat\/iessalvadorespriu-salt\/wp-content\/uploads\/usu2103\/2026\/04\/hidro_2-e1775575603564.jpeg\"><img loading=\"lazy\" decoding=\"async\" class=\"wp-image-7444 alignright\" src=\"https:\/\/agora.xtec.cat\/iessalvadorespriu-salt\/wp-content\/uploads\/usu2103\/2026\/04\/hidro_2-e1775575603564-1024x503.jpeg\" alt=\"\" width=\"584\" height=\"287\" srcset=\"https:\/\/agora.xtec.cat\/iessalvadorespriu-salt\/wp-content\/uploads\/usu2103\/2026\/04\/hidro_2-e1775575603564-1024x503.jpeg 1024w, https:\/\/agora.xtec.cat\/iessalvadorespriu-salt\/wp-content\/uploads\/usu2103\/2026\/04\/hidro_2-e1775575603564-300x147.jpeg 300w, https:\/\/agora.xtec.cat\/iessalvadorespriu-salt\/wp-content\/uploads\/usu2103\/2026\/04\/hidro_2-e1775575603564-768x378.jpeg 768w, https:\/\/agora.xtec.cat\/iessalvadorespriu-salt\/wp-content\/uploads\/usu2103\/2026\/04\/hidro_2-e1775575603564.jpeg 1485w\" sizes=\"auto, (max-width: 584px) 100vw, 584px\" \/><\/a><\/p>\n<p data-start=\"904\" data-end=\"1219\">Un cop a l\u2019interior de les instal\u00b7lacions, es va detallar el funcionament dels principals components electromec\u00e0nics: turbines, alternadors (generadors) i l\u2019evoluci\u00f3 dels sistemes de control fins a l\u2019actual telecontrol informatitzat, que permet gestionar la central a dist\u00e0ncia i detectar anomalies en temps real.<\/p>\n<p data-start=\"1221\" data-end=\"1589\">Un dels punts clau de l\u2019explicaci\u00f3 va ser la gesti\u00f3 de l\u2019energia produ\u00efda. Es va explicar com els alternadors de Llanars generen electricitat a una tensi\u00f3 de 500 V, que posteriorment s\u2019eleva mitjan\u00e7ant transformadors fins als 25 kV. Aquesta alta tensi\u00f3 permet transportar l\u2019energia de manera eficient a trav\u00e9s de la l\u00ednia el\u00e8ctrica fins a l\u2019estaci\u00f3 receptora d\u2019Olot.<\/p>\n<p data-start=\"1591\" data-end=\"1831\">Aquesta jornada ha estat una oportunitat magn\u00edfica perqu\u00e8 els alumnes de l\u2019optativa de Tecnologia Industrial vegin aplicats, de manera real i tangible, els conceptes d\u2019electromagnetisme, hidr\u00e0ulica i sistemes de control treballats a l\u2019aula.<\/p>\n<p>&nbsp;<\/p>\n","protected":false},"excerpt":{"rendered":"<p>El passat 25 de mar\u00e7, un grup de 21 alumnes de 1r i 2n de Batxillerat de l\u2019optativa de Tecnologia Industrial va realitzar una sortida t\u00e8cnica a la Vall de Camprodon per visitar les centrals hidroel\u00e8ctriques de Tregur\u00e0 i Llanars. Durant tota la jornada, els&hellip;  <a href=\"https:\/\/agora.xtec.cat\/iessalvadorespriu-salt\/batxillerat\/energia-en-moviment-visita-a-les-centrals-hidroelectriques-de-llanars-i-tregura\/\" title=\"Read Energia en moviment: Visita a les centrals hidroel\u00e8ctriques de Llanars i Tregur\u00e0\">Llegeix m\u00e9s\u00bb<\/a><\/p>\n","protected":false},"author":12,"featured_media":7443,"comment_status":"closed","ping_status":"open","sticky":false,"template":"","format":"standard","meta":{"_bbp_topic_count":0,"_bbp_reply_count":0,"_bbp_total_topic_count":0,"_bbp_total_reply_count":0,"_bbp_voice_count":0,"_bbp_anonymous_reply_count":0,"_bbp_topic_count_hidden":0,"_bbp_reply_count_hidden":0,"_bbp_forum_subforum_count":0,"footnotes":""},"categories":[8,29],"tags":[474,475,251],"class_list":["post-7441","post","type-post","status-publish","format-standard","has-post-thumbnail","hentry","category-batxillerat","category-portada","tag-energia-hidraulica","tag-enginyeria-industrial","tag-tecnologia"],"post_mailing_queue_ids":[],"_links":{"self":[{"href":"https:\/\/agora.xtec.cat\/iessalvadorespriu-salt\/wp-json\/wp\/v2\/posts\/7441","targetHints":{"allow":["GET"]}}],"collection":[{"href":"https:\/\/agora.xtec.cat\/iessalvadorespriu-salt\/wp-json\/wp\/v2\/posts"}],"about":[{"href":"https:\/\/agora.xtec.cat\/iessalvadorespriu-salt\/wp-json\/wp\/v2\/types\/post"}],"author":[{"embeddable":true,"href":"https:\/\/agora.xtec.cat\/iessalvadorespriu-salt\/wp-json\/wp\/v2\/users\/12"}],"replies":[{"embeddable":true,"href":"https:\/\/agora.xtec.cat\/iessalvadorespriu-salt\/wp-json\/wp\/v2\/comments?post=7441"}],"version-history":[{"count":4,"href":"https:\/\/agora.xtec.cat\/iessalvadorespriu-salt\/wp-json\/wp\/v2\/posts\/7441\/revisions"}],"predecessor-version":[{"id":7448,"href":"https:\/\/agora.xtec.cat\/iessalvadorespriu-salt\/wp-json\/wp\/v2\/posts\/7441\/revisions\/7448"}],"wp:featuredmedia":[{"embeddable":true,"href":"https:\/\/agora.xtec.cat\/iessalvadorespriu-salt\/wp-json\/wp\/v2\/media\/7443"}],"wp:attachment":[{"href":"https:\/\/agora.xtec.cat\/iessalvadorespriu-salt\/wp-json\/wp\/v2\/media?parent=7441"}],"wp:term":[{"taxonomy":"category","embeddable":true,"href":"https:\/\/agora.xtec.cat\/iessalvadorespriu-salt\/wp-json\/wp\/v2\/categories?post=7441"},{"taxonomy":"post_tag","embeddable":true,"href":"https:\/\/agora.xtec.cat\/iessalvadorespriu-salt\/wp-json\/wp\/v2\/tags?post=7441"}],"curies":[{"name":"wp","href":"https:\/\/api.w.org\/{rel}","templated":true}]}}