{"id":7437,"date":"2026-04-08T09:15:04","date_gmt":"2026-04-08T07:15:04","guid":{"rendered":"https:\/\/agora.xtec.cat\/iessalvadorespriu-salt\/?p=7437"},"modified":"2026-04-21T19:37:58","modified_gmt":"2026-04-21T17:37:58","slug":"construim-europa-des-de-les-aules-trobada-a-vic-de-tres-escoles-ambaixadores-del-parlament-europeu-epas","status":"publish","type":"post","link":"https:\/\/agora.xtec.cat\/iessalvadorespriu-salt\/eso\/eso-4\/construim-europa-des-de-les-aules-trobada-a-vic-de-tres-escoles-ambaixadores-del-parlament-europeu-epas\/","title":{"rendered":"Constru\u00efm Europa des de les aules: trobada a Vic de tres &#8220;Escoles Ambaixadores del Parlament europeu&#8221; (EPAS)"},"content":{"rendered":"<p data-start=\"142\" data-end=\"499\">El passat 23 de mar\u00e7 de 2026, l\u2019Institut de Vic va acollir una <strong>trobada intercentres d\u2019alumnes ambaixadors j\u00fanior del Parlament Europeu<\/strong> (projecte EPAS), amb la participaci\u00f3 dels instituts Vicens Vives (Girona), Salvador Espriu (Salt) i el mateix Institut de Vic. La jornada va servir per <strong>refor\u00e7ar el comprom\u00eds amb els valors europeus<\/strong> des de l\u2019\u00e0mbit educatiu.<\/p>\n<p data-start=\"501\" data-end=\"838\">L\u2019activitat, organitzada pel centre amfitri\u00f3, va comen\u00e7ar amb una salutaci\u00f3 institucional, seguida d\u2019una din\u00e0mica de coneixen\u00e7a (<em>icebreaking<\/em>) i una proposta formativa sota el t\u00edtol \u201c<strong>Europa: des d\u2019aquells pares fundadors fins a vosaltres, els ambaixadors j\u00fanior<\/strong>\u201d, orientada a aprofundir en la <strong>construcci\u00f3 i el sentit del projecte europeu<\/strong>.<\/p>\n<p data-start=\"501\" data-end=\"838\"><a href=\"https:\/\/agora.xtec.cat\/iessalvadorespriu-salt\/wp-content\/uploads\/usu2103\/2026\/04\/Institut-de-Vic-EPAS.jpeg\"><img loading=\"lazy\" decoding=\"async\" class=\"wp-image-7438 aligncenter\" src=\"https:\/\/agora.xtec.cat\/iessalvadorespriu-salt\/wp-content\/uploads\/usu2103\/2026\/04\/Institut-de-Vic-EPAS-1024x356.jpeg\" alt=\"\" width=\"647\" height=\"225\" srcset=\"https:\/\/agora.xtec.cat\/iessalvadorespriu-salt\/wp-content\/uploads\/usu2103\/2026\/04\/Institut-de-Vic-EPAS-1024x356.jpeg 1024w, https:\/\/agora.xtec.cat\/iessalvadorespriu-salt\/wp-content\/uploads\/usu2103\/2026\/04\/Institut-de-Vic-EPAS-300x104.jpeg 300w, https:\/\/agora.xtec.cat\/iessalvadorespriu-salt\/wp-content\/uploads\/usu2103\/2026\/04\/Institut-de-Vic-EPAS-768x267.jpeg 768w, https:\/\/agora.xtec.cat\/iessalvadorespriu-salt\/wp-content\/uploads\/usu2103\/2026\/04\/Institut-de-Vic-EPAS.jpeg 1414w\" sizes=\"auto, (max-width: 647px) 100vw, 647px\" \/><\/a><\/p>\n<p data-start=\"840\" data-end=\"1095\">Despr\u00e9s d\u2019una pausa per esmorzar, l\u2019alumnat va participar en sessions simult\u00e0nies per observar diferents maneres d\u2019ensenyar Europa als centres educatius. La jornada es va cloure amb una visita guiada a l\u2019institut, que va resultar especialment inspiradora.<\/p>\n<p data-start=\"1097\" data-end=\"1320\">Aquest tipus de trobades reforcen la <strong>cooperaci\u00f3 entre centres<\/strong> i tenen vocaci\u00f3 de continu\u00eftat dins del <strong>projecte Escoles Ambaixadores del Parlament Europeu<\/strong>, del qual l&#8217;<strong>Espriu<\/strong> en forma part enguany com a <strong>Escola Mentora<\/strong>.<\/p>\n<p data-start=\"1097\" data-end=\"1320\"><strong>Documents<\/strong> de la Jornada:<\/p>\n<ul>\n<li style=\"list-style-type: none;\">\n<ul>\n<li data-start=\"1097\" data-end=\"1320\"><a href=\"https:\/\/drive.google.com\/file\/d\/1Em7f1vWBrM6xcIXVq6r4L-Eb2P4RCR3l\/view?usp=drive_link\" target=\"_blank\" rel=\"noopener\">Presentaci\u00f3<\/a> inicial<\/li>\n<li data-start=\"1097\" data-end=\"1320\"><a href=\"https:\/\/drive.google.com\/file\/d\/1np3Ix9DKtKLKPpXACYSvcJX51gEmCA36\/view?usp=drive_link\" target=\"_blank\" rel=\"noopener\">Pon\u00e8ncia<\/a> central<\/li>\n<li data-start=\"1097\" data-end=\"1320\">Exemple de <a href=\"https:\/\/drive.google.com\/file\/d\/1vSbbbzYXD-Jnjm1py2-r95ewWTY6cLWj\/view?usp=drive_link\" target=\"_blank\" rel=\"noopener\">classe sobre Europa de l&#8217;Institut de Vic<\/a><\/li>\n<li data-start=\"1097\" data-end=\"1320\">Exemple de <a href=\"https:\/\/drive.google.com\/file\/d\/1s655dF7z9KDoOiu8CyaD5JNhuM3oYHAd\/view?usp=drive_link\" target=\"_blank\" rel=\"noopener\">classe sobre Europa de l&#8217;Institut Vicens Vives<\/a> (Girona)<\/li>\n<li data-start=\"1097\" data-end=\"1320\">Exemple de <a href=\"https:\/\/drive.google.com\/file\/d\/1-JrVkdXnv_g6rsz33MQXQlnSEGkVY6VX\/view?usp=drive_link\" target=\"_blank\" rel=\"noopener\">classe sobre Europa de l&#8217;Institut Salvador Espriu<\/a> (Salt)<\/li>\n<\/ul>\n<\/li>\n<\/ul>\n<p><strong>Informaci\u00f3<\/strong> sobre la <a href=\"https:\/\/barcelona.europarl.europa.eu\/ca\/events\/epas-europe-day-2026\" target=\"_blank\" rel=\"noopener\">celebraci\u00f3 de l&#8217;Europe Day 2026<\/a> (a Barcelona)<\/p>\n","protected":false},"excerpt":{"rendered":"<p>El passat 23 de mar\u00e7 de 2026, l\u2019Institut de Vic va acollir una trobada intercentres d\u2019alumnes ambaixadors j\u00fanior del Parlament Europeu (projecte EPAS), amb la participaci\u00f3 dels instituts Vicens Vives (Girona), Salvador Espriu (Salt) i el mateix Institut de Vic. La jornada va servir per&hellip;  <a href=\"https:\/\/agora.xtec.cat\/iessalvadorespriu-salt\/eso\/eso-4\/construim-europa-des-de-les-aules-trobada-a-vic-de-tres-escoles-ambaixadores-del-parlament-europeu-epas\/\" title=\"Read Constru\u00efm Europa des de les aules: trobada a Vic de tres &#8220;Escoles Ambaixadores del Parlament europeu&#8221; (EPAS)\">Llegeix m\u00e9s\u00bb<\/a><\/p>\n","protected":false},"author":12,"featured_media":7439,"comment_status":"closed","ping_status":"open","sticky":false,"template":"","format":"standard","meta":{"_bbp_topic_count":0,"_bbp_reply_count":0,"_bbp_total_topic_count":0,"_bbp_total_reply_count":0,"_bbp_voice_count":0,"_bbp_anonymous_reply_count":0,"_bbp_topic_count_hidden":0,"_bbp_reply_count_hidden":0,"_bbp_forum_subforum_count":0,"footnotes":""},"categories":[210,7,29],"tags":[195,354,253],"class_list":["post-7437","post","type-post","status-publish","format-standard","has-post-thumbnail","hentry","category-epas","category-eso-4","category-portada","tag-epas","tag-mepas","tag-parlament-europeu"],"post_mailing_queue_ids":[],"_links":{"self":[{"href":"https:\/\/agora.xtec.cat\/iessalvadorespriu-salt\/wp-json\/wp\/v2\/posts\/7437","targetHints":{"allow":["GET"]}}],"collection":[{"href":"https:\/\/agora.xtec.cat\/iessalvadorespriu-salt\/wp-json\/wp\/v2\/posts"}],"about":[{"href":"https:\/\/agora.xtec.cat\/iessalvadorespriu-salt\/wp-json\/wp\/v2\/types\/post"}],"author":[{"embeddable":true,"href":"https:\/\/agora.xtec.cat\/iessalvadorespriu-salt\/wp-json\/wp\/v2\/users\/12"}],"replies":[{"embeddable":true,"href":"https:\/\/agora.xtec.cat\/iessalvadorespriu-salt\/wp-json\/wp\/v2\/comments?post=7437"}],"version-history":[{"count":3,"href":"https:\/\/agora.xtec.cat\/iessalvadorespriu-salt\/wp-json\/wp\/v2\/posts\/7437\/revisions"}],"predecessor-version":[{"id":7491,"href":"https:\/\/agora.xtec.cat\/iessalvadorespriu-salt\/wp-json\/wp\/v2\/posts\/7437\/revisions\/7491"}],"wp:featuredmedia":[{"embeddable":true,"href":"https:\/\/agora.xtec.cat\/iessalvadorespriu-salt\/wp-json\/wp\/v2\/media\/7439"}],"wp:attachment":[{"href":"https:\/\/agora.xtec.cat\/iessalvadorespriu-salt\/wp-json\/wp\/v2\/media?parent=7437"}],"wp:term":[{"taxonomy":"category","embeddable":true,"href":"https:\/\/agora.xtec.cat\/iessalvadorespriu-salt\/wp-json\/wp\/v2\/categories?post=7437"},{"taxonomy":"post_tag","embeddable":true,"href":"https:\/\/agora.xtec.cat\/iessalvadorespriu-salt\/wp-json\/wp\/v2\/tags?post=7437"}],"curies":[{"name":"wp","href":"https:\/\/api.w.org\/{rel}","templated":true}]}}