{"id":7329,"date":"2026-03-03T09:30:26","date_gmt":"2026-03-03T08:30:26","guid":{"rendered":"https:\/\/agora.xtec.cat\/iessalvadorespriu-salt\/?p=7329"},"modified":"2026-03-02T18:17:38","modified_gmt":"2026-03-02T17:17:38","slug":"participem-en-la-jornada-faiglab-a-linstitut-de-celra","status":"publish","type":"post","link":"https:\/\/agora.xtec.cat\/iessalvadorespriu-salt\/eso\/participem-en-la-jornada-faiglab-a-linstitut-de-celra\/","title":{"rendered":"Participem en la jornada Faiglab a l&#8217;Institut de Celr\u00e0"},"content":{"rendered":"<p>El passat divendres 20 de febrer, l\u2019Institut de Celr\u00e0 va acollir la Jornada FaigLab de Girona. Organitzada pel programa FAIG i el CESIRE, la trobada va reunir docents dels equips motors de diversos centres amb l&#8217;objectiu de compartir experteses i fer xarxa &#8220;maker&#8221;. Dos docents de l&#8217;Institut Salvador Espriu van participar activament en aquesta formaci\u00f3.<\/p>\n<p><a href=\"https:\/\/agora.xtec.cat\/iessalvadorespriu-salt\/wp-content\/uploads\/usu2103\/2026\/03\/Lab_2-e1772447205716.jpeg\"><img loading=\"lazy\" decoding=\"async\" class=\"wp-image-7331 alignright\" src=\"https:\/\/agora.xtec.cat\/iessalvadorespriu-salt\/wp-content\/uploads\/usu2103\/2026\/03\/Lab_2-e1772447205716-1024x627.jpeg\" alt=\"\" width=\"388\" height=\"238\" srcset=\"https:\/\/agora.xtec.cat\/iessalvadorespriu-salt\/wp-content\/uploads\/usu2103\/2026\/03\/Lab_2-e1772447205716-1024x627.jpeg 1024w, https:\/\/agora.xtec.cat\/iessalvadorespriu-salt\/wp-content\/uploads\/usu2103\/2026\/03\/Lab_2-e1772447205716-300x184.jpeg 300w, https:\/\/agora.xtec.cat\/iessalvadorespriu-salt\/wp-content\/uploads\/usu2103\/2026\/03\/Lab_2-e1772447205716-768x471.jpeg 768w, https:\/\/agora.xtec.cat\/iessalvadorespriu-salt\/wp-content\/uploads\/usu2103\/2026\/03\/Lab_2-e1772447205716-1536x941.jpeg 1536w, https:\/\/agora.xtec.cat\/iessalvadorespriu-salt\/wp-content\/uploads\/usu2103\/2026\/03\/Lab_2-e1772447205716.jpeg 1580w\" sizes=\"auto, (max-width: 388px) 100vw, 388px\" \/><\/a><br \/>\nDurant el mat\u00ed, de 9 a 14 h, els assistents van realitzar rotacions pr\u00e0ctiques per tres estacions de treball: brodadora, pl\u00f2ter de tall i impressora 3D. La jornada va destacar pel seu car\u00e0cter col\u00b7laboratiu, ja que els centres van aportar la pr\u00f2pia maquin\u00e0ria i materials per garantir una experi\u00e8ncia d&#8217;aprenentatge real i compartida.<\/p>\n<p>A m\u00e9s de les pr\u00e0ctiques t\u00e8cniques, es van intercanviar prototips, proves fallides i solucions a problemes comuns, per fomentar l&#8217;aprenentatge col\u00b7lectiu entre els centres FAIG de la zona. La sessi\u00f3 va cloure amb una reflexi\u00f3 sobre la continu\u00eftat d&#8217;aquestes iniciatives i el lliurament d&#8217;una certificaci\u00f3 de 5 hores per al professorat participant.<\/p>\n","protected":false},"excerpt":{"rendered":"<p>El passat divendres 20 de febrer, l\u2019Institut de Celr\u00e0 va acollir la Jornada FaigLab de Girona. Organitzada pel programa FAIG i el CESIRE, la trobada va reunir docents dels equips motors de diversos centres amb l&#8217;objectiu de compartir experteses i fer xarxa &#8220;maker&#8221;. Dos docents de l&#8217;Institut Salvador Espriu van participar activament en aquesta formaci\u00f3. [&hellip;]<\/p>\n","protected":false},"author":12,"featured_media":7330,"comment_status":"closed","ping_status":"open","sticky":false,"template":"","format":"standard","meta":{"_bbp_topic_count":0,"_bbp_reply_count":0,"_bbp_total_topic_count":0,"_bbp_total_reply_count":0,"_bbp_voice_count":0,"_bbp_anonymous_reply_count":0,"_bbp_topic_count_hidden":0,"_bbp_reply_count_hidden":0,"_bbp_forum_subforum_count":0,"site-sidebar-layout":"default","site-content-layout":"","ast-site-content-layout":"","site-content-style":"default","site-sidebar-style":"default","ast-global-header-display":"","ast-banner-title-visibility":"","ast-main-header-display":"","ast-hfb-above-header-display":"","ast-hfb-below-header-display":"","ast-hfb-mobile-header-display":"","site-post-title":"","ast-breadcrumbs-content":"","ast-featured-img":"","footer-sml-layout":"","theme-transparent-header-meta":"","adv-header-id-meta":"","stick-header-meta":"","header-above-stick-meta":"","header-main-stick-meta":"","header-below-stick-meta":"","astra-migrate-meta-layouts":"default","ast-page-background-enabled":"default","ast-page-background-meta":{"desktop":{"background-color":"var(--ast-global-color-4)","background-image":"","background-repeat":"repeat","background-position":"center center","background-size":"auto","background-attachment":"scroll","background-type":"","background-media":"","overlay-type":"","overlay-color":"","overlay-opacity":"","overlay-gradient":""},"tablet":{"background-color":"","background-image":"","background-repeat":"repeat","background-position":"center center","background-size":"auto","background-attachment":"scroll","background-type":"","background-media":"","overlay-type":"","overlay-color":"","overlay-opacity":"","overlay-gradient":""},"mobile":{"background-color":"","background-image":"","background-repeat":"repeat","background-position":"center center","background-size":"auto","background-attachment":"scroll","background-type":"","background-media":"","overlay-type":"","overlay-color":"","overlay-opacity":"","overlay-gradient":""}},"ast-content-background-meta":{"desktop":{"background-color":"var(--ast-global-color-5)","background-image":"","background-repeat":"repeat","background-position":"center center","background-size":"auto","background-attachment":"scroll","background-type":"","background-media":"","overlay-type":"","overlay-color":"","overlay-opacity":"","overlay-gradient":""},"tablet":{"background-color":"var(--ast-global-color-5)","background-image":"","background-repeat":"repeat","background-position":"center center","background-size":"auto","background-attachment":"scroll","background-type":"","background-media":"","overlay-type":"","overlay-color":"","overlay-opacity":"","overlay-gradient":""},"mobile":{"background-color":"var(--ast-global-color-5)","background-image":"","background-repeat":"repeat","background-position":"center center","background-size":"auto","background-attachment":"scroll","background-type":"","background-media":"","overlay-type":"","overlay-color":"","overlay-opacity":"","overlay-gradient":""}},"footnotes":""},"categories":[3,29],"tags":[407,259],"class_list":["post-7329","post","type-post","status-publish","format-standard","has-post-thumbnail","hentry","category-eso","category-portada","tag-faig","tag-projectes"],"post_mailing_queue_ids":[],"_links":{"self":[{"href":"https:\/\/agora.xtec.cat\/iessalvadorespriu-salt\/wp-json\/wp\/v2\/posts\/7329","targetHints":{"allow":["GET"]}}],"collection":[{"href":"https:\/\/agora.xtec.cat\/iessalvadorespriu-salt\/wp-json\/wp\/v2\/posts"}],"about":[{"href":"https:\/\/agora.xtec.cat\/iessalvadorespriu-salt\/wp-json\/wp\/v2\/types\/post"}],"author":[{"embeddable":true,"href":"https:\/\/agora.xtec.cat\/iessalvadorespriu-salt\/wp-json\/wp\/v2\/users\/12"}],"replies":[{"embeddable":true,"href":"https:\/\/agora.xtec.cat\/iessalvadorespriu-salt\/wp-json\/wp\/v2\/comments?post=7329"}],"version-history":[{"count":4,"href":"https:\/\/agora.xtec.cat\/iessalvadorespriu-salt\/wp-json\/wp\/v2\/posts\/7329\/revisions"}],"predecessor-version":[{"id":7339,"href":"https:\/\/agora.xtec.cat\/iessalvadorespriu-salt\/wp-json\/wp\/v2\/posts\/7329\/revisions\/7339"}],"wp:featuredmedia":[{"embeddable":true,"href":"https:\/\/agora.xtec.cat\/iessalvadorespriu-salt\/wp-json\/wp\/v2\/media\/7330"}],"wp:attachment":[{"href":"https:\/\/agora.xtec.cat\/iessalvadorespriu-salt\/wp-json\/wp\/v2\/media?parent=7329"}],"wp:term":[{"taxonomy":"category","embeddable":true,"href":"https:\/\/agora.xtec.cat\/iessalvadorespriu-salt\/wp-json\/wp\/v2\/categories?post=7329"},{"taxonomy":"post_tag","embeddable":true,"href":"https:\/\/agora.xtec.cat\/iessalvadorespriu-salt\/wp-json\/wp\/v2\/tags?post=7329"}],"curies":[{"name":"wp","href":"https:\/\/api.w.org\/{rel}","templated":true}]}}