{"id":7319,"date":"2026-03-02T10:38:32","date_gmt":"2026-03-02T09:38:32","guid":{"rendered":"https:\/\/agora.xtec.cat\/iessalvadorespriu-salt\/?p=7319"},"modified":"2026-03-02T10:38:32","modified_gmt":"2026-03-02T09:38:32","slug":"edtech-bcn26-reimaginar-leducacio-en-lera-de-la-ia","status":"publish","type":"post","link":"https:\/\/agora.xtec.cat\/iessalvadorespriu-salt\/general\/edtech-bcn26-reimaginar-leducacio-en-lera-de-la-ia\/","title":{"rendered":"EdTech Bcn&#8217;26: Reimaginar l&#8217;educaci\u00f3 en l&#8217;era de la IA"},"content":{"rendered":"<p data-start=\"158\" data-end=\"516\">La docent <strong data-start=\"168\" data-end=\"185\">Laura Serrats<\/strong> va assistir al <strong>congr\u00e9s <span class=\"hover:entity-accent entity-underline inline cursor-pointer align-baseline\"><span class=\"whitespace-normal\">EdTECh BCN\u201926<\/span><\/span><\/strong>, una trobada europea de l\u00edders educatius, experts en tecnologia i institucions amb el prop\u00f2sit de transformar l\u2019aprenentatge. En aquesta edici\u00f3, el congr\u00e9s es va dur a terme sota el lema <strong><em data-start=\"438\" data-end=\"515\">Reimaginar l\u2019educaci\u00f3 i la formaci\u00f3 a l\u2019era de la intel\u00b7lig\u00e8ncia artificial<\/em>.<\/strong><\/p>\n<p data-start=\"158\" data-end=\"516\"><a href=\"https:\/\/agora.xtec.cat\/iessalvadorespriu-salt\/wp-content\/uploads\/usu2103\/2026\/03\/congres-e1772444276875.jpeg\"><img loading=\"lazy\" decoding=\"async\" class=\"wp-image-7322  alignleft\" src=\"https:\/\/agora.xtec.cat\/iessalvadorespriu-salt\/wp-content\/uploads\/usu2103\/2026\/03\/congres-e1772444276875-1024x578.jpeg\" alt=\"\" width=\"287\" height=\"162\" srcset=\"https:\/\/agora.xtec.cat\/iessalvadorespriu-salt\/wp-content\/uploads\/usu2103\/2026\/03\/congres-e1772444276875-1024x578.jpeg 1024w, https:\/\/agora.xtec.cat\/iessalvadorespriu-salt\/wp-content\/uploads\/usu2103\/2026\/03\/congres-e1772444276875-300x169.jpeg 300w, https:\/\/agora.xtec.cat\/iessalvadorespriu-salt\/wp-content\/uploads\/usu2103\/2026\/03\/congres-e1772444276875-768x434.jpeg 768w, https:\/\/agora.xtec.cat\/iessalvadorespriu-salt\/wp-content\/uploads\/usu2103\/2026\/03\/congres-e1772444276875-1536x867.jpeg 1536w, https:\/\/agora.xtec.cat\/iessalvadorespriu-salt\/wp-content\/uploads\/usu2103\/2026\/03\/congres-e1772444276875.jpeg 1638w\" sizes=\"auto, (max-width: 287px) 100vw, 287px\" \/><\/a><\/p>\n<p data-start=\"518\" data-end=\"727\">Les diferents pon\u00e8ncies i tallers van posar de manifest que la IA ja forma part del dia a dia de les aules i que el repte actual \u00e9s aprendre a integrar-la de manera responsable i pedag\u00f2gica en un entorn segur.<\/p>\n<p data-start=\"729\" data-end=\"1021\">L\u2019antrop\u00f2leg <strong><span class=\"hover:entity-accent entity-underline inline cursor-pointer align-baseline\"><span class=\"whitespace-normal\">Ignacio Mart\u00ednez<\/span><\/span><\/strong> va destacar que<strong> la tecnologia \u00e9s inherentment humana<\/strong> i que ens ha portat fins al moment evolutiu actual. Segons ell, els humans canviem el m\u00f3n, inventem i creem no tant per adaptaci\u00f3, sin\u00f3 per la capacitat d\u2019imaginar \u201cfuturs\u201d i escollir-los.<\/p>\n<p data-start=\"1023\" data-end=\"1395\">El responsable de comunicaci\u00f3 d\u2019<span class=\"hover:entity-accent entity-underline inline cursor-pointer align-baseline\"><span class=\"whitespace-normal\">Epson Ib\u00e9rica<\/span><\/span>, <strong><span class=\"hover:entity-accent entity-underline inline cursor-pointer align-baseline\"><span class=\"whitespace-normal\">Ra\u00fal Sanahuja<\/span><\/span><\/strong>, va presentar els resultats d\u2019un estudi europeu sobre l\u2019opini\u00f3 del professorat respecte a la tecnologia educativa. Va remarcar que <strong>el docent ha de ser un guia present i ben preparat per ensenyar a utilitzar la IA a les aules<\/strong> i promoure la cocreaci\u00f3 amb l\u2019alumnat.<\/p>\n<p><a href=\"https:\/\/agora.xtec.cat\/iessalvadorespriu-salt\/wp-content\/uploads\/usu2103\/2026\/03\/presentacio-e1772444185996.jpeg\"><img loading=\"lazy\" decoding=\"async\" class=\"wp-image-7321  alignright\" src=\"https:\/\/agora.xtec.cat\/iessalvadorespriu-salt\/wp-content\/uploads\/usu2103\/2026\/03\/presentacio-e1772444185996-1024x676.jpeg\" alt=\"\" width=\"324\" height=\"214\" srcset=\"https:\/\/agora.xtec.cat\/iessalvadorespriu-salt\/wp-content\/uploads\/usu2103\/2026\/03\/presentacio-e1772444185996-1024x676.jpeg 1024w, https:\/\/agora.xtec.cat\/iessalvadorespriu-salt\/wp-content\/uploads\/usu2103\/2026\/03\/presentacio-e1772444185996-300x198.jpeg 300w, https:\/\/agora.xtec.cat\/iessalvadorespriu-salt\/wp-content\/uploads\/usu2103\/2026\/03\/presentacio-e1772444185996-768x507.jpeg 768w, https:\/\/agora.xtec.cat\/iessalvadorespriu-salt\/wp-content\/uploads\/usu2103\/2026\/03\/presentacio-e1772444185996.jpeg 1206w\" sizes=\"auto, (max-width: 324px) 100vw, 324px\" \/><\/a><\/p>\n<p data-start=\"1397\" data-end=\"1869\">Aix\u00ed mateix,<strong> <span class=\"hover:entity-accent entity-underline inline cursor-pointer align-baseline\"><span class=\"whitespace-normal\">Crist\u00f3bal Cobo<\/span><\/span><\/strong>, expert en pol\u00edtiques d\u2019educaci\u00f3 i tecnologia, va fer una reflexi\u00f3 profunda sobre la situaci\u00f3 actual dels resultats educatius i l\u2019\u00fas de la tecnologia en l\u2019entorn educatiu. Va proposar el concepte de \u201cdieta cognitiva deliberada\u201d, que permet un \u00fas de<strong> la IA orientat a potenciar l\u2019aprenentatge<\/strong>. Aquest es produeix quan la persona dirigeix el proc\u00e9s des del pensament cr\u00edtic i \u00e9s la IA qui assisteix, enriqueix i desafia.<\/p>\n<p data-start=\"1871\" data-end=\"2224\">Tots aquests plantejaments te\u00f2rics es van poder contrastar amb diferents eines i experi\u00e8ncies educatives d\u2019IA presentades a la zona d\u2019expositors, orientades a ajudar l\u2019alumnat i el professorat a <strong>utilitzar aquestes eines amb criteri, esperit cr\u00edtic i creativitat,<\/strong> per convertir-les en un suport real per a l\u2019aprenentatge i no nom\u00e9s en una tecnologia m\u00e9s.<\/p>\n<p data-start=\"2226\" data-end=\"2497\"><strong>La IA ja \u00e9s present en la vida de l\u2019institut<\/strong> i, per aix\u00f2, cal promoure\u2019n un \u00fas orientat a l\u2019aprenentatge. Les idees i els recursos compartits en aquest congr\u00e9s ens permetran replantejar i enriquir les propostes tecnol\u00f2giques que es desenvolupen al nostre centre educatiu.<\/p>\n<p data-start=\"2226\" data-end=\"2497\">\n","protected":false},"excerpt":{"rendered":"<p>La docent Laura Serrats va assistir al congr\u00e9s EdTECh BCN\u201926, una trobada europea de l\u00edders educatius, experts en tecnologia i institucions amb el prop\u00f2sit de transformar l\u2019aprenentatge. En aquesta edici\u00f3, el congr\u00e9s es va dur a terme sota el lema Reimaginar l\u2019educaci\u00f3 i la formaci\u00f3 a l\u2019era de la intel\u00b7lig\u00e8ncia artificial. Les diferents pon\u00e8ncies i [&hellip;]<\/p>\n","protected":false},"author":12,"featured_media":7320,"comment_status":"closed","ping_status":"open","sticky":false,"template":"","format":"standard","meta":{"_bbp_topic_count":0,"_bbp_reply_count":0,"_bbp_total_topic_count":0,"_bbp_total_reply_count":0,"_bbp_voice_count":0,"_bbp_anonymous_reply_count":0,"_bbp_topic_count_hidden":0,"_bbp_reply_count_hidden":0,"_bbp_forum_subforum_count":0,"site-sidebar-layout":"default","site-content-layout":"","ast-site-content-layout":"","site-content-style":"default","site-sidebar-style":"default","ast-global-header-display":"","ast-banner-title-visibility":"","ast-main-header-display":"","ast-hfb-above-header-display":"","ast-hfb-below-header-display":"","ast-hfb-mobile-header-display":"","site-post-title":"","ast-breadcrumbs-content":"","ast-featured-img":"","footer-sml-layout":"","theme-transparent-header-meta":"","adv-header-id-meta":"","stick-header-meta":"","header-above-stick-meta":"","header-main-stick-meta":"","header-below-stick-meta":"","astra-migrate-meta-layouts":"default","ast-page-background-enabled":"default","ast-page-background-meta":{"desktop":{"background-color":"var(--ast-global-color-4)","background-image":"","background-repeat":"repeat","background-position":"center center","background-size":"auto","background-attachment":"scroll","background-type":"","background-media":"","overlay-type":"","overlay-color":"","overlay-opacity":"","overlay-gradient":""},"tablet":{"background-color":"","background-image":"","background-repeat":"repeat","background-position":"center center","background-size":"auto","background-attachment":"scroll","background-type":"","background-media":"","overlay-type":"","overlay-color":"","overlay-opacity":"","overlay-gradient":""},"mobile":{"background-color":"","background-image":"","background-repeat":"repeat","background-position":"center center","background-size":"auto","background-attachment":"scroll","background-type":"","background-media":"","overlay-type":"","overlay-color":"","overlay-opacity":"","overlay-gradient":""}},"ast-content-background-meta":{"desktop":{"background-color":"var(--ast-global-color-5)","background-image":"","background-repeat":"repeat","background-position":"center center","background-size":"auto","background-attachment":"scroll","background-type":"","background-media":"","overlay-type":"","overlay-color":"","overlay-opacity":"","overlay-gradient":""},"tablet":{"background-color":"var(--ast-global-color-5)","background-image":"","background-repeat":"repeat","background-position":"center center","background-size":"auto","background-attachment":"scroll","background-type":"","background-media":"","overlay-type":"","overlay-color":"","overlay-opacity":"","overlay-gradient":""},"mobile":{"background-color":"var(--ast-global-color-5)","background-image":"","background-repeat":"repeat","background-position":"center center","background-size":"auto","background-attachment":"scroll","background-type":"","background-media":"","overlay-type":"","overlay-color":"","overlay-opacity":"","overlay-gradient":""}},"footnotes":""},"categories":[1,29],"tags":[470,434],"class_list":["post-7319","post","type-post","status-publish","format-standard","has-post-thumbnail","hentry","category-general","category-portada","tag-congressos","tag-intelligencia-artificial"],"post_mailing_queue_ids":[],"_links":{"self":[{"href":"https:\/\/agora.xtec.cat\/iessalvadorespriu-salt\/wp-json\/wp\/v2\/posts\/7319","targetHints":{"allow":["GET"]}}],"collection":[{"href":"https:\/\/agora.xtec.cat\/iessalvadorespriu-salt\/wp-json\/wp\/v2\/posts"}],"about":[{"href":"https:\/\/agora.xtec.cat\/iessalvadorespriu-salt\/wp-json\/wp\/v2\/types\/post"}],"author":[{"embeddable":true,"href":"https:\/\/agora.xtec.cat\/iessalvadorespriu-salt\/wp-json\/wp\/v2\/users\/12"}],"replies":[{"embeddable":true,"href":"https:\/\/agora.xtec.cat\/iessalvadorespriu-salt\/wp-json\/wp\/v2\/comments?post=7319"}],"version-history":[{"count":1,"href":"https:\/\/agora.xtec.cat\/iessalvadorespriu-salt\/wp-json\/wp\/v2\/posts\/7319\/revisions"}],"predecessor-version":[{"id":7323,"href":"https:\/\/agora.xtec.cat\/iessalvadorespriu-salt\/wp-json\/wp\/v2\/posts\/7319\/revisions\/7323"}],"wp:featuredmedia":[{"embeddable":true,"href":"https:\/\/agora.xtec.cat\/iessalvadorespriu-salt\/wp-json\/wp\/v2\/media\/7320"}],"wp:attachment":[{"href":"https:\/\/agora.xtec.cat\/iessalvadorespriu-salt\/wp-json\/wp\/v2\/media?parent=7319"}],"wp:term":[{"taxonomy":"category","embeddable":true,"href":"https:\/\/agora.xtec.cat\/iessalvadorespriu-salt\/wp-json\/wp\/v2\/categories?post=7319"},{"taxonomy":"post_tag","embeddable":true,"href":"https:\/\/agora.xtec.cat\/iessalvadorespriu-salt\/wp-json\/wp\/v2\/tags?post=7319"}],"curies":[{"name":"wp","href":"https:\/\/api.w.org\/{rel}","templated":true}]}}