{"id":6255,"date":"2025-03-12T17:17:40","date_gmt":"2025-03-12T16:17:40","guid":{"rendered":"https:\/\/agora.xtec.cat\/iessalvadorespriu-salt\/?p=6255"},"modified":"2025-03-12T17:28:31","modified_gmt":"2025-03-12T16:28:31","slug":"accions-recents-descola-verda","status":"publish","type":"post","link":"https:\/\/agora.xtec.cat\/iessalvadorespriu-salt\/eso\/accions-recents-descola-verda\/","title":{"rendered":"Accions recents d\u2019Escola Verda"},"content":{"rendered":"<p>\u00daltimament, a l\u2019Espriu estem duent diverses accions destinades a promoure Escola Verda i l\u2019educaci\u00f3 mediambiental com a cultura de centre.<\/p>\n<p><a href=\"https:\/\/agora.xtec.cat\/iessalvadorespriu-salt\/wp-content\/uploads\/usu2103\/2025\/03\/planta3_web-scaled.jpg\"><img loading=\"lazy\" decoding=\"async\" class=\"size-medium wp-image-6282 alignright\" src=\"https:\/\/agora.xtec.cat\/iessalvadorespriu-salt\/wp-content\/uploads\/usu2103\/2025\/03\/planta3_web-300x225.jpg\" alt=\"\" width=\"300\" height=\"225\" srcset=\"https:\/\/agora.xtec.cat\/iessalvadorespriu-salt\/wp-content\/uploads\/usu2103\/2025\/03\/planta3_web-300x225.jpg 300w, https:\/\/agora.xtec.cat\/iessalvadorespriu-salt\/wp-content\/uploads\/usu2103\/2025\/03\/planta3_web-1024x768.jpg 1024w, https:\/\/agora.xtec.cat\/iessalvadorespriu-salt\/wp-content\/uploads\/usu2103\/2025\/03\/planta3_web-768x576.jpg 768w, https:\/\/agora.xtec.cat\/iessalvadorespriu-salt\/wp-content\/uploads\/usu2103\/2025\/03\/planta3_web-1536x1152.jpg 1536w, https:\/\/agora.xtec.cat\/iessalvadorespriu-salt\/wp-content\/uploads\/usu2103\/2025\/03\/planta3_web-2048x1536.jpg 2048w, https:\/\/agora.xtec.cat\/iessalvadorespriu-salt\/wp-content\/uploads\/usu2103\/2025\/03\/planta3_web-200x150.jpg 200w\" sizes=\"auto, (max-width: 300px) 100vw, 300px\" \/><\/a>Per una banda, des d\u2019Escola Verda i el departament d\u2019Agr\u00e0ries recentment s\u2019ha dut a terme l\u2019acci\u00f3 \u201cUna planta a l\u2019aula\u201d. Cada grup de l&#8217;ESO va escollir quina planta volia a l\u2019aula; despr\u00e9s les delegades verdes d&#8217;ESO1, juntament amb els i les volunt\u00e0ries de tercer i quart d\u2019ESO, van trasplantar les plantes amb l\u2019ajuda de l\u2019alumnat de Jardineria i les van distribuir per les aules. Aquesta \u00e9s una acci\u00f3 simb\u00f2lica que t\u00e9 la intenci\u00f3 de promoure la cura de l\u2019entorn i el medi natural, alhora que inclou un \u00e9sser viu a l\u2019aula i mant\u00e9 un vincle de col\u00b7laboraci\u00f3 entre Escola Verda a ESO i cicles.<\/p>\n<p>Per l\u2019altra banda, hem engegat una campanya de recollida de piles a trav\u00e9s de la inscripci\u00f3 al concurs Apilo. Es tracta d&#8217;un concurs per a centres educatius del pa\u00eds que permet sensibilitzar del perill mediambiental que suposa l\u2019\u00fas de piles, especialment quan es llencen a les escombraries en lloc de separar-les adequadament per a la deixalleria.<\/p>\n<p>Aix\u00ed mateix, aquest curs hem creat una Cartellera Verda, un punt d\u2019informaci\u00f3 sobre reptes, suggeriments i not\u00edcies mediambientals amb la finalitat de promoure la cultura de centre, alhora que continuem amb el concurs d\u2019aules netes.<\/p>\n<p>Fem cam\u00ed treballant per fer de l\u2019Espriu un centre m\u00e9s verd!<\/p>\n<p><a href=\"https:\/\/agora.xtec.cat\/iessalvadorespriu-salt\/wp-content\/uploads\/usu2103\/2025\/03\/escola_v_web-scaled.jpg\"><img loading=\"lazy\" decoding=\"async\" class=\" wp-image-6286 aligncenter\" src=\"https:\/\/agora.xtec.cat\/iessalvadorespriu-salt\/wp-content\/uploads\/usu2103\/2025\/03\/escola_v_web-300x209.jpg\" alt=\"\" width=\"349\" height=\"243\" srcset=\"https:\/\/agora.xtec.cat\/iessalvadorespriu-salt\/wp-content\/uploads\/usu2103\/2025\/03\/escola_v_web-300x209.jpg 300w, https:\/\/agora.xtec.cat\/iessalvadorespriu-salt\/wp-content\/uploads\/usu2103\/2025\/03\/escola_v_web-1024x715.jpg 1024w, https:\/\/agora.xtec.cat\/iessalvadorespriu-salt\/wp-content\/uploads\/usu2103\/2025\/03\/escola_v_web-768x536.jpg 768w, https:\/\/agora.xtec.cat\/iessalvadorespriu-salt\/wp-content\/uploads\/usu2103\/2025\/03\/escola_v_web-1536x1072.jpg 1536w, https:\/\/agora.xtec.cat\/iessalvadorespriu-salt\/wp-content\/uploads\/usu2103\/2025\/03\/escola_v_web-2048x1430.jpg 2048w\" sizes=\"auto, (max-width: 349px) 100vw, 349px\" \/><\/a><\/p>\n","protected":false},"excerpt":{"rendered":"<p>\u00daltimament, a l\u2019Espriu estem duent diverses accions destinades a promoure Escola Verda i l\u2019educaci\u00f3 mediambiental com a cultura de centre. Per una banda, des d\u2019Escola Verda i el departament d\u2019Agr\u00e0ries recentment s\u2019ha dut a terme l\u2019acci\u00f3 \u201cUna planta a l\u2019aula\u201d. Cada grup de l&#8217;ESO va escollir quina planta volia a l\u2019aula; despr\u00e9s les delegades verdes [&hellip;]<\/p>\n","protected":false},"author":12,"featured_media":6284,"comment_status":"closed","ping_status":"closed","sticky":false,"template":"","format":"standard","meta":{"_bbp_topic_count":0,"_bbp_reply_count":0,"_bbp_total_topic_count":0,"_bbp_total_reply_count":0,"_bbp_voice_count":0,"_bbp_anonymous_reply_count":0,"_bbp_topic_count_hidden":0,"_bbp_reply_count_hidden":0,"_bbp_forum_subforum_count":0,"site-sidebar-layout":"default","site-content-layout":"","ast-site-content-layout":"","site-content-style":"default","site-sidebar-style":"default","ast-global-header-display":"","ast-banner-title-visibility":"","ast-main-header-display":"","ast-hfb-above-header-display":"","ast-hfb-below-header-display":"","ast-hfb-mobile-header-display":"","site-post-title":"","ast-breadcrumbs-content":"","ast-featured-img":"","footer-sml-layout":"","theme-transparent-header-meta":"","adv-header-id-meta":"","stick-header-meta":"","header-above-stick-meta":"","header-main-stick-meta":"","header-below-stick-meta":"","astra-migrate-meta-layouts":"default","ast-page-background-enabled":"default","ast-page-background-meta":{"desktop":{"background-color":"var(--ast-global-color-4)","background-image":"","background-repeat":"repeat","background-position":"center center","background-size":"auto","background-attachment":"scroll","background-type":"","background-media":"","overlay-type":"","overlay-color":"","overlay-opacity":"","overlay-gradient":""},"tablet":{"background-color":"","background-image":"","background-repeat":"repeat","background-position":"center center","background-size":"auto","background-attachment":"scroll","background-type":"","background-media":"","overlay-type":"","overlay-color":"","overlay-opacity":"","overlay-gradient":""},"mobile":{"background-color":"","background-image":"","background-repeat":"repeat","background-position":"center center","background-size":"auto","background-attachment":"scroll","background-type":"","background-media":"","overlay-type":"","overlay-color":"","overlay-opacity":"","overlay-gradient":""}},"ast-content-background-meta":{"desktop":{"background-color":"var(--ast-global-color-5)","background-image":"","background-repeat":"repeat","background-position":"center center","background-size":"auto","background-attachment":"scroll","background-type":"","background-media":"","overlay-type":"","overlay-color":"","overlay-opacity":"","overlay-gradient":""},"tablet":{"background-color":"var(--ast-global-color-5)","background-image":"","background-repeat":"repeat","background-position":"center center","background-size":"auto","background-attachment":"scroll","background-type":"","background-media":"","overlay-type":"","overlay-color":"","overlay-opacity":"","overlay-gradient":""},"mobile":{"background-color":"var(--ast-global-color-5)","background-image":"","background-repeat":"repeat","background-position":"center center","background-size":"auto","background-attachment":"scroll","background-type":"","background-media":"","overlay-type":"","overlay-color":"","overlay-opacity":"","overlay-gradient":""}},"footnotes":""},"categories":[105,3,29],"tags":[56,163],"class_list":["post-6255","post","type-post","status-publish","format-standard","has-post-thumbnail","hentry","category-cfgm-jar","category-eso","category-portada","tag-escola-verda","tag-jardineria"],"post_mailing_queue_ids":[],"_links":{"self":[{"href":"https:\/\/agora.xtec.cat\/iessalvadorespriu-salt\/wp-json\/wp\/v2\/posts\/6255","targetHints":{"allow":["GET"]}}],"collection":[{"href":"https:\/\/agora.xtec.cat\/iessalvadorespriu-salt\/wp-json\/wp\/v2\/posts"}],"about":[{"href":"https:\/\/agora.xtec.cat\/iessalvadorespriu-salt\/wp-json\/wp\/v2\/types\/post"}],"author":[{"embeddable":true,"href":"https:\/\/agora.xtec.cat\/iessalvadorespriu-salt\/wp-json\/wp\/v2\/users\/12"}],"replies":[{"embeddable":true,"href":"https:\/\/agora.xtec.cat\/iessalvadorespriu-salt\/wp-json\/wp\/v2\/comments?post=6255"}],"version-history":[{"count":3,"href":"https:\/\/agora.xtec.cat\/iessalvadorespriu-salt\/wp-json\/wp\/v2\/posts\/6255\/revisions"}],"predecessor-version":[{"id":6287,"href":"https:\/\/agora.xtec.cat\/iessalvadorespriu-salt\/wp-json\/wp\/v2\/posts\/6255\/revisions\/6287"}],"wp:featuredmedia":[{"embeddable":true,"href":"https:\/\/agora.xtec.cat\/iessalvadorespriu-salt\/wp-json\/wp\/v2\/media\/6284"}],"wp:attachment":[{"href":"https:\/\/agora.xtec.cat\/iessalvadorespriu-salt\/wp-json\/wp\/v2\/media?parent=6255"}],"wp:term":[{"taxonomy":"category","embeddable":true,"href":"https:\/\/agora.xtec.cat\/iessalvadorespriu-salt\/wp-json\/wp\/v2\/categories?post=6255"},{"taxonomy":"post_tag","embeddable":true,"href":"https:\/\/agora.xtec.cat\/iessalvadorespriu-salt\/wp-json\/wp\/v2\/tags?post=6255"}],"curies":[{"name":"wp","href":"https:\/\/api.w.org\/{rel}","templated":true}]}}