{"id":5731,"date":"2024-04-28T10:51:20","date_gmt":"2024-04-28T08:51:20","guid":{"rendered":"https:\/\/agora.xtec.cat\/iessalvadorespriu-salt\/?p=5731"},"modified":"2026-04-24T18:00:22","modified_gmt":"2026-04-24T16:00:22","slug":"sant-jordi-2024-a-lespriu","status":"publish","type":"post","link":"https:\/\/agora.xtec.cat\/iessalvadorespriu-salt\/general\/sant-jordi-2024-a-lespriu\/","title":{"rendered":"Sant Jordi 2024 a l&#8217;Espriu"},"content":{"rendered":"<p>El dimarts 23 d\u2019abril a l\u2019Institut tots els membres de la comunitat educativa vam celebrar la diada de Sant Jordi.<\/p>\n<p><a href=\"https:\/\/agora.xtec.cat\/iessalvadorespriu-salt\/wp-content\/uploads\/usu2103\/2024\/07\/concert_Sant-Jordi_web-scaled.jpg\"><img loading=\"lazy\" decoding=\"async\" class=\"wp-image-5806 alignright\" src=\"https:\/\/agora.xtec.cat\/iessalvadorespriu-salt\/wp-content\/uploads\/usu2103\/2024\/07\/concert_Sant-Jordi_web-1024x683.jpg\" alt=\"\" width=\"306\" height=\"204\" srcset=\"https:\/\/agora.xtec.cat\/iessalvadorespriu-salt\/wp-content\/uploads\/usu2103\/2024\/07\/concert_Sant-Jordi_web-1024x683.jpg 1024w, https:\/\/agora.xtec.cat\/iessalvadorespriu-salt\/wp-content\/uploads\/usu2103\/2024\/07\/concert_Sant-Jordi_web-300x200.jpg 300w, https:\/\/agora.xtec.cat\/iessalvadorespriu-salt\/wp-content\/uploads\/usu2103\/2024\/07\/concert_Sant-Jordi_web-768x512.jpg 768w, https:\/\/agora.xtec.cat\/iessalvadorespriu-salt\/wp-content\/uploads\/usu2103\/2024\/07\/concert_Sant-Jordi_web-1536x1024.jpg 1536w, https:\/\/agora.xtec.cat\/iessalvadorespriu-salt\/wp-content\/uploads\/usu2103\/2024\/07\/concert_Sant-Jordi_web-2048x1365.jpg 2048w\" sizes=\"auto, (max-width: 306px) 100vw, 306px\" \/><\/a><\/p>\n<p>La celebraci\u00f3 es va realitzar al teatre municipal de Salt. L&#8217;acte, presentat per alumnes de primer de batxillerat, va comen\u00e7ar amb un discurs del director, seguidament l&#8217;alumnat d&#8217;Arts esc\u00e8niques i de dansa de quart d&#8217;ESO van representar una obra de teatre anomenada <i>Alg\u00fa est\u00e0 mentint?<\/i> L&#8217;alumnat de tercer d&#8217;ESO ens va oferir un concert i els alumnes d&#8217;ESO4 finalistes del concurs <i>God Talent<\/i>\u00a0van fer el seu ball. Seguidament hi va\u00a0haver l&#8217;entrega de premis: Picalletres, poesia, narrativa i dibuix.<\/p>\n<p>Per acabar, es va fer l&#8217;entrega de les roses an\u00f2nimes i es va acomiadar l&#8217;acte.<\/p>\n<p>Els alumnes de primer de batxillerat van posar una parada de venda de roses i llibres al carrer Major. Van tenir una visita inesperada del Sant Jordi, que va animar la festa durant tot el mat\u00ed.<\/p>\n<p><a href=\"https:\/\/agora.xtec.cat\/iessalvadorespriu-salt\/wp-content\/uploads\/usu2103\/2024\/07\/Parada_Sant-Jordi_web-scaled.jpg\"><img loading=\"lazy\" decoding=\"async\" class=\"wp-image-5807 aligncenter\" src=\"https:\/\/agora.xtec.cat\/iessalvadorespriu-salt\/wp-content\/uploads\/usu2103\/2024\/07\/Parada_Sant-Jordi_web-1024x771.jpg\" alt=\"\" width=\"312\" height=\"235\" srcset=\"https:\/\/agora.xtec.cat\/iessalvadorespriu-salt\/wp-content\/uploads\/usu2103\/2024\/07\/Parada_Sant-Jordi_web-1024x771.jpg 1024w, https:\/\/agora.xtec.cat\/iessalvadorespriu-salt\/wp-content\/uploads\/usu2103\/2024\/07\/Parada_Sant-Jordi_web-300x226.jpg 300w, https:\/\/agora.xtec.cat\/iessalvadorespriu-salt\/wp-content\/uploads\/usu2103\/2024\/07\/Parada_Sant-Jordi_web-768x578.jpg 768w, https:\/\/agora.xtec.cat\/iessalvadorespriu-salt\/wp-content\/uploads\/usu2103\/2024\/07\/Parada_Sant-Jordi_web-1536x1156.jpg 1536w, https:\/\/agora.xtec.cat\/iessalvadorespriu-salt\/wp-content\/uploads\/usu2103\/2024\/07\/Parada_Sant-Jordi_web-2048x1542.jpg 2048w, https:\/\/agora.xtec.cat\/iessalvadorespriu-salt\/wp-content\/uploads\/usu2103\/2024\/07\/Parada_Sant-Jordi_web-200x150.jpg 200w\" sizes=\"auto, (max-width: 312px) 100vw, 312px\" \/><\/a><\/p>\n<p>Un dia diferent per celebrar Sant Jordi!<\/p>\n","protected":false},"excerpt":{"rendered":"<p>El dimarts 23 d\u2019abril a l\u2019Institut tots els membres de la comunitat educativa vam celebrar la diada de Sant Jordi. La celebraci\u00f3 es va realitzar al teatre municipal de Salt. L&#8217;acte, presentat per alumnes de primer de batxillerat, va comen\u00e7ar amb un discurs del director, seguidament l&#8217;alumnat d&#8217;Arts esc\u00e8niques i de dansa de quart d&#8217;ESO [&hellip;]<\/p>\n","protected":false},"author":12,"featured_media":5805,"comment_status":"closed","ping_status":"closed","sticky":false,"template":"","format":"standard","meta":{"_bbp_topic_count":0,"_bbp_reply_count":0,"_bbp_total_topic_count":0,"_bbp_total_reply_count":0,"_bbp_voice_count":0,"_bbp_anonymous_reply_count":0,"_bbp_topic_count_hidden":0,"_bbp_reply_count_hidden":0,"_bbp_forum_subforum_count":0,"site-sidebar-layout":"default","site-content-layout":"","ast-site-content-layout":"","site-content-style":"default","site-sidebar-style":"default","ast-global-header-display":"","ast-banner-title-visibility":"","ast-main-header-display":"","ast-hfb-above-header-display":"","ast-hfb-below-header-display":"","ast-hfb-mobile-header-display":"","site-post-title":"","ast-breadcrumbs-content":"","ast-featured-img":"","footer-sml-layout":"","theme-transparent-header-meta":"","adv-header-id-meta":"","stick-header-meta":"","header-above-stick-meta":"","header-main-stick-meta":"","header-below-stick-meta":"","astra-migrate-meta-layouts":"default","ast-page-background-enabled":"default","ast-page-background-meta":{"desktop":{"background-color":"var(--ast-global-color-4)","background-image":"","background-repeat":"repeat","background-position":"center center","background-size":"auto","background-attachment":"scroll","background-type":"","background-media":"","overlay-type":"","overlay-color":"","overlay-opacity":"","overlay-gradient":""},"tablet":{"background-color":"","background-image":"","background-repeat":"repeat","background-position":"center center","background-size":"auto","background-attachment":"scroll","background-type":"","background-media":"","overlay-type":"","overlay-color":"","overlay-opacity":"","overlay-gradient":""},"mobile":{"background-color":"","background-image":"","background-repeat":"repeat","background-position":"center center","background-size":"auto","background-attachment":"scroll","background-type":"","background-media":"","overlay-type":"","overlay-color":"","overlay-opacity":"","overlay-gradient":""}},"ast-content-background-meta":{"desktop":{"background-color":"var(--ast-global-color-5)","background-image":"","background-repeat":"repeat","background-position":"center center","background-size":"auto","background-attachment":"scroll","background-type":"","background-media":"","overlay-type":"","overlay-color":"","overlay-opacity":"","overlay-gradient":""},"tablet":{"background-color":"var(--ast-global-color-5)","background-image":"","background-repeat":"repeat","background-position":"center center","background-size":"auto","background-attachment":"scroll","background-type":"","background-media":"","overlay-type":"","overlay-color":"","overlay-opacity":"","overlay-gradient":""},"mobile":{"background-color":"var(--ast-global-color-5)","background-image":"","background-repeat":"repeat","background-position":"center center","background-size":"auto","background-attachment":"scroll","background-type":"","background-media":"","overlay-type":"","overlay-color":"","overlay-opacity":"","overlay-gradient":""}},"footnotes":""},"categories":[8,3,1,29],"tags":[479,351,40],"class_list":["post-5731","post","type-post","status-publish","format-standard","has-post-thumbnail","hentry","category-batxillerat","category-eso","category-general","category-portada","tag-diada-de-sant-jordi","tag-festes","tag-teatre"],"post_mailing_queue_ids":[],"_links":{"self":[{"href":"https:\/\/agora.xtec.cat\/iessalvadorespriu-salt\/wp-json\/wp\/v2\/posts\/5731","targetHints":{"allow":["GET"]}}],"collection":[{"href":"https:\/\/agora.xtec.cat\/iessalvadorespriu-salt\/wp-json\/wp\/v2\/posts"}],"about":[{"href":"https:\/\/agora.xtec.cat\/iessalvadorespriu-salt\/wp-json\/wp\/v2\/types\/post"}],"author":[{"embeddable":true,"href":"https:\/\/agora.xtec.cat\/iessalvadorespriu-salt\/wp-json\/wp\/v2\/users\/12"}],"replies":[{"embeddable":true,"href":"https:\/\/agora.xtec.cat\/iessalvadorespriu-salt\/wp-json\/wp\/v2\/comments?post=5731"}],"version-history":[{"count":3,"href":"https:\/\/agora.xtec.cat\/iessalvadorespriu-salt\/wp-json\/wp\/v2\/posts\/5731\/revisions"}],"predecessor-version":[{"id":5809,"href":"https:\/\/agora.xtec.cat\/iessalvadorespriu-salt\/wp-json\/wp\/v2\/posts\/5731\/revisions\/5809"}],"wp:featuredmedia":[{"embeddable":true,"href":"https:\/\/agora.xtec.cat\/iessalvadorespriu-salt\/wp-json\/wp\/v2\/media\/5805"}],"wp:attachment":[{"href":"https:\/\/agora.xtec.cat\/iessalvadorespriu-salt\/wp-json\/wp\/v2\/media?parent=5731"}],"wp:term":[{"taxonomy":"category","embeddable":true,"href":"https:\/\/agora.xtec.cat\/iessalvadorespriu-salt\/wp-json\/wp\/v2\/categories?post=5731"},{"taxonomy":"post_tag","embeddable":true,"href":"https:\/\/agora.xtec.cat\/iessalvadorespriu-salt\/wp-json\/wp\/v2\/tags?post=5731"}],"curies":[{"name":"wp","href":"https:\/\/api.w.org\/{rel}","templated":true}]}}