{"id":5379,"date":"2024-04-02T13:07:36","date_gmt":"2024-04-02T11:07:36","guid":{"rendered":"https:\/\/agora.xtec.cat\/iessalvadorespriu-salt\/?p=5379"},"modified":"2025-02-06T14:04:01","modified_gmt":"2025-02-06T13:04:01","slug":"erasmus-praga-salt-2024","status":"publish","type":"post","link":"https:\/\/agora.xtec.cat\/iessalvadorespriu-salt\/eso\/eso-4\/erasmus-praga-salt-2024\/","title":{"rendered":"Ens fem m\u00e9s sostenibles? Un nou projecte Erasmus+, a la plataforma eTwinning, amb estudiants txecs"},"content":{"rendered":"<p>Entre el 17 i el 23 de mar\u00e7 quinze estudiants i dues docents de la <a href=\"https:\/\/www.zsdubec.cz\/\" target=\"_blank\" rel=\"noopener\">Z\u00e1kladn\u00ed \u0161kola<\/a> (Praga, Tx\u00e8quia) van estar a Salt per dur a terme un projecte internacional en el marc dels programes <a href=\"https:\/\/sites.google.com\/espriusalt.cat\/erasmus\" target=\"_blank\" rel=\"noopener\">Europeus Erasmus+<\/a>. Els van acompanyar alumnes de quart d&#8217;ESO i de primer de batxillerat del nostre Institut. <a href=\"https:\/\/photos.google.com\/share\/AF1QipMOUjde7grlhgnIHCScQffFI0ZFJjl7AOPaHS1Y-wIhuyLSWUrWlR6tkGDIQapFgQ?pli=1&amp;key=Q29GODRqOTViY0ZqUURvaXVTWnJ0RERVTUhtZWdn\" target=\"_blank\" rel=\"noopener\">\u00c0lbum de fotos<\/a><\/p>\n<p>La proposta era ben encisadora: \u201c<a href=\"https:\/\/school-education.ec.europa.eu\/en\/networking\/projects\/163866\" target=\"_blank\" rel=\"noopener\">STEM for Sustainability: Prague and Salt&#8217;s Perspectives<\/a>\u201d, la qual va permetre a la quarantena d\u2019alumnes implicats, amb la cooperaci\u00f3 de la Coordinaci\u00f3 Internacional i de docents de l\u2019Espriu, explorar diversos \u00e0mbits relacionats amb la sostenibilitat, com el del futur del consum d&#8217;electricitat (ODS 7), o els dels invents sostenibles per a ciutats i comunitats (ODS 11). Acollits per fam\u00edlies de la nostra comunitat educativa, els joves centreeuropeus i els espriuencs implicats en el projecte van treballar, compartir, experimentar i elaborar tasques cooperatives amb un intens pla d\u2019actuaci\u00f3. Tota la feina ha quedat <a href=\"https:\/\/school-education.ec.europa.eu\/en\/etwinning\/projects\/stem-sustainability-prague-and-salts-perspectives\/\" target=\"_blank\" rel=\"noopener\">recollida en una p\u00e0gina d\u2019eTwinning<\/a>, la plataforma educativa segura de la Uni\u00f3 Europea.<\/p>\n<p><a href=\"https:\/\/agora.xtec.cat\/iessalvadorespriu-salt\/wp-content\/uploads\/usu2103\/2024\/03\/Erasmus_platja_web-scaled.jpg\"><img loading=\"lazy\" decoding=\"async\" class=\"wp-image-5387 aligncenter\" src=\"https:\/\/agora.xtec.cat\/iessalvadorespriu-salt\/wp-content\/uploads\/usu2103\/2024\/03\/Erasmus_platja_web-1024x684.jpg\" alt=\"\" width=\"500\" height=\"334\" srcset=\"https:\/\/agora.xtec.cat\/iessalvadorespriu-salt\/wp-content\/uploads\/usu2103\/2024\/03\/Erasmus_platja_web-1024x684.jpg 1024w, https:\/\/agora.xtec.cat\/iessalvadorespriu-salt\/wp-content\/uploads\/usu2103\/2024\/03\/Erasmus_platja_web-300x200.jpg 300w, https:\/\/agora.xtec.cat\/iessalvadorespriu-salt\/wp-content\/uploads\/usu2103\/2024\/03\/Erasmus_platja_web-768x513.jpg 768w, https:\/\/agora.xtec.cat\/iessalvadorespriu-salt\/wp-content\/uploads\/usu2103\/2024\/03\/Erasmus_platja_web-1536x1025.jpg 1536w, https:\/\/agora.xtec.cat\/iessalvadorespriu-salt\/wp-content\/uploads\/usu2103\/2024\/03\/Erasmus_platja_web-2048x1367.jpg 2048w\" sizes=\"auto, (max-width: 500px) 100vw, 500px\" \/><\/a><\/p>\n<p>Des del dilluns 18 de mar\u00e7 es van succeir moltes propostes, en angl\u00e8s, mitjan\u00e7ant activitats i debats atractius per a afavorir a la vegada la comprensi\u00f3 intercultural i la promoci\u00f3 d\u2019un futur m\u00e9s sostenible. Des de les activitats inicials i formals de benvinguda i coneixement del centre \u2014i un primer \u201cIce breaking\u201d\u2014 fins a classes de f\u00edsica o biologia, vinculades a les energies renovables. Tamb\u00e9 va haver-hi debats informats sobre \u201cBlue Float\u201d, un projecte sobre l&#8217;energia e\u00f2lica al mar Mediterrani (Golf de Roses), i for\u00e7a altres temes actuals d\u2019estudi. A m\u00e9s, es van fer sortides i activitats a la Costa Brava, amb el coneixement de les dunes de L\u2019Escala, les restes grecoromanes d&#8217;Emp\u00faries o altres aspectes del Mediterrani.\u00a0Tampoc va faltar una intensa visita a Barcelona (en diferents punts d\u2019inter\u00e8s cultural, art\u00edstic o sociol\u00f2gic) on tamb\u00e9 es va fer una activitat sobre F\u00edsica, promoguda per la Universitat Polit\u00e8cnica de Barcelona al Parc del F\u00f2rum. El dijous tamb\u00e9 van establir vincles amb alumnes Erasmus+ de BAT1, ja que els d\u2019ESO4 tenien una cita amb la Fira d\u2019orientaci\u00f3 Expojove. En aquest cas es van treballar algunes tecnologies pioneres i la seva aplicaci\u00f3 en sostenibilitat, i es va visitar la nova <a href=\"https:\/\/caixaforum.org\/ca\/girona\/p\/print3d-reimprimir-la-realitat_a164500324\" target=\"_blank\" rel=\"noopener\">exposici\u00f3 \u201cPrint 3D\u201d<\/a> del CaixaForum Girona, aix\u00ed com un recorregut guiat als llocs m\u00e9s significatius del Barri Vell de Girona. El darrer dia, a m\u00e9s de preparar el Final Meeting i les conclusions de la setmana de treball, es van lliurar les certificacions. A m\u00e9s a m\u00e9s, hi va haver tamb\u00e9 una recepci\u00f3 institucional a l&#8217;<a href=\"https:\/\/twitter.com\/ViladeSalt\/status\/1771147336086876626\" target=\"_blank\" rel=\"noopener\">Ajuntament de Salt<\/a>, amb diversos parlaments i informacions sobre les iniciatives que s\u2019hi operen en l\u2019\u00e0mbit de la sostenibilitat energ\u00e8tica i l\u2019aprofitament dels recursos h\u00eddrics i naturals.<\/p>\n<p><a href=\"https:\/\/agora.xtec.cat\/iessalvadorespriu-salt\/wp-content\/uploads\/usu2103\/2024\/03\/Prague_ajuntament_web-scaled.jpg\"><img loading=\"lazy\" decoding=\"async\" class=\"wp-image-5389 aligncenter\" src=\"https:\/\/agora.xtec.cat\/iessalvadorespriu-salt\/wp-content\/uploads\/usu2103\/2024\/03\/Prague_ajuntament_web-1024x576.jpg\" alt=\"\" width=\"500\" height=\"281\" srcset=\"https:\/\/agora.xtec.cat\/iessalvadorespriu-salt\/wp-content\/uploads\/usu2103\/2024\/03\/Prague_ajuntament_web-1024x576.jpg 1024w, https:\/\/agora.xtec.cat\/iessalvadorespriu-salt\/wp-content\/uploads\/usu2103\/2024\/03\/Prague_ajuntament_web-300x169.jpg 300w, https:\/\/agora.xtec.cat\/iessalvadorespriu-salt\/wp-content\/uploads\/usu2103\/2024\/03\/Prague_ajuntament_web-768x432.jpg 768w, https:\/\/agora.xtec.cat\/iessalvadorespriu-salt\/wp-content\/uploads\/usu2103\/2024\/03\/Prague_ajuntament_web-1536x864.jpg 1536w, https:\/\/agora.xtec.cat\/iessalvadorespriu-salt\/wp-content\/uploads\/usu2103\/2024\/03\/Prague_ajuntament_web-2048x1152.jpg 2048w\" sizes=\"auto, (max-width: 500px) 100vw, 500px\" \/><\/a><\/p>\n<p>El comiat del dissabte, abans de la sortida dels col\u00b7legues txecs cap a l\u2019aeroport de Barcelona, va ser ben emotiu.<\/p>\n<p><a href=\"https:\/\/agora.xtec.cat\/iessalvadorespriu-salt\/wp-content\/uploads\/usu2103\/2024\/03\/meeting_Erasmus_web-scaled.jpg\"><img loading=\"lazy\" decoding=\"async\" class=\"wp-image-5388 aligncenter\" src=\"https:\/\/agora.xtec.cat\/iessalvadorespriu-salt\/wp-content\/uploads\/usu2103\/2024\/03\/meeting_Erasmus_web-1024x683.jpg\" alt=\"\" width=\"496\" height=\"331\" srcset=\"https:\/\/agora.xtec.cat\/iessalvadorespriu-salt\/wp-content\/uploads\/usu2103\/2024\/03\/meeting_Erasmus_web-1024x683.jpg 1024w, https:\/\/agora.xtec.cat\/iessalvadorespriu-salt\/wp-content\/uploads\/usu2103\/2024\/03\/meeting_Erasmus_web-300x200.jpg 300w, https:\/\/agora.xtec.cat\/iessalvadorespriu-salt\/wp-content\/uploads\/usu2103\/2024\/03\/meeting_Erasmus_web-768x512.jpg 768w, https:\/\/agora.xtec.cat\/iessalvadorespriu-salt\/wp-content\/uploads\/usu2103\/2024\/03\/meeting_Erasmus_web-1536x1024.jpg 1536w, https:\/\/agora.xtec.cat\/iessalvadorespriu-salt\/wp-content\/uploads\/usu2103\/2024\/03\/meeting_Erasmus_web-2048x1365.jpg 2048w\" sizes=\"auto, (max-width: 496px) 100vw, 496px\" \/><\/a><\/p>\n<p>En tota l&#8217;estada sempre van ser ben presents els objectius pedag\u00f2gics: la conscienciaci\u00f3 del medi ambient i orografia de Catalunya, l&#8217;estudi de la restauraci\u00f3 de les dunes d&#8217;Emp\u00faries, els efectes de l&#8217;arribada de la civilitzaci\u00f3 i la cultura gregues a la pen\u00ednsula Ib\u00e8rica, el sentiment de pertinen\u00e7a a un origen i una llengua espec\u00edfics, etc. Cal afegir que aquest projecte de mobilitat europea d&#8217;estudiants, implicar\u00e0 tamb\u00e9 una continuaci\u00f3 amb el viatge formatiu dels nostres alumnes a Praga, a mitjan maig. Us tindrem informats!<\/p>\n<ul>\n<li><a href=\"https:\/\/photos.google.com\/share\/AF1QipMOUjde7grlhgnIHCScQffFI0ZFJjl7AOPaHS1Y-wIhuyLSWUrWlR6tkGDIQapFgQ?pli=1&amp;key=Q29GODRqOTViY0ZqUURvaXVTWnJ0RERVTUhtZWdn\" target=\"_blank\" rel=\"noopener\">\u00c0lbum de fotos<\/a><\/li>\n<\/ul>\n","protected":false},"excerpt":{"rendered":"<p>Entre el 17 i el 23 de mar\u00e7 quinze estudiants i dues docents de la Z\u00e1kladn\u00ed \u0161kola (Praga, Tx\u00e8quia) van estar a Salt per dur a terme un projecte internacional en el marc dels programes Europeus Erasmus+. Els van acompanyar alumnes de quart d&#8217;ESO i de primer de batxillerat del nostre Institut. \u00c0lbum de fotos [&hellip;]<\/p>\n","protected":false},"author":12,"featured_media":5381,"comment_status":"closed","ping_status":"closed","sticky":false,"template":"","format":"standard","meta":{"_bbp_topic_count":0,"_bbp_reply_count":0,"_bbp_total_topic_count":0,"_bbp_total_reply_count":0,"_bbp_voice_count":0,"_bbp_anonymous_reply_count":0,"_bbp_topic_count_hidden":0,"_bbp_reply_count_hidden":0,"_bbp_forum_subforum_count":0,"site-sidebar-layout":"default","site-content-layout":"","ast-site-content-layout":"","site-content-style":"default","site-sidebar-style":"default","ast-global-header-display":"","ast-banner-title-visibility":"","ast-main-header-display":"","ast-hfb-above-header-display":"","ast-hfb-below-header-display":"","ast-hfb-mobile-header-display":"","site-post-title":"","ast-breadcrumbs-content":"","ast-featured-img":"","footer-sml-layout":"","theme-transparent-header-meta":"","adv-header-id-meta":"","stick-header-meta":"","header-above-stick-meta":"","header-main-stick-meta":"","header-below-stick-meta":"","astra-migrate-meta-layouts":"default","ast-page-background-enabled":"default","ast-page-background-meta":{"desktop":{"background-color":"var(--ast-global-color-4)","background-image":"","background-repeat":"repeat","background-position":"center center","background-size":"auto","background-attachment":"scroll","background-type":"","background-media":"","overlay-type":"","overlay-color":"","overlay-opacity":"","overlay-gradient":""},"tablet":{"background-color":"","background-image":"","background-repeat":"repeat","background-position":"center center","background-size":"auto","background-attachment":"scroll","background-type":"","background-media":"","overlay-type":"","overlay-color":"","overlay-opacity":"","overlay-gradient":""},"mobile":{"background-color":"","background-image":"","background-repeat":"repeat","background-position":"center center","background-size":"auto","background-attachment":"scroll","background-type":"","background-media":"","overlay-type":"","overlay-color":"","overlay-opacity":"","overlay-gradient":""}},"ast-content-background-meta":{"desktop":{"background-color":"var(--ast-global-color-5)","background-image":"","background-repeat":"repeat","background-position":"center center","background-size":"auto","background-attachment":"scroll","background-type":"","background-media":"","overlay-type":"","overlay-color":"","overlay-opacity":"","overlay-gradient":""},"tablet":{"background-color":"var(--ast-global-color-5)","background-image":"","background-repeat":"repeat","background-position":"center center","background-size":"auto","background-attachment":"scroll","background-type":"","background-media":"","overlay-type":"","overlay-color":"","overlay-opacity":"","overlay-gradient":""},"mobile":{"background-color":"var(--ast-global-color-5)","background-image":"","background-repeat":"repeat","background-position":"center center","background-size":"auto","background-attachment":"scroll","background-type":"","background-media":"","overlay-type":"","overlay-color":"","overlay-opacity":"","overlay-gradient":""}},"footnotes":""},"categories":[222,7,29],"tags":[196,282,385],"class_list":["post-5379","post","type-post","status-publish","format-standard","has-post-thumbnail","hentry","category-erasmus","category-eso-4","category-portada","tag-erasmus","tag-mobilitats","tag-praga"],"post_mailing_queue_ids":[],"_links":{"self":[{"href":"https:\/\/agora.xtec.cat\/iessalvadorespriu-salt\/wp-json\/wp\/v2\/posts\/5379","targetHints":{"allow":["GET"]}}],"collection":[{"href":"https:\/\/agora.xtec.cat\/iessalvadorespriu-salt\/wp-json\/wp\/v2\/posts"}],"about":[{"href":"https:\/\/agora.xtec.cat\/iessalvadorespriu-salt\/wp-json\/wp\/v2\/types\/post"}],"author":[{"embeddable":true,"href":"https:\/\/agora.xtec.cat\/iessalvadorespriu-salt\/wp-json\/wp\/v2\/users\/12"}],"replies":[{"embeddable":true,"href":"https:\/\/agora.xtec.cat\/iessalvadorespriu-salt\/wp-json\/wp\/v2\/comments?post=5379"}],"version-history":[{"count":6,"href":"https:\/\/agora.xtec.cat\/iessalvadorespriu-salt\/wp-json\/wp\/v2\/posts\/5379\/revisions"}],"predecessor-version":[{"id":6181,"href":"https:\/\/agora.xtec.cat\/iessalvadorespriu-salt\/wp-json\/wp\/v2\/posts\/5379\/revisions\/6181"}],"wp:featuredmedia":[{"embeddable":true,"href":"https:\/\/agora.xtec.cat\/iessalvadorespriu-salt\/wp-json\/wp\/v2\/media\/5381"}],"wp:attachment":[{"href":"https:\/\/agora.xtec.cat\/iessalvadorespriu-salt\/wp-json\/wp\/v2\/media?parent=5379"}],"wp:term":[{"taxonomy":"category","embeddable":true,"href":"https:\/\/agora.xtec.cat\/iessalvadorespriu-salt\/wp-json\/wp\/v2\/categories?post=5379"},{"taxonomy":"post_tag","embeddable":true,"href":"https:\/\/agora.xtec.cat\/iessalvadorespriu-salt\/wp-json\/wp\/v2\/tags?post=5379"}],"curies":[{"name":"wp","href":"https:\/\/api.w.org\/{rel}","templated":true}]}}