{"id":5367,"date":"2024-03-27T11:21:26","date_gmt":"2024-03-27T10:21:26","guid":{"rendered":"https:\/\/agora.xtec.cat\/iessalvadorespriu-salt\/?p=5367"},"modified":"2024-03-27T11:21:26","modified_gmt":"2024-03-27T10:21:26","slug":"premis-5a-edicio-relatos-de-otono","status":"publish","type":"post","link":"https:\/\/agora.xtec.cat\/iessalvadorespriu-salt\/eso\/premis-5a-edicio-relatos-de-otono\/","title":{"rendered":"Premis 5a edici\u00f3 &#8220;Relatos de oto\u00f1o&#8221;"},"content":{"rendered":"<p style=\"font-weight: 400;\">El passat desembre es van entregar els premis a les <strong>guanyadores<\/strong> de la<strong> 5a Edici\u00f3 del Concurs literari \u201cRelatos de oto\u00f1o\u201d<\/strong>, organitzat pel Departament de Llengua Castellana i Cl\u00e0ssiques. Les premiades van ser les seg\u00fcents:<\/p>\n<p style=\"font-weight: 400;\"><a href=\"https:\/\/agora.xtec.cat\/iessalvadorespriu-salt\/wp-content\/uploads\/usu2103\/2024\/03\/relatos_24_2.jpg\"><img loading=\"lazy\" decoding=\"async\" class=\"wp-image-5371 alignright\" src=\"https:\/\/agora.xtec.cat\/iessalvadorespriu-salt\/wp-content\/uploads\/usu2103\/2024\/03\/relatos_24_2-1024x682.jpg\" alt=\"\" width=\"426\" height=\"284\" srcset=\"https:\/\/agora.xtec.cat\/iessalvadorespriu-salt\/wp-content\/uploads\/usu2103\/2024\/03\/relatos_24_2-1024x682.jpg 1024w, https:\/\/agora.xtec.cat\/iessalvadorespriu-salt\/wp-content\/uploads\/usu2103\/2024\/03\/relatos_24_2-300x200.jpg 300w, https:\/\/agora.xtec.cat\/iessalvadorespriu-salt\/wp-content\/uploads\/usu2103\/2024\/03\/relatos_24_2-768x511.jpg 768w, https:\/\/agora.xtec.cat\/iessalvadorespriu-salt\/wp-content\/uploads\/usu2103\/2024\/03\/relatos_24_2-1536x1022.jpg 1536w, https:\/\/agora.xtec.cat\/iessalvadorespriu-salt\/wp-content\/uploads\/usu2103\/2024\/03\/relatos_24_2.jpg 1600w\" sizes=\"auto, (max-width: 426px) 100vw, 426px\" \/><\/a><\/p>\n<p style=\"font-weight: 400;\"><strong>Categoria A<\/strong><\/p>\n<p style=\"font-weight: 400;\">-1r premi (guanyadora) pel relat <a href=\"https:\/\/drive.google.com\/file\/d\/1NWI_Pemtk2-e6CuB8kXHaj05pn1L7LEJ\/view\" target=\"_blank\" rel=\"noopener\"><em>Sin ver<\/em><\/a>\u00a0d&#8217;Elena-Alicia Radu d&#8217;ESO2 D<\/p>\n<p style=\"font-weight: 400;\">-2n premi (finalista) pel relat <a href=\"https:\/\/drive.google.com\/file\/d\/1NWKxb6Xdki5z0e6_wBuALZwZGXstgn-X\/view\" target=\"_blank\" rel=\"noopener\"><em>Oscuridad<\/em><\/a>\u00a0de Diango Ba Niamadio Baldeh d&#8217;ESO2 C<\/p>\n<p style=\"font-weight: 400;\"><strong>Categoria B<\/strong><\/p>\n<p style=\"font-weight: 400;\">-1r premi (guanyadora) pel relat <a href=\"https:\/\/drive.google.com\/file\/d\/1NUJZ4yoM6x67GRPcDl4Y8nPSVeO-cBPO\/view\" target=\"_blank\" rel=\"noopener\"><em>El reloj del inframundo<\/em><\/a><em>\u00a0<\/em>de G\u00e9nesis D. Bueno d&#8217;ESO4 A<\/p>\n<p style=\"font-weight: 400;\">-2n premi (finalista) pel relat <a href=\"https:\/\/drive.google.com\/file\/d\/1NXQKr6SX2weohUVy-SByTqMPsjXAHtXS\/view\" target=\"_blank\" rel=\"noopener\"><em>Ojo por ojo<\/em><\/a><em>\u00a0<\/em>de A. Merit Osagie d&#8217;ESO4 A<\/p>\n<p style=\"font-weight: 400;\">Reiterem l&#8217;enhorabona, no nom\u00e9s a elles, sin\u00f3 tamb\u00e9 a tots els alumnes que van presentar escrits, tots molt interessants, i els animem a seguir per aquest cam\u00ed de la literatura.<\/p>\n<p style=\"font-weight: 400;\">Afegim els relats guanyadors perqu\u00e8 en gaudiu la lectura durant aquestes vacances de primavera, nom\u00e9s heu de clicar el t\u00edtol del relat.<\/p>\n<p><a href=\"https:\/\/agora.xtec.cat\/iessalvadorespriu-salt\/wp-content\/uploads\/usu2103\/2024\/03\/relatos_24_3.jpg\"><img loading=\"lazy\" decoding=\"async\" class=\"wp-image-5370 aligncenter\" src=\"https:\/\/agora.xtec.cat\/iessalvadorespriu-salt\/wp-content\/uploads\/usu2103\/2024\/03\/relatos_24_3-682x1024.jpg\" alt=\"\" width=\"329\" height=\"494\" srcset=\"https:\/\/agora.xtec.cat\/iessalvadorespriu-salt\/wp-content\/uploads\/usu2103\/2024\/03\/relatos_24_3-682x1024.jpg 682w, https:\/\/agora.xtec.cat\/iessalvadorespriu-salt\/wp-content\/uploads\/usu2103\/2024\/03\/relatos_24_3-200x300.jpg 200w, https:\/\/agora.xtec.cat\/iessalvadorespriu-salt\/wp-content\/uploads\/usu2103\/2024\/03\/relatos_24_3-768x1153.jpg 768w, https:\/\/agora.xtec.cat\/iessalvadorespriu-salt\/wp-content\/uploads\/usu2103\/2024\/03\/relatos_24_3-1023x1536.jpg 1023w, https:\/\/agora.xtec.cat\/iessalvadorespriu-salt\/wp-content\/uploads\/usu2103\/2024\/03\/relatos_24_3.jpg 1066w\" sizes=\"auto, (max-width: 329px) 100vw, 329px\" \/><\/a><\/p>\n","protected":false},"excerpt":{"rendered":"<p>El passat desembre es van entregar els premis a les guanyadores de la 5a Edici\u00f3 del Concurs literari \u201cRelatos de oto\u00f1o\u201d, organitzat pel Departament de Llengua Castellana i Cl\u00e0ssiques. Les premiades van ser les seg\u00fcents: Categoria A -1r premi (guanyadora) pel relat Sin ver\u00a0d&#8217;Elena-Alicia Radu d&#8217;ESO2 D -2n premi (finalista) pel relat Oscuridad\u00a0de Diango Ba [&hellip;]<\/p>\n","protected":false},"author":12,"featured_media":5369,"comment_status":"closed","ping_status":"closed","sticky":false,"template":"","format":"standard","meta":{"_bbp_topic_count":0,"_bbp_reply_count":0,"_bbp_total_topic_count":0,"_bbp_total_reply_count":0,"_bbp_voice_count":0,"_bbp_anonymous_reply_count":0,"_bbp_topic_count_hidden":0,"_bbp_reply_count_hidden":0,"_bbp_forum_subforum_count":0,"site-sidebar-layout":"default","site-content-layout":"","ast-site-content-layout":"","site-content-style":"default","site-sidebar-style":"default","ast-global-header-display":"","ast-banner-title-visibility":"","ast-main-header-display":"","ast-hfb-above-header-display":"","ast-hfb-below-header-display":"","ast-hfb-mobile-header-display":"","site-post-title":"","ast-breadcrumbs-content":"","ast-featured-img":"","footer-sml-layout":"","theme-transparent-header-meta":"","adv-header-id-meta":"","stick-header-meta":"","header-above-stick-meta":"","header-main-stick-meta":"","header-below-stick-meta":"","astra-migrate-meta-layouts":"default","ast-page-background-enabled":"default","ast-page-background-meta":{"desktop":{"background-color":"var(--ast-global-color-4)","background-image":"","background-repeat":"repeat","background-position":"center center","background-size":"auto","background-attachment":"scroll","background-type":"","background-media":"","overlay-type":"","overlay-color":"","overlay-opacity":"","overlay-gradient":""},"tablet":{"background-color":"","background-image":"","background-repeat":"repeat","background-position":"center center","background-size":"auto","background-attachment":"scroll","background-type":"","background-media":"","overlay-type":"","overlay-color":"","overlay-opacity":"","overlay-gradient":""},"mobile":{"background-color":"","background-image":"","background-repeat":"repeat","background-position":"center center","background-size":"auto","background-attachment":"scroll","background-type":"","background-media":"","overlay-type":"","overlay-color":"","overlay-opacity":"","overlay-gradient":""}},"ast-content-background-meta":{"desktop":{"background-color":"var(--ast-global-color-5)","background-image":"","background-repeat":"repeat","background-position":"center center","background-size":"auto","background-attachment":"scroll","background-type":"","background-media":"","overlay-type":"","overlay-color":"","overlay-opacity":"","overlay-gradient":""},"tablet":{"background-color":"var(--ast-global-color-5)","background-image":"","background-repeat":"repeat","background-position":"center center","background-size":"auto","background-attachment":"scroll","background-type":"","background-media":"","overlay-type":"","overlay-color":"","overlay-opacity":"","overlay-gradient":""},"mobile":{"background-color":"var(--ast-global-color-5)","background-image":"","background-repeat":"repeat","background-position":"center center","background-size":"auto","background-attachment":"scroll","background-type":"","background-media":"","overlay-type":"","overlay-color":"","overlay-opacity":"","overlay-gradient":""}},"footnotes":""},"categories":[3,29],"tags":[170,248,391],"class_list":["post-5367","post","type-post","status-publish","format-standard","has-post-thumbnail","hentry","category-eso","category-portada","tag-concurs-literari","tag-otono","tag-relato"],"post_mailing_queue_ids":[],"_links":{"self":[{"href":"https:\/\/agora.xtec.cat\/iessalvadorespriu-salt\/wp-json\/wp\/v2\/posts\/5367","targetHints":{"allow":["GET"]}}],"collection":[{"href":"https:\/\/agora.xtec.cat\/iessalvadorespriu-salt\/wp-json\/wp\/v2\/posts"}],"about":[{"href":"https:\/\/agora.xtec.cat\/iessalvadorespriu-salt\/wp-json\/wp\/v2\/types\/post"}],"author":[{"embeddable":true,"href":"https:\/\/agora.xtec.cat\/iessalvadorespriu-salt\/wp-json\/wp\/v2\/users\/12"}],"replies":[{"embeddable":true,"href":"https:\/\/agora.xtec.cat\/iessalvadorespriu-salt\/wp-json\/wp\/v2\/comments?post=5367"}],"version-history":[{"count":3,"href":"https:\/\/agora.xtec.cat\/iessalvadorespriu-salt\/wp-json\/wp\/v2\/posts\/5367\/revisions"}],"predecessor-version":[{"id":5373,"href":"https:\/\/agora.xtec.cat\/iessalvadorespriu-salt\/wp-json\/wp\/v2\/posts\/5367\/revisions\/5373"}],"wp:featuredmedia":[{"embeddable":true,"href":"https:\/\/agora.xtec.cat\/iessalvadorespriu-salt\/wp-json\/wp\/v2\/media\/5369"}],"wp:attachment":[{"href":"https:\/\/agora.xtec.cat\/iessalvadorespriu-salt\/wp-json\/wp\/v2\/media?parent=5367"}],"wp:term":[{"taxonomy":"category","embeddable":true,"href":"https:\/\/agora.xtec.cat\/iessalvadorespriu-salt\/wp-json\/wp\/v2\/categories?post=5367"},{"taxonomy":"post_tag","embeddable":true,"href":"https:\/\/agora.xtec.cat\/iessalvadorespriu-salt\/wp-json\/wp\/v2\/tags?post=5367"}],"curies":[{"name":"wp","href":"https:\/\/api.w.org\/{rel}","templated":true}]}}