{"id":4445,"date":"2023-06-05T10:30:03","date_gmt":"2023-06-05T08:30:03","guid":{"rendered":"https:\/\/agora.xtec.cat\/iessalvadorespriu-salt\/?p=4445"},"modified":"2023-06-05T10:30:03","modified_gmt":"2023-06-05T08:30:03","slug":"formacio-hotel-best-western-premier-cmc","status":"publish","type":"post","link":"https:\/\/agora.xtec.cat\/iessalvadorespriu-salt\/portada\/formacio-hotel-best-western-premier-cmc\/","title":{"rendered":"Formaci\u00f3 a l&#8217;Hotel Best Western Premier CMC"},"content":{"rendered":"<p>Els dos grups-classe del <strong>Pla de Formaci\u00f3 al Treball de Salt<\/strong> (perfils professionals d&#8217;Auxiliar de Vendes i d&#8217;Auxiliar Instal\u00b7lacions) van visitar l&#8217;Hotel Best Western Premier CMC Girona, de quatre estrelles, el 22 de maig. L&#8217;alumnat del PFI-PTT d&#8217;aquest institut va realitzar in situ una <strong>sessi\u00f3 formativa<\/strong> sota la direcci\u00f3 de la cap de vendes de l&#8217;hotel (en el cas del curs de Vendes) i el cap de manteniment de l&#8217;Hotel amb l&#8217;empresa col\u00b7laboradora Madeco (el curs d&#8217;instal\u00b7lacions).<\/p>\n<p>Cada grup-classe va portar a terme activitats vinculades al seu perfil professional, relacionades amb les funcions de l&#8217;<strong>activitat comercial, reserves, recepci\u00f3 i atenci\u00f3 al p\u00fablic<\/strong> o b\u00e9 les tasques relacionades amb<strong> manteniment preventiu de les \u00e0rees d&#8217;electricitat, clima i lampisteria<\/strong>.<\/p>\n<p><a href=\"https:\/\/agora.xtec.cat\/iessalvadorespriu-salt\/wp-content\/uploads\/usu2103\/2023\/06\/PFI-PTT-VENDES-FOTO-2-VISITA-CMC-HOTEL-GIRONA-23-DE-MAIG-2023-min-scaled.jpg\"><img loading=\"lazy\" decoding=\"async\" class=\"wp-image-4446 alignright\" src=\"https:\/\/agora.xtec.cat\/iessalvadorespriu-salt\/wp-content\/uploads\/usu2103\/2023\/06\/PFI-PTT-VENDES-FOTO-2-VISITA-CMC-HOTEL-GIRONA-23-DE-MAIG-2023-min-1024x1024.jpg\" alt=\"\" width=\"545\" height=\"545\" srcset=\"https:\/\/agora.xtec.cat\/iessalvadorespriu-salt\/wp-content\/uploads\/usu2103\/2023\/06\/PFI-PTT-VENDES-FOTO-2-VISITA-CMC-HOTEL-GIRONA-23-DE-MAIG-2023-min-1024x1024.jpg 1024w, https:\/\/agora.xtec.cat\/iessalvadorespriu-salt\/wp-content\/uploads\/usu2103\/2023\/06\/PFI-PTT-VENDES-FOTO-2-VISITA-CMC-HOTEL-GIRONA-23-DE-MAIG-2023-min-300x300.jpg 300w, https:\/\/agora.xtec.cat\/iessalvadorespriu-salt\/wp-content\/uploads\/usu2103\/2023\/06\/PFI-PTT-VENDES-FOTO-2-VISITA-CMC-HOTEL-GIRONA-23-DE-MAIG-2023-min-150x150.jpg 150w, https:\/\/agora.xtec.cat\/iessalvadorespriu-salt\/wp-content\/uploads\/usu2103\/2023\/06\/PFI-PTT-VENDES-FOTO-2-VISITA-CMC-HOTEL-GIRONA-23-DE-MAIG-2023-min-768x768.jpg 768w, https:\/\/agora.xtec.cat\/iessalvadorespriu-salt\/wp-content\/uploads\/usu2103\/2023\/06\/PFI-PTT-VENDES-FOTO-2-VISITA-CMC-HOTEL-GIRONA-23-DE-MAIG-2023-min-1536x1536.jpg 1536w, https:\/\/agora.xtec.cat\/iessalvadorespriu-salt\/wp-content\/uploads\/usu2103\/2023\/06\/PFI-PTT-VENDES-FOTO-2-VISITA-CMC-HOTEL-GIRONA-23-DE-MAIG-2023-min-2048x2048.jpg 2048w\" sizes=\"auto, (max-width: 545px) 100vw, 545px\" \/><\/a><\/p>\n<p>Tot l&#8217;alumnat del Pla de Formaci\u00f3 i Inserci\u00f3 del PTT de Salt va gaudir de la visita formativa aprenent en un context laboral hoteler com es desenvolupa l&#8217;ofici que estan estudiant aquest any al nostre institut. L&#8217;equip docent agraeix les atencions rebudes per part de tot el personal de l&#8217;<strong>hotel CMC Girona i l&#8217;empresa col\u00b7laboradora Madeco<\/strong> en aquesta doble sortida formativa la qual ha complementat qualitativament les sessions dels m\u00f2duls de formaci\u00f3 d&#8217;ambd\u00f3s perfils professionals.<\/p>\n<p>&nbsp;<\/p>\n","protected":false},"excerpt":{"rendered":"<p>Els dos grups-classe del Pla de Formaci\u00f3 al Treball de Salt (perfils professionals d&#8217;Auxiliar de Vendes i d&#8217;Auxiliar Instal\u00b7lacions) van visitar l&#8217;Hotel Best Western Premier CMC Girona, de quatre estrelles, el 22 de maig. L&#8217;alumnat del PFI-PTT d&#8217;aquest institut va realitzar in situ una sessi\u00f3 formativa sota la direcci\u00f3 de la cap de vendes de [&hellip;]<\/p>\n","protected":false},"author":12,"featured_media":4450,"comment_status":"closed","ping_status":"closed","sticky":false,"template":"","format":"standard","meta":{"_bbp_topic_count":0,"_bbp_reply_count":0,"_bbp_total_topic_count":0,"_bbp_total_reply_count":0,"_bbp_voice_count":0,"_bbp_anonymous_reply_count":0,"_bbp_topic_count_hidden":0,"_bbp_reply_count_hidden":0,"_bbp_forum_subforum_count":0,"site-sidebar-layout":"default","site-content-layout":"","ast-site-content-layout":"","site-content-style":"default","site-sidebar-style":"default","ast-global-header-display":"","ast-banner-title-visibility":"","ast-main-header-display":"","ast-hfb-above-header-display":"","ast-hfb-below-header-display":"","ast-hfb-mobile-header-display":"","site-post-title":"","ast-breadcrumbs-content":"","ast-featured-img":"","footer-sml-layout":"","theme-transparent-header-meta":"","adv-header-id-meta":"","stick-header-meta":"","header-above-stick-meta":"","header-main-stick-meta":"","header-below-stick-meta":"","astra-migrate-meta-layouts":"default","ast-page-background-enabled":"default","ast-page-background-meta":{"desktop":{"background-color":"var(--ast-global-color-4)","background-image":"","background-repeat":"repeat","background-position":"center center","background-size":"auto","background-attachment":"scroll","background-type":"","background-media":"","overlay-type":"","overlay-color":"","overlay-opacity":"","overlay-gradient":""},"tablet":{"background-color":"","background-image":"","background-repeat":"repeat","background-position":"center center","background-size":"auto","background-attachment":"scroll","background-type":"","background-media":"","overlay-type":"","overlay-color":"","overlay-opacity":"","overlay-gradient":""},"mobile":{"background-color":"","background-image":"","background-repeat":"repeat","background-position":"center center","background-size":"auto","background-attachment":"scroll","background-type":"","background-media":"","overlay-type":"","overlay-color":"","overlay-opacity":"","overlay-gradient":""}},"ast-content-background-meta":{"desktop":{"background-color":"var(--ast-global-color-5)","background-image":"","background-repeat":"repeat","background-position":"center center","background-size":"auto","background-attachment":"scroll","background-type":"","background-media":"","overlay-type":"","overlay-color":"","overlay-opacity":"","overlay-gradient":""},"tablet":{"background-color":"var(--ast-global-color-5)","background-image":"","background-repeat":"repeat","background-position":"center center","background-size":"auto","background-attachment":"scroll","background-type":"","background-media":"","overlay-type":"","overlay-color":"","overlay-opacity":"","overlay-gradient":""},"mobile":{"background-color":"var(--ast-global-color-5)","background-image":"","background-repeat":"repeat","background-position":"center center","background-size":"auto","background-attachment":"scroll","background-type":"","background-media":"","overlay-type":"","overlay-color":"","overlay-opacity":"","overlay-gradient":""}},"footnotes":""},"categories":[30,29,107,109,108],"tags":[128,290,289,276,274,275,288],"class_list":["post-4445","post","type-post","status-publish","format-standard","has-post-thumbnail","hentry","category-cfgm","category-portada","category-pfi-ptt","category-pfi-ptt-installacions","category-pfi-ptt-vendes","tag-formacio","tag-formacio-i-insercio","tag-hotel","tag-installacions","tag-pfi","tag-ptt","tag-vendes"],"post_mailing_queue_ids":[],"_links":{"self":[{"href":"https:\/\/agora.xtec.cat\/iessalvadorespriu-salt\/wp-json\/wp\/v2\/posts\/4445","targetHints":{"allow":["GET"]}}],"collection":[{"href":"https:\/\/agora.xtec.cat\/iessalvadorespriu-salt\/wp-json\/wp\/v2\/posts"}],"about":[{"href":"https:\/\/agora.xtec.cat\/iessalvadorespriu-salt\/wp-json\/wp\/v2\/types\/post"}],"author":[{"embeddable":true,"href":"https:\/\/agora.xtec.cat\/iessalvadorespriu-salt\/wp-json\/wp\/v2\/users\/12"}],"replies":[{"embeddable":true,"href":"https:\/\/agora.xtec.cat\/iessalvadorespriu-salt\/wp-json\/wp\/v2\/comments?post=4445"}],"version-history":[{"count":3,"href":"https:\/\/agora.xtec.cat\/iessalvadorespriu-salt\/wp-json\/wp\/v2\/posts\/4445\/revisions"}],"predecessor-version":[{"id":4452,"href":"https:\/\/agora.xtec.cat\/iessalvadorespriu-salt\/wp-json\/wp\/v2\/posts\/4445\/revisions\/4452"}],"wp:featuredmedia":[{"embeddable":true,"href":"https:\/\/agora.xtec.cat\/iessalvadorespriu-salt\/wp-json\/wp\/v2\/media\/4450"}],"wp:attachment":[{"href":"https:\/\/agora.xtec.cat\/iessalvadorespriu-salt\/wp-json\/wp\/v2\/media?parent=4445"}],"wp:term":[{"taxonomy":"category","embeddable":true,"href":"https:\/\/agora.xtec.cat\/iessalvadorespriu-salt\/wp-json\/wp\/v2\/categories?post=4445"},{"taxonomy":"post_tag","embeddable":true,"href":"https:\/\/agora.xtec.cat\/iessalvadorespriu-salt\/wp-json\/wp\/v2\/tags?post=4445"}],"curies":[{"name":"wp","href":"https:\/\/api.w.org\/{rel}","templated":true}]}}