{"id":4355,"date":"2023-05-10T16:14:54","date_gmt":"2023-05-10T14:14:54","guid":{"rendered":"https:\/\/agora.xtec.cat\/iessalvadorespriu-salt\/?p=4355"},"modified":"2023-06-19T11:25:09","modified_gmt":"2023-06-19T09:25:09","slug":"brescia-guer-and-salt-students-mobilities","status":"publish","type":"post","link":"https:\/\/agora.xtec.cat\/iessalvadorespriu-salt\/portada\/brescia-guer-and-salt-students-mobilities\/","title":{"rendered":"Brescia, Guer and Salt students mobilities"},"content":{"rendered":"<p><span style=\"font-weight: 400;\">The week of the 10th of April, two groups of students from Guer (France) and Brescia (Italy), visited our school within our Erasmus+ and eTwinning project under the title &#8220;Same &amp; Different, Peace &amp; Justice &#8220;.<\/span><\/p>\n<p><span style=\"font-weight: 400;\">Together, we carried out a series of activities around the main theme of the project. They took classes, workshops, short trips and excursions.<\/span><\/p>\n<p><span style=\"font-weight: 400;\">One of the trips was on Wednesday, and they went to Barcelona. They enjoyed two of the most important museums in the city, the MNAC and the Museum of World Cultures. They also walked around the most emblematic places in the city.<\/span><\/p>\n<p><span style=\"font-weight: 400;\">At the end of the week, they went on a short trip from l&#8217;Escala to Emp\u00faries. They had a full day, as before leaving for the excursion, they participated in a yoga, Pilates and mindfulness workshop conducted by our English teacher Anna Mart\u00ednez and her friend. Then, they left for l&#8217;Escala and had a picnic by the sea. They also enjoyed a visit to the ruins, guided by our classical languages \u200b\u200bteacher, Montserrat Fiol.<\/span><\/p>\n<p><a href=\"https:\/\/agora.xtec.cat\/iessalvadorespriu-salt\/wp-content\/uploads\/usu2103\/2023\/05\/erasus_1.jpg\"><img loading=\"lazy\" decoding=\"async\" class=\"wp-image-4359 alignright\" src=\"https:\/\/agora.xtec.cat\/iessalvadorespriu-salt\/wp-content\/uploads\/usu2103\/2023\/05\/erasus_1-1024x768.jpg\" alt=\"\" width=\"423\" height=\"317\" srcset=\"https:\/\/agora.xtec.cat\/iessalvadorespriu-salt\/wp-content\/uploads\/usu2103\/2023\/05\/erasus_1-1024x768.jpg 1024w, https:\/\/agora.xtec.cat\/iessalvadorespriu-salt\/wp-content\/uploads\/usu2103\/2023\/05\/erasus_1-300x225.jpg 300w, https:\/\/agora.xtec.cat\/iessalvadorespriu-salt\/wp-content\/uploads\/usu2103\/2023\/05\/erasus_1-768x576.jpg 768w, https:\/\/agora.xtec.cat\/iessalvadorespriu-salt\/wp-content\/uploads\/usu2103\/2023\/05\/erasus_1-1536x1152.jpg 1536w, https:\/\/agora.xtec.cat\/iessalvadorespriu-salt\/wp-content\/uploads\/usu2103\/2023\/05\/erasus_1-200x150.jpg 200w, https:\/\/agora.xtec.cat\/iessalvadorespriu-salt\/wp-content\/uploads\/usu2103\/2023\/05\/erasus_1.jpg 1600w\" sizes=\"auto, (max-width: 423px) 100vw, 423px\" \/><\/a><\/p>\n<p><span style=\"font-weight: 400;\">The week culminated with two activities of a very different nature but interesting from the point of view of the project. The city council of Salt welcomed us and explained its primary functions. And finally, we celebrated the mobilities with a final party where students, teachers and some families shared performances, presentations and good food!<\/span><\/p>\n<p>&#8212;&#8212;&#8212;&#8212;&#8212;&#8212;&#8212;&#8212;&#8212;&#8212;&#8212;&#8212;&#8212;&#8212;&#8212;&#8212;&#8212;&#8212;&#8212;&#8212;&#8212;&#8212;&#8212;&#8212;&#8212;&#8212;&#8212;&#8212;&#8212;&#8212;&#8212;&#8212;&#8212;&#8212;&#8212;<\/p>\n<p><span style=\"color: #0000ff;\"><em><span style=\"font-weight: 400;\">La setmana del 10 al 14 d\u2019abril v\u00e0rem rebre al nostre centre dos grups d\u2019estudiants de Guer (Fran\u00e7a) i de Brescia (It\u00e0lia). Aquestes mobilitats s&#8217;emmarquen dins del nostre projecte Erasmus+ i eTwinning sota el t\u00edtol \u201cSame &amp; Different, Peace &amp; Justice\u201d.\u00a0<\/span><\/em><\/span><\/p>\n<p><span style=\"color: #0000ff;\"><em><span style=\"font-weight: 400;\">Juntament amb els alumnes de primer de batxillerat que van participar en les mobilitats a Fran\u00e7a i a It\u00e0lia, es van dur a terme activitats al voltant del tema principal del projecte, es van fer classes conjuntes, tallers, sortides i excursions.<\/span><\/em><\/span><\/p>\n<p><span style=\"color: #0000ff;\"><em><span style=\"font-weight: 400;\">Una de les sortides va ser a Barcelona. Vam gaudir de dos dels museus m\u00e9s importants de la ciutat: el MNAC i el museu de les Cultures del M\u00f3n. Tamb\u00e9 vam passejar pels llocs m\u00e9s emblem\u00e0tics de la ciutat.\u00a0<\/span><\/em><\/span><\/p>\n<p><span style=\"color: #0000ff;\"><em><span style=\"font-weight: 400;\">A finals de setmana, vam fer una petita excursi\u00f3 des de l\u2019Escala fins a Emp\u00faries. Va ser un dia complet, ja que abans de marxar vam participar en un taller de ioga, Pilates i mindfulness a c\u00e0rrec de la nostra professora d\u2019angl\u00e8s Anna Mart\u00ednez. Seguidament, vam anar cap a l\u2019Escala i vam fer un p\u00edcnic vora el mar. Tamb\u00e9 vam gaudir d\u2019una vista a les ru\u00efnes, guiada per la nostra professora de lleng\u00fces cl\u00e0ssiques, Montserrat Fiol.\u00a0 <a style=\"color: #0000ff;\" href=\"https:\/\/agora.xtec.cat\/iessalvadorespriu-salt\/wp-content\/uploads\/usu2103\/2023\/05\/erasmus_mobilitat_web-scaled.jpg\"><img loading=\"lazy\" decoding=\"async\" class=\" wp-image-4358 alignright\" src=\"https:\/\/agora.xtec.cat\/iessalvadorespriu-salt\/wp-content\/uploads\/usu2103\/2023\/05\/erasmus_mobilitat_web-1024x768.jpg\" alt=\"\" width=\"516\" height=\"387\" srcset=\"https:\/\/agora.xtec.cat\/iessalvadorespriu-salt\/wp-content\/uploads\/usu2103\/2023\/05\/erasmus_mobilitat_web-1024x768.jpg 1024w, https:\/\/agora.xtec.cat\/iessalvadorespriu-salt\/wp-content\/uploads\/usu2103\/2023\/05\/erasmus_mobilitat_web-300x225.jpg 300w, https:\/\/agora.xtec.cat\/iessalvadorespriu-salt\/wp-content\/uploads\/usu2103\/2023\/05\/erasmus_mobilitat_web-768x576.jpg 768w, https:\/\/agora.xtec.cat\/iessalvadorespriu-salt\/wp-content\/uploads\/usu2103\/2023\/05\/erasmus_mobilitat_web-1536x1152.jpg 1536w, https:\/\/agora.xtec.cat\/iessalvadorespriu-salt\/wp-content\/uploads\/usu2103\/2023\/05\/erasmus_mobilitat_web-2048x1536.jpg 2048w, https:\/\/agora.xtec.cat\/iessalvadorespriu-salt\/wp-content\/uploads\/usu2103\/2023\/05\/erasmus_mobilitat_web-200x150.jpg 200w\" sizes=\"auto, (max-width: 516px) 100vw, 516px\" \/><\/a><\/span><\/em><\/span><\/p>\n<p><span style=\"color: #0000ff;\"><em><span style=\"font-weight: 400;\">La setmana va culminar amb dues activitats de car\u00e0cter molt diferent per\u00f2 interessants des del punt de vista del projecte. L\u2019Ajuntament de Salt ens va rebre i ens van explicar les seves funcions primordials. I finalment, vam celebrar les mobilitats amb una festa final on alumnes, professorat i alguna fam\u00edlia vam compartir actuacions, presentacions i bon menjar!<\/span><\/em><\/span><\/p>\n<p>&nbsp;<\/p>\n","protected":false},"excerpt":{"rendered":"<p>The week of the 10th of April, two groups of students from Guer (France) and Brescia (Italy), visited our school within our Erasmus+ and eTwinning project under the title &#8220;Same &amp; Different, Peace &amp; Justice &#8220;. Together, we carried out a series of activities around the main theme of the project. They took classes, workshops, [&hellip;]<\/p>\n","protected":false},"author":12,"featured_media":4361,"comment_status":"closed","ping_status":"closed","sticky":false,"template":"","format":"standard","meta":{"_bbp_topic_count":0,"_bbp_reply_count":0,"_bbp_total_topic_count":0,"_bbp_total_reply_count":0,"_bbp_voice_count":0,"_bbp_anonymous_reply_count":0,"_bbp_topic_count_hidden":0,"_bbp_reply_count_hidden":0,"_bbp_forum_subforum_count":0,"site-sidebar-layout":"default","site-content-layout":"","ast-site-content-layout":"","site-content-style":"default","site-sidebar-style":"default","ast-global-header-display":"","ast-banner-title-visibility":"","ast-main-header-display":"","ast-hfb-above-header-display":"","ast-hfb-below-header-display":"","ast-hfb-mobile-header-display":"","site-post-title":"","ast-breadcrumbs-content":"","ast-featured-img":"","footer-sml-layout":"","theme-transparent-header-meta":"","adv-header-id-meta":"","stick-header-meta":"","header-above-stick-meta":"","header-main-stick-meta":"","header-below-stick-meta":"","astra-migrate-meta-layouts":"default","ast-page-background-enabled":"default","ast-page-background-meta":{"desktop":{"background-color":"var(--ast-global-color-4)","background-image":"","background-repeat":"repeat","background-position":"center center","background-size":"auto","background-attachment":"scroll","background-type":"","background-media":"","overlay-type":"","overlay-color":"","overlay-opacity":"","overlay-gradient":""},"tablet":{"background-color":"","background-image":"","background-repeat":"repeat","background-position":"center center","background-size":"auto","background-attachment":"scroll","background-type":"","background-media":"","overlay-type":"","overlay-color":"","overlay-opacity":"","overlay-gradient":""},"mobile":{"background-color":"","background-image":"","background-repeat":"repeat","background-position":"center center","background-size":"auto","background-attachment":"scroll","background-type":"","background-media":"","overlay-type":"","overlay-color":"","overlay-opacity":"","overlay-gradient":""}},"ast-content-background-meta":{"desktop":{"background-color":"var(--ast-global-color-5)","background-image":"","background-repeat":"repeat","background-position":"center center","background-size":"auto","background-attachment":"scroll","background-type":"","background-media":"","overlay-type":"","overlay-color":"","overlay-opacity":"","overlay-gradient":""},"tablet":{"background-color":"var(--ast-global-color-5)","background-image":"","background-repeat":"repeat","background-position":"center center","background-size":"auto","background-attachment":"scroll","background-type":"","background-media":"","overlay-type":"","overlay-color":"","overlay-opacity":"","overlay-gradient":""},"mobile":{"background-color":"var(--ast-global-color-5)","background-image":"","background-repeat":"repeat","background-position":"center center","background-size":"auto","background-attachment":"scroll","background-type":"","background-media":"","overlay-type":"","overlay-color":"","overlay-opacity":"","overlay-gradient":""}},"footnotes":""},"categories":[210,222,29],"tags":[196,283,281,282],"class_list":["post-4355","post","type-post","status-publish","format-standard","has-post-thumbnail","hentry","category-epas","category-erasmus","category-portada","tag-erasmus","tag-escola-ambaixadora","tag-etwinning","tag-mobilitats"],"post_mailing_queue_ids":[],"_links":{"self":[{"href":"https:\/\/agora.xtec.cat\/iessalvadorespriu-salt\/wp-json\/wp\/v2\/posts\/4355","targetHints":{"allow":["GET"]}}],"collection":[{"href":"https:\/\/agora.xtec.cat\/iessalvadorespriu-salt\/wp-json\/wp\/v2\/posts"}],"about":[{"href":"https:\/\/agora.xtec.cat\/iessalvadorespriu-salt\/wp-json\/wp\/v2\/types\/post"}],"author":[{"embeddable":true,"href":"https:\/\/agora.xtec.cat\/iessalvadorespriu-salt\/wp-json\/wp\/v2\/users\/12"}],"replies":[{"embeddable":true,"href":"https:\/\/agora.xtec.cat\/iessalvadorespriu-salt\/wp-json\/wp\/v2\/comments?post=4355"}],"version-history":[{"count":3,"href":"https:\/\/agora.xtec.cat\/iessalvadorespriu-salt\/wp-json\/wp\/v2\/posts\/4355\/revisions"}],"predecessor-version":[{"id":4387,"href":"https:\/\/agora.xtec.cat\/iessalvadorespriu-salt\/wp-json\/wp\/v2\/posts\/4355\/revisions\/4387"}],"wp:featuredmedia":[{"embeddable":true,"href":"https:\/\/agora.xtec.cat\/iessalvadorespriu-salt\/wp-json\/wp\/v2\/media\/4361"}],"wp:attachment":[{"href":"https:\/\/agora.xtec.cat\/iessalvadorespriu-salt\/wp-json\/wp\/v2\/media?parent=4355"}],"wp:term":[{"taxonomy":"category","embeddable":true,"href":"https:\/\/agora.xtec.cat\/iessalvadorespriu-salt\/wp-json\/wp\/v2\/categories?post=4355"},{"taxonomy":"post_tag","embeddable":true,"href":"https:\/\/agora.xtec.cat\/iessalvadorespriu-salt\/wp-json\/wp\/v2\/tags?post=4355"}],"curies":[{"name":"wp","href":"https:\/\/api.w.org\/{rel}","templated":true}]}}