{"id":4214,"date":"2023-03-25T16:36:46","date_gmt":"2023-03-25T15:36:46","guid":{"rendered":"https:\/\/agora.xtec.cat\/iessalvadorespriu-salt\/?p=4214"},"modified":"2023-03-25T17:18:03","modified_gmt":"2023-03-25T16:18:03","slug":"launch-of-the-erasmus-programe","status":"publish","type":"post","link":"https:\/\/agora.xtec.cat\/iessalvadorespriu-salt\/portada\/launch-of-the-erasmus-programe\/","title":{"rendered":"Launch of the Erasmus + programe"},"content":{"rendered":"<p><span style=\"font-weight: 400; color: #0000ff;\">From <a style=\"color: #0000ff;\" href=\"https:\/\/agora.xtec.cat\/iessalvadorespriu-salt\/wp-content\/uploads\/usu2103\/2023\/03\/KA1-Mobility-Projects-360x240-1.png\"><img loading=\"lazy\" decoding=\"async\" class=\"size-full wp-image-4225 alignright\" src=\"https:\/\/agora.xtec.cat\/iessalvadorespriu-salt\/wp-content\/uploads\/usu2103\/2023\/03\/KA1-Mobility-Projects-360x240-1.png\" alt=\"\" width=\"360\" height=\"240\" srcset=\"https:\/\/agora.xtec.cat\/iessalvadorespriu-salt\/wp-content\/uploads\/usu2103\/2023\/03\/KA1-Mobility-Projects-360x240-1.png 360w, https:\/\/agora.xtec.cat\/iessalvadorespriu-salt\/wp-content\/uploads\/usu2103\/2023\/03\/KA1-Mobility-Projects-360x240-1-300x200.png 300w\" sizes=\"auto, (max-width: 360px) 100vw, 360px\" \/><\/a>26th March to 1st April the Erasmus+ students of the first year of high school will enjoy a week in <strong>Guer, France and Brescia, Italy<\/strong>. <\/span><\/p>\n<p><span style=\"font-weight: 400; color: #0000ff;\">They will be accompanied by teachers Raquel S\u00e1nchez, Imma Serra and Neus Fern\u00e1ndez, also head of studies at our school, and Marc Viladomat. Under the title <strong>&#8220;Same &amp; different, Peace &amp; Justice&#8221;<\/strong> the programme will offer different classes related to the theme. It will be a week of linguistic immersion, learning and new experiences. They will take classes in different subjects, but they will also be able to enjoy some of the traditions, culture and landscapes of the friendly country. <em>Bon voyage!\u00a0 Good trip!<\/em><\/span><\/p>\n<p><span style=\"font-weight: 400;\">Del 26 de mar\u00e7 a l\u20191 d\u2019abril els alumnes d\u2019Erasmus+ de 1r de batxillerat gaudiran d\u2019una setmana sencera a <strong>Guer, Fran\u00e7a, i a Brescia, It\u00e0lia<\/strong>. <\/span><\/p>\n<p><span style=\"font-weight: 400;\">Els acompanyaran les professores Raquel S\u00e1nchez, Imma Serra i Neus Fern\u00e1ndez (tamb\u00e9 cap d\u2019estudis del nostre institut) i en Marc Viladomat. Sota el t\u00edtol<strong> \u201cSame &amp; different, Peace &amp; Justice\u201d<\/strong> el programa oferir\u00e0 diferents classes relacionades amb el tema. Ser\u00e0 una setmana d\u2019immersi\u00f3 ling\u00fc\u00edstica, aprenentatges i noves experi\u00e8ncies. Faran classes de diverses mat\u00e8ries, per\u00f2 tamb\u00e9 podran gaudir d\u2019algunes de les tradicions, cultura i paisatges del pa\u00eds amfitri\u00f3. <em>Bon viatge! Bon voyage! Buon viaggio!<\/em><\/span><\/p>\n<p><a href=\"https:\/\/agora.xtec.cat\/iessalvadorespriu-salt\/wp-content\/uploads\/usu2103\/2023\/03\/Logo-Project-2023.png\"><img loading=\"lazy\" decoding=\"async\" class=\"alignnone size-full wp-image-4226\" src=\"https:\/\/agora.xtec.cat\/iessalvadorespriu-salt\/wp-content\/uploads\/usu2103\/2023\/03\/Logo-Project-2023.png\" alt=\"\" width=\"253\" height=\"253\" srcset=\"https:\/\/agora.xtec.cat\/iessalvadorespriu-salt\/wp-content\/uploads\/usu2103\/2023\/03\/Logo-Project-2023.png 253w, https:\/\/agora.xtec.cat\/iessalvadorespriu-salt\/wp-content\/uploads\/usu2103\/2023\/03\/Logo-Project-2023-150x150.png 150w\" sizes=\"auto, (max-width: 253px) 100vw, 253px\" \/><\/a><\/p>\n<p>&nbsp;<\/p>\n<p>&nbsp;<\/p>\n<p>&nbsp;<\/p>\n<p>&nbsp;<\/p>\n","protected":false},"excerpt":{"rendered":"<p>From 26th March to 1st April the Erasmus+ students of the first year of high school will enjoy a week in Guer, France and Brescia, Italy. They will be accompanied by teachers Raquel S\u00e1nchez, Imma Serra and Neus Fern\u00e1ndez, also head of studies at our school, and Marc Viladomat. Under the title &#8220;Same &amp; different, [&hellip;]<\/p>\n","protected":false},"author":12,"featured_media":4215,"comment_status":"closed","ping_status":"closed","sticky":false,"template":"","format":"standard","meta":{"_bbp_topic_count":0,"_bbp_reply_count":0,"_bbp_total_topic_count":0,"_bbp_total_reply_count":0,"_bbp_voice_count":0,"_bbp_anonymous_reply_count":0,"_bbp_topic_count_hidden":0,"_bbp_reply_count_hidden":0,"_bbp_forum_subforum_count":0,"site-sidebar-layout":"default","site-content-layout":"","ast-site-content-layout":"","site-content-style":"default","site-sidebar-style":"default","ast-global-header-display":"","ast-banner-title-visibility":"","ast-main-header-display":"","ast-hfb-above-header-display":"","ast-hfb-below-header-display":"","ast-hfb-mobile-header-display":"","site-post-title":"","ast-breadcrumbs-content":"","ast-featured-img":"","footer-sml-layout":"","theme-transparent-header-meta":"","adv-header-id-meta":"","stick-header-meta":"","header-above-stick-meta":"","header-main-stick-meta":"","header-below-stick-meta":"","astra-migrate-meta-layouts":"default","ast-page-background-enabled":"default","ast-page-background-meta":{"desktop":{"background-color":"var(--ast-global-color-4)","background-image":"","background-repeat":"repeat","background-position":"center center","background-size":"auto","background-attachment":"scroll","background-type":"","background-media":"","overlay-type":"","overlay-color":"","overlay-opacity":"","overlay-gradient":""},"tablet":{"background-color":"","background-image":"","background-repeat":"repeat","background-position":"center center","background-size":"auto","background-attachment":"scroll","background-type":"","background-media":"","overlay-type":"","overlay-color":"","overlay-opacity":"","overlay-gradient":""},"mobile":{"background-color":"","background-image":"","background-repeat":"repeat","background-position":"center center","background-size":"auto","background-attachment":"scroll","background-type":"","background-media":"","overlay-type":"","overlay-color":"","overlay-opacity":"","overlay-gradient":""}},"ast-content-background-meta":{"desktop":{"background-color":"var(--ast-global-color-5)","background-image":"","background-repeat":"repeat","background-position":"center center","background-size":"auto","background-attachment":"scroll","background-type":"","background-media":"","overlay-type":"","overlay-color":"","overlay-opacity":"","overlay-gradient":""},"tablet":{"background-color":"var(--ast-global-color-5)","background-image":"","background-repeat":"repeat","background-position":"center center","background-size":"auto","background-attachment":"scroll","background-type":"","background-media":"","overlay-type":"","overlay-color":"","overlay-opacity":"","overlay-gradient":""},"mobile":{"background-color":"var(--ast-global-color-5)","background-image":"","background-repeat":"repeat","background-position":"center center","background-size":"auto","background-attachment":"scroll","background-type":"","background-media":"","overlay-type":"","overlay-color":"","overlay-opacity":"","overlay-gradient":""}},"footnotes":""},"categories":[222,29],"tags":[196,259],"class_list":["post-4214","post","type-post","status-publish","format-standard","has-post-thumbnail","hentry","category-erasmus","category-portada","tag-erasmus","tag-projectes"],"post_mailing_queue_ids":[],"_links":{"self":[{"href":"https:\/\/agora.xtec.cat\/iessalvadorespriu-salt\/wp-json\/wp\/v2\/posts\/4214","targetHints":{"allow":["GET"]}}],"collection":[{"href":"https:\/\/agora.xtec.cat\/iessalvadorespriu-salt\/wp-json\/wp\/v2\/posts"}],"about":[{"href":"https:\/\/agora.xtec.cat\/iessalvadorespriu-salt\/wp-json\/wp\/v2\/types\/post"}],"author":[{"embeddable":true,"href":"https:\/\/agora.xtec.cat\/iessalvadorespriu-salt\/wp-json\/wp\/v2\/users\/12"}],"replies":[{"embeddable":true,"href":"https:\/\/agora.xtec.cat\/iessalvadorespriu-salt\/wp-json\/wp\/v2\/comments?post=4214"}],"version-history":[{"count":3,"href":"https:\/\/agora.xtec.cat\/iessalvadorespriu-salt\/wp-json\/wp\/v2\/posts\/4214\/revisions"}],"predecessor-version":[{"id":4229,"href":"https:\/\/agora.xtec.cat\/iessalvadorespriu-salt\/wp-json\/wp\/v2\/posts\/4214\/revisions\/4229"}],"wp:featuredmedia":[{"embeddable":true,"href":"https:\/\/agora.xtec.cat\/iessalvadorespriu-salt\/wp-json\/wp\/v2\/media\/4215"}],"wp:attachment":[{"href":"https:\/\/agora.xtec.cat\/iessalvadorespriu-salt\/wp-json\/wp\/v2\/media?parent=4214"}],"wp:term":[{"taxonomy":"category","embeddable":true,"href":"https:\/\/agora.xtec.cat\/iessalvadorespriu-salt\/wp-json\/wp\/v2\/categories?post=4214"},{"taxonomy":"post_tag","embeddable":true,"href":"https:\/\/agora.xtec.cat\/iessalvadorespriu-salt\/wp-json\/wp\/v2\/tags?post=4214"}],"curies":[{"name":"wp","href":"https:\/\/api.w.org\/{rel}","templated":true}]}}