{"id":3153,"date":"2022-05-11T23:32:14","date_gmt":"2022-05-11T21:32:14","guid":{"rendered":"https:\/\/agora.xtec.cat\/iessalvadorespriu-salt\/?p=3153"},"modified":"2022-05-11T23:35:30","modified_gmt":"2022-05-11T21:35:30","slug":"jardineria-girona-temps-de-flors","status":"publish","type":"post","link":"https:\/\/agora.xtec.cat\/iessalvadorespriu-salt\/portada\/jardineria-girona-temps-de-flors\/","title":{"rendered":"Alumnes de Jardineria participen a &#8220;Girona, Temps de flors&#8221;"},"content":{"rendered":"<p>Els alumnes de 2n del CFGM de Jardineria i Floristeria participen directament aquest any a &#8220;Girona, Temps de flors&#8221; amb un muntatge al jard\u00ed de l&#8217;\u00c0ngel. L&#8217;obra es titula <strong><em>Pas de la b\u00e8stia &#8220;Portacamins de l&#8217;alegria&#8221;<\/em><\/strong> i es podr\u00e0 visitar fins diumenge, 15 de maig, data en qu\u00e8 finalitza el certamen anual.<\/p>\n<p>El muntatge floral es basa a destacar el pas de la b\u00e8stia \u201cPortacamins de l\u2019alegria\u201d. La b\u00e8stia \u00e9s una ll\u00fadriga de Salt, envoltada de monotonia, avorriment i mort, que se simbolitza amb materials inerts de colors foscos i tons apagats. A mesura que la b\u00e8stia avan\u00e7a va deixant al seu pas un rastre de plantes i flors de colors vius i c\u00e0lids, que per contrast ens aporten diversitat, alegria i vida.<\/p>\n<p>&nbsp;<\/p>\n<p>Us convidem a visitar la proposta aix\u00ed com la resta d&#8217;espais i muntatges que aquests dies engalanen la ciutat de Girona.<\/p>\n<p><a href=\"https:\/\/agora.xtec.cat\/iessalvadorespriu-salt\/wp-content\/uploads\/usu2103\/2022\/05\/IMG_20220506_165841.jpg\"><img loading=\"lazy\" decoding=\"async\" class=\"wp-image-3155 aligncenter\" src=\"https:\/\/agora.xtec.cat\/iessalvadorespriu-salt\/wp-content\/uploads\/usu2103\/2022\/05\/IMG_20220506_165841-1024x770.jpg\" alt=\"\" width=\"906\" height=\"681\" srcset=\"https:\/\/agora.xtec.cat\/iessalvadorespriu-salt\/wp-content\/uploads\/usu2103\/2022\/05\/IMG_20220506_165841-1024x770.jpg 1024w, https:\/\/agora.xtec.cat\/iessalvadorespriu-salt\/wp-content\/uploads\/usu2103\/2022\/05\/IMG_20220506_165841-300x226.jpg 300w, https:\/\/agora.xtec.cat\/iessalvadorespriu-salt\/wp-content\/uploads\/usu2103\/2022\/05\/IMG_20220506_165841-768x577.jpg 768w, https:\/\/agora.xtec.cat\/iessalvadorespriu-salt\/wp-content\/uploads\/usu2103\/2022\/05\/IMG_20220506_165841-1536x1155.jpg 1536w, https:\/\/agora.xtec.cat\/iessalvadorespriu-salt\/wp-content\/uploads\/usu2103\/2022\/05\/IMG_20220506_165841-2048x1539.jpg 2048w, https:\/\/agora.xtec.cat\/iessalvadorespriu-salt\/wp-content\/uploads\/usu2103\/2022\/05\/IMG_20220506_165841-200x150.jpg 200w\" sizes=\"auto, (max-width: 906px) 100vw, 906px\" \/><\/a><\/p>\n<p>&nbsp;<\/p>\n","protected":false},"excerpt":{"rendered":"<p>Els alumnes de 2n del CFGM de Jardineria i Floristeria participen directament aquest any a &#8220;Girona, Temps de flors&#8221; amb un muntatge al jard\u00ed de l&#8217;\u00c0ngel. L&#8217;obra es titula Pas de la b\u00e8stia &#8220;Portacamins de l&#8217;alegria&#8221; i es podr\u00e0 visitar fins diumenge, 15 de maig, data en qu\u00e8 finalitza el certamen anual. El muntatge floral [&hellip;]<\/p>\n","protected":false},"author":12,"featured_media":3160,"comment_status":"closed","ping_status":"closed","sticky":false,"template":"","format":"standard","meta":{"_bbp_topic_count":0,"_bbp_reply_count":0,"_bbp_total_topic_count":0,"_bbp_total_reply_count":0,"_bbp_voice_count":0,"_bbp_anonymous_reply_count":0,"_bbp_topic_count_hidden":0,"_bbp_reply_count_hidden":0,"_bbp_forum_subforum_count":0,"site-sidebar-layout":"default","site-content-layout":"","ast-site-content-layout":"","site-content-style":"default","site-sidebar-style":"default","ast-global-header-display":"","ast-banner-title-visibility":"","ast-main-header-display":"","ast-hfb-above-header-display":"","ast-hfb-below-header-display":"","ast-hfb-mobile-header-display":"","site-post-title":"","ast-breadcrumbs-content":"","ast-featured-img":"","footer-sml-layout":"","theme-transparent-header-meta":"","adv-header-id-meta":"","stick-header-meta":"","header-above-stick-meta":"","header-main-stick-meta":"","header-below-stick-meta":"","astra-migrate-meta-layouts":"default","ast-page-background-enabled":"default","ast-page-background-meta":{"desktop":{"background-color":"var(--ast-global-color-4)","background-image":"","background-repeat":"repeat","background-position":"center center","background-size":"auto","background-attachment":"scroll","background-type":"","background-media":"","overlay-type":"","overlay-color":"","overlay-opacity":"","overlay-gradient":""},"tablet":{"background-color":"","background-image":"","background-repeat":"repeat","background-position":"center center","background-size":"auto","background-attachment":"scroll","background-type":"","background-media":"","overlay-type":"","overlay-color":"","overlay-opacity":"","overlay-gradient":""},"mobile":{"background-color":"","background-image":"","background-repeat":"repeat","background-position":"center center","background-size":"auto","background-attachment":"scroll","background-type":"","background-media":"","overlay-type":"","overlay-color":"","overlay-opacity":"","overlay-gradient":""}},"ast-content-background-meta":{"desktop":{"background-color":"var(--ast-global-color-5)","background-image":"","background-repeat":"repeat","background-position":"center center","background-size":"auto","background-attachment":"scroll","background-type":"","background-media":"","overlay-type":"","overlay-color":"","overlay-opacity":"","overlay-gradient":""},"tablet":{"background-color":"var(--ast-global-color-5)","background-image":"","background-repeat":"repeat","background-position":"center center","background-size":"auto","background-attachment":"scroll","background-type":"","background-media":"","overlay-type":"","overlay-color":"","overlay-opacity":"","overlay-gradient":""},"mobile":{"background-color":"var(--ast-global-color-5)","background-image":"","background-repeat":"repeat","background-position":"center center","background-size":"auto","background-attachment":"scroll","background-type":"","background-media":"","overlay-type":"","overlay-color":"","overlay-opacity":"","overlay-gradient":""}},"footnotes":""},"categories":[105,30,29],"tags":[163,173],"class_list":["post-3153","post","type-post","status-publish","format-standard","has-post-thumbnail","hentry","category-cfgm-jar","category-cfgm","category-portada","tag-jardineria","tag-temps-de-flors"],"post_mailing_queue_ids":[],"_links":{"self":[{"href":"https:\/\/agora.xtec.cat\/iessalvadorespriu-salt\/wp-json\/wp\/v2\/posts\/3153","targetHints":{"allow":["GET"]}}],"collection":[{"href":"https:\/\/agora.xtec.cat\/iessalvadorespriu-salt\/wp-json\/wp\/v2\/posts"}],"about":[{"href":"https:\/\/agora.xtec.cat\/iessalvadorespriu-salt\/wp-json\/wp\/v2\/types\/post"}],"author":[{"embeddable":true,"href":"https:\/\/agora.xtec.cat\/iessalvadorespriu-salt\/wp-json\/wp\/v2\/users\/12"}],"replies":[{"embeddable":true,"href":"https:\/\/agora.xtec.cat\/iessalvadorespriu-salt\/wp-json\/wp\/v2\/comments?post=3153"}],"version-history":[{"count":3,"href":"https:\/\/agora.xtec.cat\/iessalvadorespriu-salt\/wp-json\/wp\/v2\/posts\/3153\/revisions"}],"predecessor-version":[{"id":3166,"href":"https:\/\/agora.xtec.cat\/iessalvadorespriu-salt\/wp-json\/wp\/v2\/posts\/3153\/revisions\/3166"}],"wp:featuredmedia":[{"embeddable":true,"href":"https:\/\/agora.xtec.cat\/iessalvadorespriu-salt\/wp-json\/wp\/v2\/media\/3160"}],"wp:attachment":[{"href":"https:\/\/agora.xtec.cat\/iessalvadorespriu-salt\/wp-json\/wp\/v2\/media?parent=3153"}],"wp:term":[{"taxonomy":"category","embeddable":true,"href":"https:\/\/agora.xtec.cat\/iessalvadorespriu-salt\/wp-json\/wp\/v2\/categories?post=3153"},{"taxonomy":"post_tag","embeddable":true,"href":"https:\/\/agora.xtec.cat\/iessalvadorespriu-salt\/wp-json\/wp\/v2\/tags?post=3153"}],"curies":[{"name":"wp","href":"https:\/\/api.w.org\/{rel}","templated":true}]}}