{"id":1825,"date":"2021-05-14T15:29:06","date_gmt":"2021-05-14T13:29:06","guid":{"rendered":"https:\/\/agora.xtec.cat\/iessalvadorespriu-salt\/?p=1825"},"modified":"2021-05-14T15:35:48","modified_gmt":"2021-05-14T13:35:48","slug":"jardineria-terapeutica-gent-gran","status":"publish","type":"post","link":"https:\/\/agora.xtec.cat\/iessalvadorespriu-salt\/general\/jardineria-terapeutica-gent-gran\/","title":{"rendered":"Jardineria terap\u00e8utica per a la gent gran"},"content":{"rendered":"<p><span style=\"font-weight: 400;\">Durant els mesos d\u2019abril i maig hem estrenat els v\u00eddeos de divulgaci\u00f3 <i>Jardineria terap\u00e8utica per a la gent gran de Salt<\/i>.\u00a0\u00c9s<\/span><span style=\"font-weight: 400;\"> un dels projectes de s\u00edntesi que s\u2019est\u00e0 duent a terme amb l\u2019alumnat de segon curs del <strong>Cicle Formatiu de Grau Mitj\u00e0 de Jardineria i Floristeria <\/strong>en col\u00b7laboraci\u00f3 amb el <strong>Centre de Recursos de Salt.<\/strong><\/span><\/p>\n<p><span style=\"font-weight: 400;\">El projecte s\u2019emmarca dins del m\u00f2dul professional de s\u00edntesi, una mena de treball de recerca que engloba compet\u00e8ncies i continguts treballats al llarg de la formaci\u00f3<\/span><span style=\"font-weight: 400;\"> i t\u00e9 com a objectiu principal establir un vincle intergeneracional entre l\u2019alumnat del cicle i els usuaris del Centre de Recursos a trav\u00e9s de les xarxes socials i la jardineria i floristeria.<\/span><\/p>\n<p><span style=\"font-weight: 400;\">Des de l&#8217;inici de la pand\u00e8mia, els m\u00e9s de 400 usuaris i usu\u00e0ries del Centre de Recursos de Salt no han pogut assistir presencialment a tallers, cursos i altres activitats terap\u00e8utiques que habitualment cursaven, fet que ha suposat certes problem\u00e0tiques. \u00c9s per aix\u00f2 que se n\u2019han adaptat les activitats al format de publicacions en xarxes socials, seguiment personalitzat telef\u00f2nic o quadern d\u2019activitats que es pot recollir al centre.<\/span><\/p>\n<p><span style=\"font-weight: 400;\">Donat aquest context i per tal d\u2019impulsar els projectes intergeneracionals, ha nascut la idea de crear <strong>v\u00eddeos<\/strong> sobre temes d\u2019inter\u00e8s <strong>de jardineria i floristeria<\/strong> per publicar-los a les xarxes socials d\u2019ambdues entitats i teixir aix\u00ed aquesta col\u00b7laboraci\u00f3.<\/span><\/p>\n<p><span style=\"font-weight: 400;\">La jardineria est\u00e0 considerada una activitat molt completa i beneficiosa per a la salut, ja que permet treballar la motricitat, la mem\u00f2ria i les facultats cognitives, aix\u00ed mateix facilita el benestar i la salut mental i emocional;\u00a0 la pot realitzar qualsevol persona, ja sigui des d\u2019una casa amb jard\u00ed o des d\u2019un pis.\u00a0<\/span><\/p>\n<p><span style=\"font-weight: 400;\">Tant si sou aficionats a la jardineria com si mai no heu tingut cura d\u2019una planta, no us podeu perdre aquests v\u00eddeos:<\/span><\/p>\n<ul>\n<li aria-level=\"1\"><b><span style=\"font-weight: 400;\"><b style=\"font-family: inherit; font-size: 1em;\">\u201cCura de plantes d\u2019interior\u201d <\/b><\/span><\/b><span style=\"font-weight: 400;\">La J\u00falia, l\u2019Adri\u00e0 i en Rom\u00e0 ens expliquen tot el que cal saber per cuidar 5 esp\u00e8cies diferents de plantes d\u2019interior.\u00a0<\/span><\/li>\n<\/ul>\n<p><iframe loading=\"lazy\" src=\"\/\/www.youtube.com\/embed\/h31uI1S37hI?list=PLCHpx5B-N94-5eMZEsFIUt5o4uAnXxLZi\" width=\"560\" height=\"314\"><\/iframe><\/p>\n<ul>\n<li aria-level=\"1\"><b><span style=\"font-weight: 400;\"><strong>\u201cCom fer un ram de flors\u201d<\/strong>\u00a0En Pau, l\u2019Axel i en Joan ens expliquen les claus per dissenyar i muntar un ram de flors que ens alegri la llar.<\/span><\/b><\/li>\n<\/ul>\n<p><iframe loading=\"lazy\" src=\"\/\/www.youtube.com\/embed\/Pm4Drh5B6p8?list=PLCHpx5B-N94-5eMZEsFIUt5o4uAnXxLZi&amp;index=2\" width=\"560\" height=\"314\"><\/iframe><\/p>\n<ul>\n<li aria-level=\"1\"><b><span style=\"font-weight: 400;\"><strong>\u201cRemeis naturals contra plagues i malalties\u201d<\/strong>\u00a0En Joabe, l\u2019Isaac i en Pere ens parlen de tres remeis naturals i f\u00e0cils de preparar a casa per controlar plagues en les nostres plantes.<\/span><\/b><\/li>\n<\/ul>\n<p><iframe loading=\"lazy\" src=\"\/\/www.youtube.com\/embed\/uMApejFljIY?list=PLCHpx5B-N94-5eMZEsFIUt5o4uAnXxLZi&amp;index=3\" width=\"560\" height=\"314\"><\/iframe><\/p>\n<p>&nbsp;<\/p>\n","protected":false},"excerpt":{"rendered":"<p>Durant els mesos d\u2019abril i maig hem estrenat els v\u00eddeos de divulgaci\u00f3 Jardineria terap\u00e8utica per a la gent gran de Salt.\u00a0\u00c9s un dels projectes de s\u00edntesi que s\u2019est\u00e0 duent a terme amb l\u2019alumnat de segon curs del Cicle Formatiu de Grau Mitj\u00e0 de Jardineria i Floristeria en col\u00b7laboraci\u00f3 amb el Centre de Recursos de Salt. [&hellip;]<\/p>\n","protected":false},"author":12,"featured_media":1864,"comment_status":"closed","ping_status":"closed","sticky":false,"template":"","format":"standard","meta":{"_bbp_topic_count":0,"_bbp_reply_count":0,"_bbp_total_topic_count":0,"_bbp_total_reply_count":0,"_bbp_voice_count":0,"_bbp_anonymous_reply_count":0,"_bbp_topic_count_hidden":0,"_bbp_reply_count_hidden":0,"_bbp_forum_subforum_count":0,"site-sidebar-layout":"default","site-content-layout":"","ast-site-content-layout":"","site-content-style":"default","site-sidebar-style":"default","ast-global-header-display":"","ast-banner-title-visibility":"","ast-main-header-display":"","ast-hfb-above-header-display":"","ast-hfb-below-header-display":"","ast-hfb-mobile-header-display":"","site-post-title":"","ast-breadcrumbs-content":"","ast-featured-img":"","footer-sml-layout":"","theme-transparent-header-meta":"","adv-header-id-meta":"","stick-header-meta":"","header-above-stick-meta":"","header-main-stick-meta":"","header-below-stick-meta":"","astra-migrate-meta-layouts":"default","ast-page-background-enabled":"default","ast-page-background-meta":{"desktop":{"background-color":"var(--ast-global-color-4)","background-image":"","background-repeat":"repeat","background-position":"center center","background-size":"auto","background-attachment":"scroll","background-type":"","background-media":"","overlay-type":"","overlay-color":"","overlay-opacity":"","overlay-gradient":""},"tablet":{"background-color":"","background-image":"","background-repeat":"repeat","background-position":"center center","background-size":"auto","background-attachment":"scroll","background-type":"","background-media":"","overlay-type":"","overlay-color":"","overlay-opacity":"","overlay-gradient":""},"mobile":{"background-color":"","background-image":"","background-repeat":"repeat","background-position":"center center","background-size":"auto","background-attachment":"scroll","background-type":"","background-media":"","overlay-type":"","overlay-color":"","overlay-opacity":"","overlay-gradient":""}},"ast-content-background-meta":{"desktop":{"background-color":"var(--ast-global-color-5)","background-image":"","background-repeat":"repeat","background-position":"center center","background-size":"auto","background-attachment":"scroll","background-type":"","background-media":"","overlay-type":"","overlay-color":"","overlay-opacity":"","overlay-gradient":""},"tablet":{"background-color":"var(--ast-global-color-5)","background-image":"","background-repeat":"repeat","background-position":"center center","background-size":"auto","background-attachment":"scroll","background-type":"","background-media":"","overlay-type":"","overlay-color":"","overlay-opacity":"","overlay-gradient":""},"mobile":{"background-color":"var(--ast-global-color-5)","background-image":"","background-repeat":"repeat","background-position":"center center","background-size":"auto","background-attachment":"scroll","background-type":"","background-media":"","overlay-type":"","overlay-color":"","overlay-opacity":"","overlay-gradient":""}},"footnotes":""},"categories":[105,1,29],"tags":[],"class_list":["post-1825","post","type-post","status-publish","format-standard","has-post-thumbnail","hentry","category-cfgm-jar","category-general","category-portada"],"post_mailing_queue_ids":[],"_links":{"self":[{"href":"https:\/\/agora.xtec.cat\/iessalvadorespriu-salt\/wp-json\/wp\/v2\/posts\/1825","targetHints":{"allow":["GET"]}}],"collection":[{"href":"https:\/\/agora.xtec.cat\/iessalvadorespriu-salt\/wp-json\/wp\/v2\/posts"}],"about":[{"href":"https:\/\/agora.xtec.cat\/iessalvadorespriu-salt\/wp-json\/wp\/v2\/types\/post"}],"author":[{"embeddable":true,"href":"https:\/\/agora.xtec.cat\/iessalvadorespriu-salt\/wp-json\/wp\/v2\/users\/12"}],"replies":[{"embeddable":true,"href":"https:\/\/agora.xtec.cat\/iessalvadorespriu-salt\/wp-json\/wp\/v2\/comments?post=1825"}],"version-history":[{"count":3,"href":"https:\/\/agora.xtec.cat\/iessalvadorespriu-salt\/wp-json\/wp\/v2\/posts\/1825\/revisions"}],"predecessor-version":[{"id":1893,"href":"https:\/\/agora.xtec.cat\/iessalvadorespriu-salt\/wp-json\/wp\/v2\/posts\/1825\/revisions\/1893"}],"wp:featuredmedia":[{"embeddable":true,"href":"https:\/\/agora.xtec.cat\/iessalvadorespriu-salt\/wp-json\/wp\/v2\/media\/1864"}],"wp:attachment":[{"href":"https:\/\/agora.xtec.cat\/iessalvadorespriu-salt\/wp-json\/wp\/v2\/media?parent=1825"}],"wp:term":[{"taxonomy":"category","embeddable":true,"href":"https:\/\/agora.xtec.cat\/iessalvadorespriu-salt\/wp-json\/wp\/v2\/categories?post=1825"},{"taxonomy":"post_tag","embeddable":true,"href":"https:\/\/agora.xtec.cat\/iessalvadorespriu-salt\/wp-json\/wp\/v2\/tags?post=1825"}],"curies":[{"name":"wp","href":"https:\/\/api.w.org\/{rel}","templated":true}]}}