{"id":109,"count":6,"description":"<strong>PFI \u2013 PTT AUXILIAR EN MUNTATGES D\u2019INSTAL\u00b7LACIONS EL\u00c8CTRIQUES D\u2019AIGUA I GAS<\/strong>\r\n\r\n<strong><em>Finalitats<\/em><\/strong>\r\nEn aquest programa aprendr\u00e0s a realitzar operacions de muntatge d\u2019instal\u00b7lacions el\u00e8ctriques de baixa tensi\u00f3 i dom\u00f2tiques en edificis, realitzar operacions de muntatge d\u2019instal\u00b7lacions de telecomunicacions, realitzar operacions de fontaneria, tot amb el compliment de les mesures de prevenci\u00f3 de riscos laborals.\r\n\r\n<strong><em>Caracter\u00edstiques<\/em><\/strong>\r\n\uf0b7<strong> Perfil professional:<\/strong> Auxiliar de muntatges d\u2019instal\u00b7lacions el\u00e8ctriques, d'aigua i gas\r\n\uf0b7 <strong>Codi:<\/strong>\u00a0PFI EE02\r\n\uf0b7 <strong>Fam\u00edlia professional:\u00a0<\/strong>Electricitat i electr\u00f2nica\r\n\uf0b7 <strong>T\u00edtol de refer\u00e8ncia:<\/strong>\u00a0Professional b\u00e0sic en electricitat i electr\u00f2nica\r\n\uf0b7 <strong>Durada total:<\/strong> 1.000 hores\r\n\r\n<em><strong>Requisits per accedir-hi<\/strong><\/em>\r\n\uf0b7 Tenir, com a m\u00ednim,\u00a016 anys i, com a m\u00e0xim 21, durant l\u2019any d\u2019inici del\r\nprograma.\r\n\uf0b7 No haver obtingut el t\u00edtol de graduat en Educaci\u00f3 Secund\u00e0ria Obligat\u00f2ria (ESO).\r\n\r\n<strong><em>Continguts<\/em><\/strong>\r\n<strong>\u00a0I. M\u00d2DULS DE FORMACI\u00d3 PROFESSIONAL<\/strong>\r\n<strong>\uf0b7 M\u00f2duls de formaci\u00f3 professional (entre 615 i 665 hores)<\/strong>\r\no Operacions de Fontaneria\r\no Instal\u00b7lacions de Telecomunicacions\r\no Instal\u00b7lacions El\u00e8ctriques i Dom\u00f2tiques\r\no Projecte Integrat\r\no Formaci\u00f3 B\u00e0sica en Prevenci\u00f3 de Riscos Laborals\r\no Formaci\u00f3 Pr\u00e0ctica en Empreses (m\u00ednim 180 hores)\r\n\r\n<strong>II. M\u00d2DULS DE FORMACI\u00d3 GENERAL<\/strong>\r\n<strong>\uf0b7 M\u00f2duls de formaci\u00f3 general (entre 295 i 345 hores)<\/strong>\r\no Estrat\u00e8gies i Eines de Comunicaci\u00f3\r\no Entorn Social i Territorial\r\no Estrat\u00e8gies i Eines Matem\u00e0tiques\r\no Incorporaci\u00f3 al M\u00f3n Professional\r\n\r\n<em><strong>I despr\u00e9s?<\/strong><\/em>\r\n<strong>De qu\u00e8 podr\u00e9 treballar amb aquest t\u00edtol?<\/strong>\r\n\r\nLes ocupacions i llocs de treball m\u00e9s rellevants s\u00f3n els seg\u00fcents:\r\n\uf0b7 Operari d'instal\u00b7lacions el\u00e8ctriques de baixa tensi\u00f3.\r\n\uf0b7 Ajudant d'instal\u00b7lador i reparador d'equips telef\u00f2nics i telegr\u00e0fics.\r\n\uf0b7 Ajudant d'instal\u00b7lador d'equips i sistemes de comunicaci\u00f3.\r\n\uf0b7 Ajudant d'instal\u00b7lador reparador d'instal\u00b7lacions telef\u00f2niques.\r\n\uf0b7 Pe\u00f3 de la ind\u00fastria de producci\u00f3 i distribuci\u00f3 d'energia el\u00e8ctrica.\r\n\uf0b7 Operari auxiliar en la instal\u00b7laci\u00f3 i el manteniment d'instal\u00b7lacions de\r\nsubministrament i evacuaci\u00f3 d'aigua.\r\n\uf0b7 Operari auxiliar de fontaneria, operari.\r\n\uf0b7 Auxiliar en la instal\u00b7laci\u00f3 i el manteniment d'instal\u00b7lacions de calefacci\u00f3.\r\n\r\n<em><strong>Continu\u00eftat<\/strong><\/em>\r\n\uf0b7 Certificaci\u00f3 acad\u00e8mica i professional que cont\u00e9 la qualificaci\u00f3 final obtinguda en el programa de formaci\u00f3 i inserci\u00f3 (PFI) i acredita les compet\u00e8ncies professionals assolides.\r\n\uf0b7 Millors possibilitats per a la superaci\u00f3 de la prova d\u2019acc\u00e9s als cicles formatius de grau mitj\u00e0.\r\n\uf0b7 Obtenci\u00f3 del certificat de professionalitat ELES0208 Operacions auxiliars de muntatge d'instal\u00b7lacions electrot\u00e8cniques i de telecomunicacions en edificis, que emet l'Administraci\u00f3 laboral.\r\n\uf0b7 Reconeixement dels m\u00f2duls professionals superats en el programa de formaci\u00f3 i inserci\u00f3 (PFI) per a l\u2019obtenci\u00f3 del t\u00edtol professional b\u00e0sic associat al perfil.\r\n\uf0b7 Acc\u00e9s als centres de formaci\u00f3 d\u2019adults per obtenir el GESO, sense complir el requisit de tenir 18 anys.\r\n\r\nPer a m\u00e9s informaci\u00f3 podeu visitar la p\u00e0gina web de la Generalitat de Catalunya:\u00a0<a href=\"http:\/\/queestudiar.gencat.cat\/ca\/estudis\/pfi\/cicles\/electricitat-electronica\/?p_id=2774&amp;estudi\">http:\/\/queestudiar.gencat.cat\/ca\/estudis\/pfi\/cicles\/electricitat-electronica\/?p_id=2774&amp;estudi<\/a>","link":"https:\/\/agora.xtec.cat\/iessalvadorespriu-salt\/categoria\/pfi-ptt\/pfi-ptt-installacions\/","name":"Programa de Formaci\u00f3 i Inserci\u00f3 (PFI-PTT) Instal\u00b7lacions","slug":"pfi-ptt-installacions","taxonomy":"category","parent":107,"meta":[],"_links":{"self":[{"href":"https:\/\/agora.xtec.cat\/iessalvadorespriu-salt\/wp-json\/wp\/v2\/categories\/109","targetHints":{"allow":["GET"]}}],"collection":[{"href":"https:\/\/agora.xtec.cat\/iessalvadorespriu-salt\/wp-json\/wp\/v2\/categories"}],"about":[{"href":"https:\/\/agora.xtec.cat\/iessalvadorespriu-salt\/wp-json\/wp\/v2\/taxonomies\/category"}],"up":[{"embeddable":true,"href":"https:\/\/agora.xtec.cat\/iessalvadorespriu-salt\/wp-json\/wp\/v2\/categories\/107"}],"wp:post_type":[{"href":"https:\/\/agora.xtec.cat\/iessalvadorespriu-salt\/wp-json\/wp\/v2\/posts?categories=109"}],"curies":[{"name":"wp","href":"https:\/\/api.w.org\/{rel}","templated":true}]}}