{"id":22294,"date":"2021-11-25T21:24:44","date_gmt":"2021-11-25T20:24:44","guid":{"rendered":"https:\/\/agora.xtec.cat\/iesroquetes\/?p=22294"},"modified":"2021-11-25T21:24:44","modified_gmt":"2021-11-25T20:24:44","slug":"lliures-i-sense-por-25n","status":"publish","type":"post","link":"https:\/\/agora.xtec.cat\/iesroquetes\/eso\/lliures-i-sense-por-25n\/","title":{"rendered":"Lliures i sense por 25N"},"content":{"rendered":"<div class=\"ast-oembed-container \" style=\"height: 100%;\"><iframe loading=\"lazy\" title=\"25N 2021 Institut Roquetes\" width=\"500\" height=\"281\" src=\"https:\/\/www.youtube.com\/embed\/8_ohkpHOFhA?feature=oembed\" frameborder=\"0\" allow=\"accelerometer; autoplay; clipboard-write; encrypted-media; gyroscope; picture-in-picture; web-share\" referrerpolicy=\"strict-origin-when-cross-origin\" allowfullscreen><\/iframe><\/div>\n<div class=\"a8nywdso j7796vcc rz4wbd8a l29c1vbm\">\n<p><span class=\"d2edcug0 hpfvmrgz qv66sw1b c1et5uql lr9zc1uh a8c37x1j keod5gw0 nxhoafnm aigsh9s9 d3f4x2em fe6kdd0r mau55g9w c8b282yb iv3no6db jq4qci2q a3bd9o3v b1v8xokw oo9gr5id\" dir=\"auto\">Avui al pati el nostre alumnat ha fet una performance amb motiu del 25 de novembre\u00a0<a class=\"oajrlxb2 g5ia77u1 qu0x051f esr5mh6w e9989ue4 r7d6kgcz rq0escxv nhd2j8a9 nc684nl6 p7hjln8o kvgmc6g5 cxmmr5t8 oygrvhab hcukyx3x jb3vyjys rz4wbd8a qt6c0cv9 a8nywdso i1ao9s8h esuyzwwr f1sip0of lzcic4wl oo9gr5id gpro0wi8 lrazzd5p\" role=\"link\" href=\"https:\/\/www.facebook.com\/hashtag\/lliuresisensepor?__eep__=6&amp;__tn__=*NK*F\">#lliuresisensepor<\/a><\/span><\/p>\n<p>Aquesta performance \u00e9s un acte reivindicatiu en contra de la viol\u00e8ncia, de totes les viol\u00e8ncies, en especial contra la viol\u00e8ncia masclista, aquella que \u00e9s exercida contra les dones pel simple fet de ser dona.<\/p>\n<p>Avui, 25 de novembre volem visibilitzar la viol\u00e8ncia exercida contra les dones i exigir-ne la seua eliminaci\u00f3.<\/p>\n<p>Per\u00f2 qu\u00e8 \u00e9s la viol\u00e8ncia?<br \/>\nviol\u00e8ncia \u00e9s sotmetre<br \/>\nviol\u00e8ncia \u00e9s oprimir<br \/>\nviol\u00e8ncia \u00e9s humiliar<br \/>\nviol\u00e8ncia \u00e9s anul\u00b7lar<br \/>\nviol\u00e8ncia \u00e9s matar<\/p>\n<p>El resultat de la viol\u00e8ncia \u00e9s la POR<\/p>\n<p>Amb aquesta performance volem reflexar com les forces contraposades de l\u2019agressor i la v\u00edctima, porten a la destrucci\u00f3, la r\u00e0bia, la por&#8230;<br \/>\nCom la viol\u00e8ncia i el domini privem de la llibertat i aix\u00f2 genera impot\u00e8ncia, r\u00e0bia, por\u2026<br \/>\nVolem mostrar com la viol\u00e8ncia genera m\u00e9s viol\u00e8ncia en un cercle vici\u00f3s que no es trencar mai, sin\u00f3 que cada cop \u00e9s m\u00e9s violent i terrible.<br \/>\nVolem acabar amb el concepte binari de forces contraposades:<br \/>\nhome &#8211; dona<br \/>\nagressor &#8211; v\u00edctima<br \/>\nviol\u00e8ncia &#8211; por<\/p>\n<p>Volem ser lliures,<br \/>\ndesenvolupar-nos com a persones<br \/>\nestimar-nos com a persones<br \/>\nno sentir por.<br \/>\nVolem mirar-nos als ulls i recon\u00e8ixer en els ulls que ens miren una mirada amiga.<br \/>\nVolem viure: Lliures i sense por!<\/p>\n<\/div>\n","protected":false},"excerpt":{"rendered":"<p>Avui 25N, sota el lema #lliuresisensepor el nostre alumnat ha fet una performance reivindicativa al pati<\/p>\n","protected":false},"author":4,"featured_media":22295,"comment_status":"open","ping_status":"closed","sticky":false,"template":"","format":"standard","meta":{"_bbp_topic_count":0,"_bbp_reply_count":0,"_bbp_total_topic_count":0,"_bbp_total_reply_count":0,"_bbp_voice_count":0,"_bbp_anonymous_reply_count":0,"_bbp_topic_count_hidden":0,"_bbp_reply_count_hidden":0,"_bbp_forum_subforum_count":0,"site-sidebar-layout":"default","site-content-layout":"","ast-site-content-layout":"","site-content-style":"default","site-sidebar-style":"default","ast-global-header-display":"","ast-banner-title-visibility":"","ast-main-header-display":"","ast-hfb-above-header-display":"","ast-hfb-below-header-display":"","ast-hfb-mobile-header-display":"","site-post-title":"","ast-breadcrumbs-content":"","ast-featured-img":"","footer-sml-layout":"","theme-transparent-header-meta":"","adv-header-id-meta":"","stick-header-meta":"","header-above-stick-meta":"","header-main-stick-meta":"","header-below-stick-meta":"","astra-migrate-meta-layouts":"default","ast-page-background-enabled":"default","ast-page-background-meta":{"desktop":{"background-color":"var(--ast-global-color-4)","background-image":"","background-repeat":"repeat","background-position":"center center","background-size":"auto","background-attachment":"scroll","background-type":"","background-media":"","overlay-type":"","overlay-color":"","overlay-opacity":"","overlay-gradient":""},"tablet":{"background-color":"","background-image":"","background-repeat":"repeat","background-position":"center center","background-size":"auto","background-attachment":"scroll","background-type":"","background-media":"","overlay-type":"","overlay-color":"","overlay-opacity":"","overlay-gradient":""},"mobile":{"background-color":"","background-image":"","background-repeat":"repeat","background-position":"center center","background-size":"auto","background-attachment":"scroll","background-type":"","background-media":"","overlay-type":"","overlay-color":"","overlay-opacity":"","overlay-gradient":""}},"ast-content-background-meta":{"desktop":{"background-color":"var(--ast-global-color-5)","background-image":"","background-repeat":"repeat","background-position":"center center","background-size":"auto","background-attachment":"scroll","background-type":"","background-media":"","overlay-type":"","overlay-color":"","overlay-opacity":"","overlay-gradient":""},"tablet":{"background-color":"var(--ast-global-color-5)","background-image":"","background-repeat":"repeat","background-position":"center center","background-size":"auto","background-attachment":"scroll","background-type":"","background-media":"","overlay-type":"","overlay-color":"","overlay-opacity":"","overlay-gradient":""},"mobile":{"background-color":"var(--ast-global-color-5)","background-image":"","background-repeat":"repeat","background-position":"center center","background-size":"auto","background-attachment":"scroll","background-type":"","background-media":"","overlay-type":"","overlay-color":"","overlay-opacity":"","overlay-gradient":""}},"footnotes":""},"categories":[93,8,578,3,29],"tags":[516,604,242,610,605],"class_list":["post-22294","post","type-post","status-publish","format-standard","has-post-thumbnail","hentry","category-activitats","category-batxillerat","category-curs-21-22","category-eso","category-portada","tag-coeducacio","tag-dia-internacional-per-a-leliminacio-de-la-violencia-envers-les-dones","tag-violencia-de-genere","tag-violencia-masclista","tag-violencia-zero"],"post_mailing_queue_ids":[],"_links":{"self":[{"href":"https:\/\/agora.xtec.cat\/iesroquetes\/wp-json\/wp\/v2\/posts\/22294","targetHints":{"allow":["GET"]}}],"collection":[{"href":"https:\/\/agora.xtec.cat\/iesroquetes\/wp-json\/wp\/v2\/posts"}],"about":[{"href":"https:\/\/agora.xtec.cat\/iesroquetes\/wp-json\/wp\/v2\/types\/post"}],"author":[{"embeddable":true,"href":"https:\/\/agora.xtec.cat\/iesroquetes\/wp-json\/wp\/v2\/users\/4"}],"replies":[{"embeddable":true,"href":"https:\/\/agora.xtec.cat\/iesroquetes\/wp-json\/wp\/v2\/comments?post=22294"}],"version-history":[{"count":2,"href":"https:\/\/agora.xtec.cat\/iesroquetes\/wp-json\/wp\/v2\/posts\/22294\/revisions"}],"predecessor-version":[{"id":22298,"href":"https:\/\/agora.xtec.cat\/iesroquetes\/wp-json\/wp\/v2\/posts\/22294\/revisions\/22298"}],"wp:featuredmedia":[{"embeddable":true,"href":"https:\/\/agora.xtec.cat\/iesroquetes\/wp-json\/wp\/v2\/media\/22295"}],"wp:attachment":[{"href":"https:\/\/agora.xtec.cat\/iesroquetes\/wp-json\/wp\/v2\/media?parent=22294"}],"wp:term":[{"taxonomy":"category","embeddable":true,"href":"https:\/\/agora.xtec.cat\/iesroquetes\/wp-json\/wp\/v2\/categories?post=22294"},{"taxonomy":"post_tag","embeddable":true,"href":"https:\/\/agora.xtec.cat\/iesroquetes\/wp-json\/wp\/v2\/tags?post=22294"}],"curies":[{"name":"wp","href":"https:\/\/api.w.org\/{rel}","templated":true}]}}