{"id":5202,"date":"2021-09-21T21:50:59","date_gmt":"2021-09-21T19:50:59","guid":{"rendered":"https:\/\/agora.xtec.cat\/iesridaura\/?p=5202"},"modified":"2021-09-22T08:24:50","modified_gmt":"2021-09-22T06:24:50","slug":"setmana-europea-de-la-mobilitat-sostenible","status":"publish","type":"post","link":"https:\/\/agora.xtec.cat\/iesridaura\/general\/setmana-europea-de-la-mobilitat-sostenible\/","title":{"rendered":"Setmana Europea de la mobilitat sostenible"},"content":{"rendered":"<p><!--more--><\/p>\n<p>Per celebrar la Setmana Europea de la mobilitat sostenible, les \u00e0rees de joventut de Castell-Platja d&#8217;Aro i de Santa Cristina d&#8217;Aro han organitzat una jornada de transport sostenible a l&#8217;Institut Ridaura. Els alumnes d&#8217;aquestes dues poblacions s&#8217;han despla\u00e7at al nostre centre amb bicicleta per promoure la salut i l&#8217;esport, aix\u00ed com la mobilitat responsable.<\/p>\n<p>Encoratgem el nostre alumnat a fer-ne un \u00fas m\u00e9s habitual per tal de fer d&#8217;aquesta jornada un h\u00e0bit constant i saludable.<\/p>\n<p><a href=\"https:\/\/agora.xtec.cat\/iesridaura\/wp-content\/uploads\/usu1163\/2021\/09\/WhatsApp-Image-2021-09-21-at-08.17.39.jpeg\"><img loading=\"lazy\" decoding=\"async\" src=\"https:\/\/agora.xtec.cat\/iesridaura\/wp-content\/uploads\/usu1163\/2021\/09\/WhatsApp-Image-2021-09-21-at-08.17.39-1024x769.jpeg\" alt=\"\" width=\"1024\" height=\"769\" class=\"alignnone size-large wp-image-5203\" srcset=\"https:\/\/agora.xtec.cat\/iesridaura\/wp-content\/uploads\/usu1163\/2021\/09\/WhatsApp-Image-2021-09-21-at-08.17.39-1024x769.jpeg 1024w, https:\/\/agora.xtec.cat\/iesridaura\/wp-content\/uploads\/usu1163\/2021\/09\/WhatsApp-Image-2021-09-21-at-08.17.39-300x225.jpeg 300w, https:\/\/agora.xtec.cat\/iesridaura\/wp-content\/uploads\/usu1163\/2021\/09\/WhatsApp-Image-2021-09-21-at-08.17.39-768x576.jpeg 768w, https:\/\/agora.xtec.cat\/iesridaura\/wp-content\/uploads\/usu1163\/2021\/09\/WhatsApp-Image-2021-09-21-at-08.17.39-1536x1153.jpeg 1536w, https:\/\/agora.xtec.cat\/iesridaura\/wp-content\/uploads\/usu1163\/2021\/09\/WhatsApp-Image-2021-09-21-at-08.17.39-200x150.jpeg 200w, https:\/\/agora.xtec.cat\/iesridaura\/wp-content\/uploads\/usu1163\/2021\/09\/WhatsApp-Image-2021-09-21-at-08.17.39.jpeg 2048w\" sizes=\"auto, (max-width: 1024px) 100vw, 1024px\" \/><\/a><\/p>\n<p><a href=\"https:\/\/agora.xtec.cat\/iesridaura\/wp-content\/uploads\/usu1163\/2021\/09\/WhatsApp-Image-2021-09-21-at-20.54.01.jpeg\"><img loading=\"lazy\" decoding=\"async\" src=\"https:\/\/agora.xtec.cat\/iesridaura\/wp-content\/uploads\/usu1163\/2021\/09\/WhatsApp-Image-2021-09-21-at-20.54.01-1024x768.jpeg\" alt=\"\" width=\"1024\" height=\"768\" class=\"alignnone size-large wp-image-5204\" srcset=\"https:\/\/agora.xtec.cat\/iesridaura\/wp-content\/uploads\/usu1163\/2021\/09\/WhatsApp-Image-2021-09-21-at-20.54.01-1024x768.jpeg 1024w, https:\/\/agora.xtec.cat\/iesridaura\/wp-content\/uploads\/usu1163\/2021\/09\/WhatsApp-Image-2021-09-21-at-20.54.01-300x225.jpeg 300w, https:\/\/agora.xtec.cat\/iesridaura\/wp-content\/uploads\/usu1163\/2021\/09\/WhatsApp-Image-2021-09-21-at-20.54.01-768x576.jpeg 768w, https:\/\/agora.xtec.cat\/iesridaura\/wp-content\/uploads\/usu1163\/2021\/09\/WhatsApp-Image-2021-09-21-at-20.54.01-1536x1152.jpeg 1536w, https:\/\/agora.xtec.cat\/iesridaura\/wp-content\/uploads\/usu1163\/2021\/09\/WhatsApp-Image-2021-09-21-at-20.54.01-200x150.jpeg 200w, https:\/\/agora.xtec.cat\/iesridaura\/wp-content\/uploads\/usu1163\/2021\/09\/WhatsApp-Image-2021-09-21-at-20.54.01.jpeg 2048w\" sizes=\"auto, (max-width: 1024px) 100vw, 1024px\" \/><\/a><\/p>\n<p><a href=\"https:\/\/agora.xtec.cat\/iesridaura\/wp-content\/uploads\/usu1163\/2021\/09\/WhatsApp-Image-2021-09-21-at-08.17.39-1.jpeg\"><img loading=\"lazy\" decoding=\"async\" src=\"https:\/\/agora.xtec.cat\/iesridaura\/wp-content\/uploads\/usu1163\/2021\/09\/WhatsApp-Image-2021-09-21-at-08.17.39-1-724x1024.jpeg\" alt=\"\" width=\"724\" height=\"1024\" class=\"alignnone size-large wp-image-5206\" srcset=\"https:\/\/agora.xtec.cat\/iesridaura\/wp-content\/uploads\/usu1163\/2021\/09\/WhatsApp-Image-2021-09-21-at-08.17.39-1-724x1024.jpeg 724w, https:\/\/agora.xtec.cat\/iesridaura\/wp-content\/uploads\/usu1163\/2021\/09\/WhatsApp-Image-2021-09-21-at-08.17.39-1-212x300.jpeg 212w, https:\/\/agora.xtec.cat\/iesridaura\/wp-content\/uploads\/usu1163\/2021\/09\/WhatsApp-Image-2021-09-21-at-08.17.39-1-768x1086.jpeg 768w, https:\/\/agora.xtec.cat\/iesridaura\/wp-content\/uploads\/usu1163\/2021\/09\/WhatsApp-Image-2021-09-21-at-08.17.39-1-1086x1536.jpeg 1086w, https:\/\/agora.xtec.cat\/iesridaura\/wp-content\/uploads\/usu1163\/2021\/09\/WhatsApp-Image-2021-09-21-at-08.17.39-1.jpeg 1131w\" sizes=\"auto, (max-width: 724px) 100vw, 724px\" \/><\/a><\/p>\n","protected":false},"excerpt":{"rendered":"","protected":false},"author":1,"featured_media":5204,"comment_status":"open","ping_status":"closed","sticky":false,"template":"","format":"standard","meta":{"_bbp_topic_count":0,"_bbp_reply_count":0,"_bbp_total_topic_count":0,"_bbp_total_reply_count":0,"_bbp_voice_count":0,"_bbp_anonymous_reply_count":0,"_bbp_topic_count_hidden":0,"_bbp_reply_count_hidden":0,"_bbp_forum_subforum_count":0,"site-sidebar-layout":"default","site-content-layout":"","ast-site-content-layout":"","site-content-style":"default","site-sidebar-style":"default","ast-global-header-display":"","ast-banner-title-visibility":"","ast-main-header-display":"","ast-hfb-above-header-display":"","ast-hfb-below-header-display":"","ast-hfb-mobile-header-display":"","site-post-title":"","ast-breadcrumbs-content":"","ast-featured-img":"","footer-sml-layout":"","theme-transparent-header-meta":"","adv-header-id-meta":"","stick-header-meta":"","header-above-stick-meta":"","header-main-stick-meta":"","header-below-stick-meta":"","astra-migrate-meta-layouts":"default","ast-page-background-enabled":"default","ast-page-background-meta":{"desktop":{"background-color":"var(--ast-global-color-4)","background-image":"","background-repeat":"repeat","background-position":"center center","background-size":"auto","background-attachment":"scroll","background-type":"","background-media":"","overlay-type":"","overlay-color":"","overlay-opacity":"","overlay-gradient":""},"tablet":{"background-color":"","background-image":"","background-repeat":"repeat","background-position":"center center","background-size":"auto","background-attachment":"scroll","background-type":"","background-media":"","overlay-type":"","overlay-color":"","overlay-opacity":"","overlay-gradient":""},"mobile":{"background-color":"","background-image":"","background-repeat":"repeat","background-position":"center center","background-size":"auto","background-attachment":"scroll","background-type":"","background-media":"","overlay-type":"","overlay-color":"","overlay-opacity":"","overlay-gradient":""}},"ast-content-background-meta":{"desktop":{"background-color":"var(--ast-global-color-5)","background-image":"","background-repeat":"repeat","background-position":"center center","background-size":"auto","background-attachment":"scroll","background-type":"","background-media":"","overlay-type":"","overlay-color":"","overlay-opacity":"","overlay-gradient":""},"tablet":{"background-color":"var(--ast-global-color-5)","background-image":"","background-repeat":"repeat","background-position":"center center","background-size":"auto","background-attachment":"scroll","background-type":"","background-media":"","overlay-type":"","overlay-color":"","overlay-opacity":"","overlay-gradient":""},"mobile":{"background-color":"var(--ast-global-color-5)","background-image":"","background-repeat":"repeat","background-position":"center center","background-size":"auto","background-attachment":"scroll","background-type":"","background-media":"","overlay-type":"","overlay-color":"","overlay-opacity":"","overlay-gradient":""}},"footnotes":""},"categories":[1,29],"tags":[323,324,322,45],"class_list":["post-5202","post","type-post","status-publish","format-standard","has-post-thumbnail","hentry","category-general","category-portada","tag-bicicletada","tag-esport","tag-mobilitat-sostenible","tag-salut"],"post_mailing_queue_ids":[],"_links":{"self":[{"href":"https:\/\/agora.xtec.cat\/iesridaura\/wp-json\/wp\/v2\/posts\/5202","targetHints":{"allow":["GET"]}}],"collection":[{"href":"https:\/\/agora.xtec.cat\/iesridaura\/wp-json\/wp\/v2\/posts"}],"about":[{"href":"https:\/\/agora.xtec.cat\/iesridaura\/wp-json\/wp\/v2\/types\/post"}],"author":[{"embeddable":true,"href":"https:\/\/agora.xtec.cat\/iesridaura\/wp-json\/wp\/v2\/users\/1"}],"replies":[{"embeddable":true,"href":"https:\/\/agora.xtec.cat\/iesridaura\/wp-json\/wp\/v2\/comments?post=5202"}],"version-history":[{"count":3,"href":"https:\/\/agora.xtec.cat\/iesridaura\/wp-json\/wp\/v2\/posts\/5202\/revisions"}],"predecessor-version":[{"id":5208,"href":"https:\/\/agora.xtec.cat\/iesridaura\/wp-json\/wp\/v2\/posts\/5202\/revisions\/5208"}],"wp:featuredmedia":[{"embeddable":true,"href":"https:\/\/agora.xtec.cat\/iesridaura\/wp-json\/wp\/v2\/media\/5204"}],"wp:attachment":[{"href":"https:\/\/agora.xtec.cat\/iesridaura\/wp-json\/wp\/v2\/media?parent=5202"}],"wp:term":[{"taxonomy":"category","embeddable":true,"href":"https:\/\/agora.xtec.cat\/iesridaura\/wp-json\/wp\/v2\/categories?post=5202"},{"taxonomy":"post_tag","embeddable":true,"href":"https:\/\/agora.xtec.cat\/iesridaura\/wp-json\/wp\/v2\/tags?post=5202"}],"curies":[{"name":"wp","href":"https:\/\/api.w.org\/{rel}","templated":true}]}}