{"id":4593,"date":"2021-03-14T20:00:13","date_gmt":"2021-03-14T19:00:13","guid":{"rendered":"http:\/\/agora.xtec.cat\/iesridaura\/?p=4593"},"modified":"2021-03-14T21:42:03","modified_gmt":"2021-03-14T20:42:03","slug":"jornades-dorientacio-academica-i-professional-2021","status":"publish","type":"post","link":"https:\/\/agora.xtec.cat\/iesridaura\/general\/jornades-dorientacio-academica-i-professional-2021\/","title":{"rendered":"Jornades d&#8217;orientaci\u00f3 acad\u00e8mica i professional 2021, del 15 al 19 de mar\u00e7"},"content":{"rendered":"<p><!--more--><\/p>\n<p>Un any m\u00e9s, des de la Coordinaci\u00f3 Pedag\u00f2gica i la Coordinaci\u00f3 de 4t d&#8217;ESO de l&#8217;INS Ridaura, s&#8217;organitzen les <em>&#8220;Jornades d&#8217;orientaci\u00f3 acad\u00e8mica i professional&#8221;<\/em>. A l&#8217;edici\u00f3 d&#8217;enguany, els estudiants podr\u00e0n informar-se sobre els diferents itineraris educatius que poden emprendre un cop finalitzada la seva etapa d&#8217;estudis obligatoris, aix\u00ed com, participar i resoldre dubtes a partir de les experi\u00e8ncies d&#8217;altres d&#8217;estudiants i t\u00e8cnics de diferents \u00e0mbits universitaris i professionals. <\/p>\n<p>Un bon acompanyament en l&#8217;orientaci\u00f3 acad\u00e8mica \u00e9s clau per a assegurar l&#8217;\u00e8xit en la presa de decisions. <\/p>\n<p><a href=\"https:\/\/agora.xtec.cat\/iesridaura\/wp-content\/uploads\/usu1163\/2021\/03\/Jornades-Orientaci\u00f3-2021.jpg\"><img loading=\"lazy\" decoding=\"async\" src=\"https:\/\/agora.xtec.cat\/iesridaura\/wp-content\/uploads\/usu1163\/2021\/03\/Jornades-Orientaci\u00f3-2021-728x1024.jpg\" alt=\"\" width=\"728\" height=\"1024\" class=\"alignnone size-large wp-image-4594\" srcset=\"https:\/\/agora.xtec.cat\/iesridaura\/wp-content\/uploads\/usu1163\/2021\/03\/Jornades-Orientaci\u00f3-2021-728x1024.jpg 728w, https:\/\/agora.xtec.cat\/iesridaura\/wp-content\/uploads\/usu1163\/2021\/03\/Jornades-Orientaci\u00f3-2021-213x300.jpg 213w, https:\/\/agora.xtec.cat\/iesridaura\/wp-content\/uploads\/usu1163\/2021\/03\/Jornades-Orientaci\u00f3-2021-768x1080.jpg 768w, https:\/\/agora.xtec.cat\/iesridaura\/wp-content\/uploads\/usu1163\/2021\/03\/Jornades-Orientaci\u00f3-2021.jpg 1410w\" sizes=\"auto, (max-width: 728px) 100vw, 728px\" \/><\/a><\/p>\n<p>M\u00e9s informaci\u00f3 a <a href=\"https:\/\/agora.xtec.cat\/iesridaura\/orientacio-academica-i-professional\/\">https:\/\/agora.xtec.cat\/iesridaura\/orientacio-academica-i-professional\/<\/a><\/p>\n","protected":false},"excerpt":{"rendered":"","protected":false},"author":1,"featured_media":4594,"comment_status":"open","ping_status":"closed","sticky":false,"template":"","format":"standard","meta":{"_bbp_topic_count":0,"_bbp_reply_count":0,"_bbp_total_topic_count":0,"_bbp_total_reply_count":0,"_bbp_voice_count":0,"_bbp_anonymous_reply_count":0,"_bbp_topic_count_hidden":0,"_bbp_reply_count_hidden":0,"_bbp_forum_subforum_count":0,"site-sidebar-layout":"default","site-content-layout":"","ast-site-content-layout":"","site-content-style":"default","site-sidebar-style":"default","ast-global-header-display":"","ast-banner-title-visibility":"","ast-main-header-display":"","ast-hfb-above-header-display":"","ast-hfb-below-header-display":"","ast-hfb-mobile-header-display":"","site-post-title":"","ast-breadcrumbs-content":"","ast-featured-img":"","footer-sml-layout":"","theme-transparent-header-meta":"","adv-header-id-meta":"","stick-header-meta":"","header-above-stick-meta":"","header-main-stick-meta":"","header-below-stick-meta":"","astra-migrate-meta-layouts":"default","ast-page-background-enabled":"default","ast-page-background-meta":{"desktop":{"background-color":"var(--ast-global-color-4)","background-image":"","background-repeat":"repeat","background-position":"center center","background-size":"auto","background-attachment":"scroll","background-type":"","background-media":"","overlay-type":"","overlay-color":"","overlay-opacity":"","overlay-gradient":""},"tablet":{"background-color":"","background-image":"","background-repeat":"repeat","background-position":"center center","background-size":"auto","background-attachment":"scroll","background-type":"","background-media":"","overlay-type":"","overlay-color":"","overlay-opacity":"","overlay-gradient":""},"mobile":{"background-color":"","background-image":"","background-repeat":"repeat","background-position":"center center","background-size":"auto","background-attachment":"scroll","background-type":"","background-media":"","overlay-type":"","overlay-color":"","overlay-opacity":"","overlay-gradient":""}},"ast-content-background-meta":{"desktop":{"background-color":"var(--ast-global-color-5)","background-image":"","background-repeat":"repeat","background-position":"center center","background-size":"auto","background-attachment":"scroll","background-type":"","background-media":"","overlay-type":"","overlay-color":"","overlay-opacity":"","overlay-gradient":""},"tablet":{"background-color":"var(--ast-global-color-5)","background-image":"","background-repeat":"repeat","background-position":"center center","background-size":"auto","background-attachment":"scroll","background-type":"","background-media":"","overlay-type":"","overlay-color":"","overlay-opacity":"","overlay-gradient":""},"mobile":{"background-color":"var(--ast-global-color-5)","background-image":"","background-repeat":"repeat","background-position":"center center","background-size":"auto","background-attachment":"scroll","background-type":"","background-media":"","overlay-type":"","overlay-color":"","overlay-opacity":"","overlay-gradient":""}},"footnotes":""},"categories":[1,29],"tags":[69,280,155,283,154,282,281],"class_list":["post-4593","post","type-post","status-publish","format-standard","has-post-thumbnail","hentry","category-general","category-portada","tag-batxillerat","tag-cicles-formatius","tag-jornades","tag-mon-laboral","tag-orientacio","tag-pfi","tag-universitat"],"post_mailing_queue_ids":[],"_links":{"self":[{"href":"https:\/\/agora.xtec.cat\/iesridaura\/wp-json\/wp\/v2\/posts\/4593","targetHints":{"allow":["GET"]}}],"collection":[{"href":"https:\/\/agora.xtec.cat\/iesridaura\/wp-json\/wp\/v2\/posts"}],"about":[{"href":"https:\/\/agora.xtec.cat\/iesridaura\/wp-json\/wp\/v2\/types\/post"}],"author":[{"embeddable":true,"href":"https:\/\/agora.xtec.cat\/iesridaura\/wp-json\/wp\/v2\/users\/1"}],"replies":[{"embeddable":true,"href":"https:\/\/agora.xtec.cat\/iesridaura\/wp-json\/wp\/v2\/comments?post=4593"}],"version-history":[{"count":2,"href":"https:\/\/agora.xtec.cat\/iesridaura\/wp-json\/wp\/v2\/posts\/4593\/revisions"}],"predecessor-version":[{"id":4596,"href":"https:\/\/agora.xtec.cat\/iesridaura\/wp-json\/wp\/v2\/posts\/4593\/revisions\/4596"}],"wp:featuredmedia":[{"embeddable":true,"href":"https:\/\/agora.xtec.cat\/iesridaura\/wp-json\/wp\/v2\/media\/4594"}],"wp:attachment":[{"href":"https:\/\/agora.xtec.cat\/iesridaura\/wp-json\/wp\/v2\/media?parent=4593"}],"wp:term":[{"taxonomy":"category","embeddable":true,"href":"https:\/\/agora.xtec.cat\/iesridaura\/wp-json\/wp\/v2\/categories?post=4593"},{"taxonomy":"post_tag","embeddable":true,"href":"https:\/\/agora.xtec.cat\/iesridaura\/wp-json\/wp\/v2\/tags?post=4593"}],"curies":[{"name":"wp","href":"https:\/\/api.w.org\/{rel}","templated":true}]}}