{"id":4327,"date":"2020-08-31T20:39:52","date_gmt":"2020-08-31T18:39:52","guid":{"rendered":"http:\/\/agora.xtec.cat\/iesridaura\/?p=4327"},"modified":"2020-09-06T15:02:13","modified_gmt":"2020-09-06T13:02:13","slug":"reunions-de-families-8-i-9-setembre-2020","status":"publish","type":"post","link":"https:\/\/agora.xtec.cat\/iesridaura\/general\/reunions-de-families-8-i-9-setembre-2020\/","title":{"rendered":"Reunions de Fam\u00edlies : 8 i 9 setembre 2020"},"content":{"rendered":"<p><!--more--><\/p>\n<p>Benvolgudes fam\u00edlies,<\/p>\n<p>Donat que aquest curs hem de prendre mesures preventives i de protecci\u00f3 que afecten l\u2019organitzaci\u00f3 de l\u2019any escolar 2020-2021, us informem que enguany hem avan\u00e7at les reunions de pares i les durem a terme els dies <strong>8 i 9 de setembre<\/strong>.<\/p>\n<p>Properament <strong>el tutor\/a personal del vostre fill\/a us contactar\u00e0 telef\u00f2nicament<\/strong> perqu\u00e8 li confirmeu la vostra assist\u00e8ncia per tal d\u2019organitzar els espais i el nombre d\u2019assistents a cada reuni\u00f3.<br \/>\nLa reuni\u00f3 anir\u00e0 molt orientada a informar-vos sobre les noves mesures organitzatives de prevenci\u00f3 i protecci\u00f3 contra la COVID-19, l\u2019horari del 14 de setembre, i el funcionament de la plataforma <em>iEduca<\/em>, que constitueix la via de comunicaci\u00f3 entre fam\u00edlies i centre educatiu.<\/p>\n<p>Els horaris de les reunions de pares seran els seg\u00fcents:<\/p>\n<p><strong>8 setembre 2020<\/strong><br \/>\n1r ESO &#8211; 19:00h<br \/>\n3r ESO &#8211; 19:30h<br \/>\n4t ESO B &#8211; 19:00h<br \/>\n1r BTX &#8211; 20:00h<\/p>\n<p><strong>9 setembre 2020<\/strong><br \/>\n2n ESO &#8211; 19:00h<br \/>\n4t ESO A, C, D i E &#8211; 19:30h<br \/>\n2n BTX &#8211; 20:00h<\/p>\n<p>Cordialment,<\/p>\n<p>Equip Directiu<br \/>\nINS Ridaura<\/p>\n<p><a href=\"https:\/\/agora.xtec.cat\/iesridaura\/wp-content\/uploads\/usu1163\/2020\/08\/reunions-familiars.jpg\"><img loading=\"lazy\" decoding=\"async\" class=\"alignnone size-full wp-image-4328\" src=\"https:\/\/agora.xtec.cat\/iesridaura\/wp-content\/uploads\/usu1163\/2020\/08\/reunions-familiars.jpg\" alt=\"\" width=\"940\" height=\"940\" srcset=\"https:\/\/agora.xtec.cat\/iesridaura\/wp-content\/uploads\/usu1163\/2020\/08\/reunions-familiars.jpg 940w, https:\/\/agora.xtec.cat\/iesridaura\/wp-content\/uploads\/usu1163\/2020\/08\/reunions-familiars-150x150.jpg 150w, https:\/\/agora.xtec.cat\/iesridaura\/wp-content\/uploads\/usu1163\/2020\/08\/reunions-familiars-300x300.jpg 300w, https:\/\/agora.xtec.cat\/iesridaura\/wp-content\/uploads\/usu1163\/2020\/08\/reunions-familiars-768x768.jpg 768w\" sizes=\"auto, (max-width: 940px) 100vw, 940px\" \/><\/a><\/p>\n","protected":false},"excerpt":{"rendered":"","protected":false},"author":1,"featured_media":4328,"comment_status":"open","ping_status":"closed","sticky":false,"template":"","format":"standard","meta":{"_bbp_topic_count":0,"_bbp_reply_count":0,"_bbp_total_topic_count":0,"_bbp_total_reply_count":0,"_bbp_voice_count":0,"_bbp_anonymous_reply_count":0,"_bbp_topic_count_hidden":0,"_bbp_reply_count_hidden":0,"_bbp_forum_subforum_count":0,"site-sidebar-layout":"default","site-content-layout":"","ast-site-content-layout":"","site-content-style":"default","site-sidebar-style":"default","ast-global-header-display":"","ast-banner-title-visibility":"","ast-main-header-display":"","ast-hfb-above-header-display":"","ast-hfb-below-header-display":"","ast-hfb-mobile-header-display":"","site-post-title":"","ast-breadcrumbs-content":"","ast-featured-img":"","footer-sml-layout":"","theme-transparent-header-meta":"","adv-header-id-meta":"","stick-header-meta":"","header-above-stick-meta":"","header-main-stick-meta":"","header-below-stick-meta":"","astra-migrate-meta-layouts":"default","ast-page-background-enabled":"default","ast-page-background-meta":{"desktop":{"background-color":"var(--ast-global-color-4)","background-image":"","background-repeat":"repeat","background-position":"center center","background-size":"auto","background-attachment":"scroll","background-type":"","background-media":"","overlay-type":"","overlay-color":"","overlay-opacity":"","overlay-gradient":""},"tablet":{"background-color":"","background-image":"","background-repeat":"repeat","background-position":"center center","background-size":"auto","background-attachment":"scroll","background-type":"","background-media":"","overlay-type":"","overlay-color":"","overlay-opacity":"","overlay-gradient":""},"mobile":{"background-color":"","background-image":"","background-repeat":"repeat","background-position":"center center","background-size":"auto","background-attachment":"scroll","background-type":"","background-media":"","overlay-type":"","overlay-color":"","overlay-opacity":"","overlay-gradient":""}},"ast-content-background-meta":{"desktop":{"background-color":"var(--ast-global-color-5)","background-image":"","background-repeat":"repeat","background-position":"center center","background-size":"auto","background-attachment":"scroll","background-type":"","background-media":"","overlay-type":"","overlay-color":"","overlay-opacity":"","overlay-gradient":""},"tablet":{"background-color":"var(--ast-global-color-5)","background-image":"","background-repeat":"repeat","background-position":"center center","background-size":"auto","background-attachment":"scroll","background-type":"","background-media":"","overlay-type":"","overlay-color":"","overlay-opacity":"","overlay-gradient":""},"mobile":{"background-color":"var(--ast-global-color-5)","background-image":"","background-repeat":"repeat","background-position":"center center","background-size":"auto","background-attachment":"scroll","background-type":"","background-media":"","overlay-type":"","overlay-color":"","overlay-opacity":"","overlay-gradient":""}},"footnotes":""},"categories":[1,29],"tags":[181,222,235,237,236,234],"class_list":["post-4327","post","type-post","status-publish","format-standard","has-post-thumbnail","hentry","category-general","category-portada","tag-covid-19","tag-curs-2020-2021","tag-inici-de-curs","tag-mesures-extraordinaries","tag-prevencio","tag-reunions-families"],"post_mailing_queue_ids":[],"_links":{"self":[{"href":"https:\/\/agora.xtec.cat\/iesridaura\/wp-json\/wp\/v2\/posts\/4327","targetHints":{"allow":["GET"]}}],"collection":[{"href":"https:\/\/agora.xtec.cat\/iesridaura\/wp-json\/wp\/v2\/posts"}],"about":[{"href":"https:\/\/agora.xtec.cat\/iesridaura\/wp-json\/wp\/v2\/types\/post"}],"author":[{"embeddable":true,"href":"https:\/\/agora.xtec.cat\/iesridaura\/wp-json\/wp\/v2\/users\/1"}],"replies":[{"embeddable":true,"href":"https:\/\/agora.xtec.cat\/iesridaura\/wp-json\/wp\/v2\/comments?post=4327"}],"version-history":[{"count":3,"href":"https:\/\/agora.xtec.cat\/iesridaura\/wp-json\/wp\/v2\/posts\/4327\/revisions"}],"predecessor-version":[{"id":4340,"href":"https:\/\/agora.xtec.cat\/iesridaura\/wp-json\/wp\/v2\/posts\/4327\/revisions\/4340"}],"wp:featuredmedia":[{"embeddable":true,"href":"https:\/\/agora.xtec.cat\/iesridaura\/wp-json\/wp\/v2\/media\/4328"}],"wp:attachment":[{"href":"https:\/\/agora.xtec.cat\/iesridaura\/wp-json\/wp\/v2\/media?parent=4327"}],"wp:term":[{"taxonomy":"category","embeddable":true,"href":"https:\/\/agora.xtec.cat\/iesridaura\/wp-json\/wp\/v2\/categories?post=4327"},{"taxonomy":"post_tag","embeddable":true,"href":"https:\/\/agora.xtec.cat\/iesridaura\/wp-json\/wp\/v2\/tags?post=4327"}],"curies":[{"name":"wp","href":"https:\/\/api.w.org\/{rel}","templated":true}]}}