{"id":3911,"date":"2020-05-01T17:43:48","date_gmt":"2020-05-01T15:43:48","guid":{"rendered":"http:\/\/agora.xtec.cat\/iesridaura\/?p=3911"},"modified":"2020-05-08T18:03:31","modified_gmt":"2020-05-08T16:03:31","slug":"covid19-distribucio-de-mascaretes-2a-fase","status":"publish","type":"post","link":"https:\/\/agora.xtec.cat\/iesridaura\/general\/covid19-distribucio-de-mascaretes-2a-fase\/","title":{"rendered":"Covid19 \u00b7 Distribuci\u00f3 de mascaretes a Castell-Platja d\u00b4Aro \u00b7 2\u00aa fase"},"content":{"rendered":"<p><!--more--><\/p>\n<p><a href=\"https:\/\/agora.xtec.cat\/iesridaura\/wp-content\/uploads\/usu1163\/2020\/05\/Foto-de-??-1.jpg\"><img loading=\"lazy\" decoding=\"async\" class=\"aligncenter wp-image-3912 size-medium\" src=\"https:\/\/agora.xtec.cat\/iesridaura\/wp-content\/uploads\/usu1163\/2020\/05\/Foto-de-??-1-300x300.jpg\" alt=\"\" width=\"300\" height=\"300\" \/><\/a><\/p>\n<div class=\"itemIntroText\">\n<p><strong>Una unitat gratu\u00efta per a tots els infants i joves del municipi<\/strong><\/p>\n<\/div>\n<div class=\"itemFullText\">\n<p><strong>La distribuci\u00f3 entre els escolars del municipi es va iniciar el 28 i 29 d\u2019abril i tindr\u00e0 continu\u00eftat dimarts 5 de maig (9-19 h) en una segona fase per a tots els infants empadronats a Castell-Platja d\u2019Aro per\u00f2 escolaritzats en altres municipis; tamb\u00e9 per a totes les noies i nois de Secund\u00e0ria i Batxillerat; i una nova oportunitat per a aquells d\u2019Infantil i Prim\u00e0ria i 1r d\u2019ESO que no van poder-les recollir els dies assignats anteriorment. El sistema dissenyat preveu tres espais per recollir-les, un a cada vila del municipi que podeu consultar aqu\u00ed (<a href=\"http:\/\/ciutada.platjadaro.com\/informacio\/pdf\/distribucio-mascaretes.pdf\" rel=\"alternate\">pdf<\/a>).<\/strong><\/p>\n<p>Els alumnes escolaritzats o no al municipi, de 2n d\u2019ESO a 2n de Batxillerat i tamb\u00e9 de la UAC, SIEI, Projecte Ridaura i PFI si estan empadronats a Castell d\u2019Aro les han de recollir a la\u00a0<strong>Sala Polivalent<\/strong>\u00a0d\u2019aquesta vila. Si s\u00f3n residents de S\u2019Agar\u00f3 s\u2019han d\u2019adre\u00e7ar a l\u2019espai municipal de\u00a0<strong>Ca La Generosa<\/strong>\u00a0(edifici on hi ha les seus de Correus i de Televisi\u00f3 Costa Brava).<\/p>\n<p>El\u00a0<strong>Palau d\u2019Esports i Congressos<\/strong>\u00a0\u00e9s l\u2019espai per als alumnes de 2n d\u2019ESO a 2n de Batxillerat, UAC, SIEI, Projecte Ridaura i PFI empadronats a Platja d\u2019Aro, escolaritzats o no al municipi. Tamb\u00e9 per als infants de P3 a 6\u00e8 de Prim\u00e0ria i nascuts al 2017 empadronats a Castell-Platja d\u2019Aro (en qualsevol dels seus nuclis), per\u00f2 escolaritzats en altres municipis. Finalment, tamb\u00e9 per als menors escolaritzats al municipi -amb independ\u00e8ncia del nucli on viuen- que no van poder recollir la mascareta els dies assignats anteriorment. \u00c9s molt important respectar els punts d\u2019acc\u00e9s a la instal\u00b7laci\u00f3 indicat segons el curs.<\/p>\n<p>Nom\u00e9s \u00e9s distribuir\u00e0\u00a0<strong>una mascareta per infant<\/strong>, amb instruccions d\u2019\u00fas, per\u00f2 no models per als adults. Es recomana a les fam\u00edlies que tinguin m\u00e9s d\u2019un germ\u00e0 que facin una \u00fanica recollida. Cal rentar-se les mans abans d\u2019utilitzar-la i despr\u00e9s de fer-la servir. Tamb\u00e9 cal rentar-la cada dia despr\u00e9s del seu \u00fas a 60 graus, i guardar-la plegada amb cara estampada a l\u2019interior i la blanca a l\u2019exterior.<\/p>\n<p>L\u2019Ajuntament de Castell-Platja d\u2019Aro ha adquirit material quir\u00fargic i de propil\u00e8 per a\u00a0<strong>l\u2019elaboraci\u00f3 de 10.000 noves mascaretes<\/strong>, que s\u2019afegeixen a les 2.000 unitats produ\u00efdes anteriorment. La seva elaboraci\u00f3 \u00e9s possible, tamb\u00e9 en aquesta ocasi\u00f3, gr\u00e0cies\u00a0<strong>l\u2019acci\u00f3 solid\u00e0ria i volunt\u00e0ria<\/strong>\u00a0de l\u2019Associaci\u00f3 de Dones de la Vall d\u2019Aro, una trentena de modistes volunt\u00e0ries del municipi i el Moviment Solidari Calonge Covid19. Davant de qualsevol altre dubte o incid\u00e8ncia, cal adre\u00e7ar-se al Servei Municipal d\u2019Atenci\u00f3 i Informaci\u00f3 Ciutadana sobre el Covid19, al tel\u00e8fon m\u00f2bil 665 500 190 (dilluns-diumenge 9-20 h) o correu electr\u00f2nic\u00a0<a href=\"mailto:consultescovid19@platjadaro.com\">consultescovid19@platjadaro.com<\/a>.<\/p>\n<p><strong>Covid19 \u00b7 Distribuci\u00f3 de mascaretes 2a fase<\/strong><\/p>\n<p>Distribuci\u00f3 gratu\u00efta per a tots els infants i joves del municipi<\/p>\n<p>Elaborades solid\u00e0riament en un conjunt de 10.000 noves unitats<\/p>\n<p>Sistema de distribuci\u00f3 per edats a Castell d\u2019Aro, Platja d\u2019Aro i S\u2019Agar\u00f3<\/p>\n<p><strong>Informaci\u00f3:<\/strong>\u00a0Servei municipal informaci\u00f3 Covid-19 \u00b7 M 665 500 190 (dilluns-diumenge 9-20 h) \u00b7\u00a0\u00a0<a href=\"mailto:consultescovid19@platjadaro.com\">consultescovid19@platjadaro.com<\/a>\u00a0\u00b7\u00a0<a href=\"http:\/\/ciutada.platjadaro.com\/informacio\/pdf\/distribucio-mascaretes.pdf\" target=\"_blank\" rel=\"alternate noopener noreferrer\">pdf<\/a><\/p>\n<\/div>\n","protected":false},"excerpt":{"rendered":"","protected":false},"author":1,"featured_media":3912,"comment_status":"open","ping_status":"closed","sticky":false,"template":"","format":"standard","meta":{"_bbp_topic_count":0,"_bbp_reply_count":0,"_bbp_total_topic_count":0,"_bbp_total_reply_count":0,"_bbp_voice_count":0,"_bbp_anonymous_reply_count":0,"_bbp_topic_count_hidden":0,"_bbp_reply_count_hidden":0,"_bbp_forum_subforum_count":0,"site-sidebar-layout":"default","site-content-layout":"","ast-site-content-layout":"","site-content-style":"default","site-sidebar-style":"default","ast-global-header-display":"","ast-banner-title-visibility":"","ast-main-header-display":"","ast-hfb-above-header-display":"","ast-hfb-below-header-display":"","ast-hfb-mobile-header-display":"","site-post-title":"","ast-breadcrumbs-content":"","ast-featured-img":"","footer-sml-layout":"","theme-transparent-header-meta":"","adv-header-id-meta":"","stick-header-meta":"","header-above-stick-meta":"","header-main-stick-meta":"","header-below-stick-meta":"","astra-migrate-meta-layouts":"default","ast-page-background-enabled":"default","ast-page-background-meta":{"desktop":{"background-color":"var(--ast-global-color-4)","background-image":"","background-repeat":"repeat","background-position":"center center","background-size":"auto","background-attachment":"scroll","background-type":"","background-media":"","overlay-type":"","overlay-color":"","overlay-opacity":"","overlay-gradient":""},"tablet":{"background-color":"","background-image":"","background-repeat":"repeat","background-position":"center center","background-size":"auto","background-attachment":"scroll","background-type":"","background-media":"","overlay-type":"","overlay-color":"","overlay-opacity":"","overlay-gradient":""},"mobile":{"background-color":"","background-image":"","background-repeat":"repeat","background-position":"center center","background-size":"auto","background-attachment":"scroll","background-type":"","background-media":"","overlay-type":"","overlay-color":"","overlay-opacity":"","overlay-gradient":""}},"ast-content-background-meta":{"desktop":{"background-color":"var(--ast-global-color-5)","background-image":"","background-repeat":"repeat","background-position":"center center","background-size":"auto","background-attachment":"scroll","background-type":"","background-media":"","overlay-type":"","overlay-color":"","overlay-opacity":"","overlay-gradient":""},"tablet":{"background-color":"var(--ast-global-color-5)","background-image":"","background-repeat":"repeat","background-position":"center center","background-size":"auto","background-attachment":"scroll","background-type":"","background-media":"","overlay-type":"","overlay-color":"","overlay-opacity":"","overlay-gradient":""},"mobile":{"background-color":"var(--ast-global-color-5)","background-image":"","background-repeat":"repeat","background-position":"center center","background-size":"auto","background-attachment":"scroll","background-type":"","background-media":"","overlay-type":"","overlay-color":"","overlay-opacity":"","overlay-gradient":""}},"footnotes":""},"categories":[1,29],"tags":[],"class_list":["post-3911","post","type-post","status-publish","format-standard","has-post-thumbnail","hentry","category-general","category-portada"],"post_mailing_queue_ids":[],"_links":{"self":[{"href":"https:\/\/agora.xtec.cat\/iesridaura\/wp-json\/wp\/v2\/posts\/3911","targetHints":{"allow":["GET"]}}],"collection":[{"href":"https:\/\/agora.xtec.cat\/iesridaura\/wp-json\/wp\/v2\/posts"}],"about":[{"href":"https:\/\/agora.xtec.cat\/iesridaura\/wp-json\/wp\/v2\/types\/post"}],"author":[{"embeddable":true,"href":"https:\/\/agora.xtec.cat\/iesridaura\/wp-json\/wp\/v2\/users\/1"}],"replies":[{"embeddable":true,"href":"https:\/\/agora.xtec.cat\/iesridaura\/wp-json\/wp\/v2\/comments?post=3911"}],"version-history":[{"count":3,"href":"https:\/\/agora.xtec.cat\/iesridaura\/wp-json\/wp\/v2\/posts\/3911\/revisions"}],"predecessor-version":[{"id":4022,"href":"https:\/\/agora.xtec.cat\/iesridaura\/wp-json\/wp\/v2\/posts\/3911\/revisions\/4022"}],"wp:featuredmedia":[{"embeddable":true,"href":"https:\/\/agora.xtec.cat\/iesridaura\/wp-json\/wp\/v2\/media\/3912"}],"wp:attachment":[{"href":"https:\/\/agora.xtec.cat\/iesridaura\/wp-json\/wp\/v2\/media?parent=3911"}],"wp:term":[{"taxonomy":"category","embeddable":true,"href":"https:\/\/agora.xtec.cat\/iesridaura\/wp-json\/wp\/v2\/categories?post=3911"},{"taxonomy":"post_tag","embeddable":true,"href":"https:\/\/agora.xtec.cat\/iesridaura\/wp-json\/wp\/v2\/tags?post=3911"}],"curies":[{"name":"wp","href":"https:\/\/api.w.org\/{rel}","templated":true}]}}