{"id":3137,"date":"2020-01-08T17:32:17","date_gmt":"2020-01-08T16:32:17","guid":{"rendered":"http:\/\/agora.xtec.cat\/iesridaura\/?p=3137"},"modified":"2020-01-08T17:36:30","modified_gmt":"2020-01-08T16:36:30","slug":"visita-de-lonu-i-el-cern-a-ginebra-suissa","status":"publish","type":"post","link":"https:\/\/agora.xtec.cat\/iesridaura\/general\/visita-de-lonu-i-el-cern-a-ginebra-suissa\/","title":{"rendered":"2n Batxillerat visita l&#8217;ONU i el CERN a Ginebra (Su\u00efssa)"},"content":{"rendered":"<p><a href=\"https:\/\/agora.xtec.cat\/iesridaura\/wp-content\/uploads\/usu1163\/2020\/01\/IMG-20191217-WA0013.jpg\"><img loading=\"lazy\" decoding=\"async\" src=\"https:\/\/agora.xtec.cat\/iesridaura\/wp-content\/uploads\/usu1163\/2020\/01\/IMG-20191217-WA0013-1024x814.jpg\" alt=\"\" width=\"1024\" height=\"814\" class=\"alignnone size-large wp-image-3138\" srcset=\"https:\/\/agora.xtec.cat\/iesridaura\/wp-content\/uploads\/usu1163\/2020\/01\/IMG-20191217-WA0013-1024x814.jpg 1024w, https:\/\/agora.xtec.cat\/iesridaura\/wp-content\/uploads\/usu1163\/2020\/01\/IMG-20191217-WA0013-300x238.jpg 300w, https:\/\/agora.xtec.cat\/iesridaura\/wp-content\/uploads\/usu1163\/2020\/01\/IMG-20191217-WA0013-768x611.jpg 768w, https:\/\/agora.xtec.cat\/iesridaura\/wp-content\/uploads\/usu1163\/2020\/01\/IMG-20191217-WA0013.jpg 2048w\" sizes=\"auto, (max-width: 1024px) 100vw, 1024px\" \/><\/a><br \/>\n<!--more--><\/p>\n<p><strong>Valoraci\u00f3 de l\u2019estada de 2n de Batxillerat a Ginebra: visita a l\u2019ONU, al Conseil Europ\u00e9en pour la Recherche Nucl\u00e9aire (CERN) i Museu de la Creu Roja.<\/strong><\/p>\n<p>El motiu de la sortida amb els alumnes de 2n de Batxillerat a Ginebra era visitar el CERN (nom\u00e9s s\u2019admeten un ter\u00e7 de les peticions i nosaltres vam tenir la sort de ser acceptats), el laboratori de f\u00edsica de part\u00edcules amb l\u2019accelerador d\u2019hadrons m\u00e9s gran del m\u00f3n. Vam completar el viatge amb la visita a l\u2019ONU i al Museu de la Creu Roja, que tamb\u00e9 tenen la seva seu a la ciutat su\u00efssa.<\/p>\n<p>Va ser una sortida molt ben organitzada i les activitats molt adients a la tipologia de l\u2019alumnat. Volem destacar el bon comportament, la bona actitud i l\u2019inter\u00e8s de la major part dels alumnes a totes les visites programades, obviant les corredisses nocturnes pels passadissos del hostel i els intents irrefrenables d\u2019alguns menors de saltar-se la legalitat su\u00efssa relativa al consum d\u2019alcohol. Per altra banda, la seva incapacitat d\u2019adaptaci\u00f3 als men\u00fas su\u00efssos ser\u00e0 llegend\u00e0ria ben aviat.<\/p>\n<p>El <strong>primer dia<\/strong> a la tarda vam fer la visita a l\u2019ONU, prou interessant perqu\u00e8 va mostrar als alumnes que la pol\u00edtica internacional \u00e9s una cosa real, tot i que de vegades els resultats poden no ser massa palpables en la nostra vida quotidiana. El que m\u00e9s els va impressionar va ser contemplar la c\u00fapula de Miquel Barcel\u00f3, a la principal sala de reunions. Val a dir que el preu de 10 \u20ac per alumne ens va semblar excessiu: considerem humilment que un organisme internacional d\u2019aquesta categoria hauria de fer difusi\u00f3 gratu\u00efta de les seves activitats, sobretot entre els estudiants.<\/p>\n<p>El <strong>segon dia<\/strong> el vam dedicar \u00edntegrament a fer la visita (gratu\u00efta!) al CERN, acompanyats per diversos cient\u00edfics de diferents especialitats que hi treballen i que fan aquesta feina volunt\u00e0riament: va ser realment fascinant i van saber adaptar les explicacions als profans. Des d\u2019aqu\u00ed els donem les gr\u00e0cies!<\/p>\n<p>Tot i que els temes tractats estan encarats als alumnes de les branques cient\u00edfica i tecnol\u00f2gica, tothom qui va voler participar va poder entendre que all\u00e0 es fa recerca fonamental i aplicada en els l\u00edmits del coneixement hum\u00e0 en f\u00edsica i tecnologia (professores de Lletres incloses). Els alumnes del Batxillerat Cient\u00edfic i Tecnol\u00f2gic van poder comprovar de primera m\u00e0 all\u00f2 que estudien a l\u2019aula, guiats per investigadors d&#8217;arreu del m\u00f3n que col\u00b7laboren per tal de con\u00e8ixer l&#8217;origen de l&#8217;Univers, la composici\u00f3 de la mat\u00e8ria o trobar noves part\u00edcules que potser ens permetran canviar els paradigmes cient\u00edfics en un futur proper. En el CERN hi treballen m\u00e9s de 12000 cient\u00edfics de tots els \u00e0mbits (enginyers, inform\u00e0tics, f\u00edsics&#8230;) dels diferents pa\u00efsos que formen part d\u2019aquest gran projecte internacional on l\u2019aportaci\u00f3 d\u2019Espanya ocupa el cinqu\u00e8 lloc. Aviam si hi enviem aviat alg\u00fa de l\u2019Institut!<\/p>\n<p>El <strong>tercer dia<\/strong> vam donar el mat\u00ed lliure als alumnes (sobretot a nosaltres quatre!) perqu\u00e8 cal que desenvolupin tamb\u00e9 l\u2019autonomia: van haver d\u2019enraonar en franc\u00e8s i en angl\u00e8s i espavilar-se per moure\u2019s en transport p\u00fablic (tamb\u00e9 gratu\u00eft!). De tota manera haguessin pogut contactar amb les professores si hagu\u00e9s calgut (i si volien arru\u00efnar-se: a Su\u00efssa no hi ha roaming).<\/p>\n<p>A la tarda vam visitar en petit comit\u00e8 el Patek Philippe Museum (gratu\u00eft per menors, meravell\u00f3s i imprescindible!) i despr\u00e9s vam fer un volt al Mercat de Nadal, per\u00f2 va ser una mica decebedor&#8230; Nom\u00e9s hi havia menjar i beure -de porcs i malagradosos l\u2019infern n\u2019\u00e9s ple- i nosaltres, les profes, ens esper\u00e0vem una fira d\u2019artesania&#8230; All\u00f2 que fan els alumnes d\u2019anar al centre comercial, per\u00f2 old style dir\u00edem&#8230;<br \/>\nL\u2019\u00faltim mat\u00ed el vam dedicar al Museu de la Creu Roja i la Mitja Lluna Roja on els alumnes van poder entendre la gran tasca humanit\u00e0ria a nivell internacional que ha fet &#8211; i continua fent -, aquesta organitzaci\u00f3 creada a Su\u00efssa a finals de la Primera Guerra mundial. Alguns de nosaltres vam quedar realment frapats amb el que vam anar descobrint sala rere sala. Cal repetir aquesta visita l\u2019any que ve, sens dubte! Val el seu preu.<\/p>\n<p><strong>Ah! Les incid\u00e8ncies!<\/strong><\/p>\n<p>Algun despistat es va deixar el Passaport o el DNI a casa + vam estar a punt d\u2019anar a parar a Zurich perqu\u00e8 bad\u00e0vem dins el tren + l\u2019endem\u00e0 de la tornada no va anar a classe ning\u00fa de Lletres i ben pocs de Ci\u00e8ncies&#8230; I un pil\u00f3 d\u2019an\u00e8cdotes que caldr\u00e0 que us expliquin de primera m\u00e0 els interessats!<\/p>\n<p><strong>En conclusi\u00f3 : un \u00e8xit de cr\u00edtica i p\u00fablic que tant de bo puguem repetir!<\/strong><\/p>\n","protected":false},"excerpt":{"rendered":"","protected":false},"author":1,"featured_media":3138,"comment_status":"open","ping_status":"closed","sticky":false,"template":"","format":"standard","meta":{"_bbp_topic_count":0,"_bbp_reply_count":0,"_bbp_total_topic_count":0,"_bbp_total_reply_count":0,"_bbp_voice_count":0,"_bbp_anonymous_reply_count":0,"_bbp_topic_count_hidden":0,"_bbp_reply_count_hidden":0,"_bbp_forum_subforum_count":0,"site-sidebar-layout":"default","site-content-layout":"","ast-site-content-layout":"","site-content-style":"default","site-sidebar-style":"default","ast-global-header-display":"","ast-banner-title-visibility":"","ast-main-header-display":"","ast-hfb-above-header-display":"","ast-hfb-below-header-display":"","ast-hfb-mobile-header-display":"","site-post-title":"","ast-breadcrumbs-content":"","ast-featured-img":"","footer-sml-layout":"","theme-transparent-header-meta":"","adv-header-id-meta":"","stick-header-meta":"","header-above-stick-meta":"","header-main-stick-meta":"","header-below-stick-meta":"","astra-migrate-meta-layouts":"default","ast-page-background-enabled":"default","ast-page-background-meta":{"desktop":{"background-color":"var(--ast-global-color-4)","background-image":"","background-repeat":"repeat","background-position":"center center","background-size":"auto","background-attachment":"scroll","background-type":"","background-media":"","overlay-type":"","overlay-color":"","overlay-opacity":"","overlay-gradient":""},"tablet":{"background-color":"","background-image":"","background-repeat":"repeat","background-position":"center center","background-size":"auto","background-attachment":"scroll","background-type":"","background-media":"","overlay-type":"","overlay-color":"","overlay-opacity":"","overlay-gradient":""},"mobile":{"background-color":"","background-image":"","background-repeat":"repeat","background-position":"center center","background-size":"auto","background-attachment":"scroll","background-type":"","background-media":"","overlay-type":"","overlay-color":"","overlay-opacity":"","overlay-gradient":""}},"ast-content-background-meta":{"desktop":{"background-color":"var(--ast-global-color-5)","background-image":"","background-repeat":"repeat","background-position":"center center","background-size":"auto","background-attachment":"scroll","background-type":"","background-media":"","overlay-type":"","overlay-color":"","overlay-opacity":"","overlay-gradient":""},"tablet":{"background-color":"var(--ast-global-color-5)","background-image":"","background-repeat":"repeat","background-position":"center center","background-size":"auto","background-attachment":"scroll","background-type":"","background-media":"","overlay-type":"","overlay-color":"","overlay-opacity":"","overlay-gradient":""},"mobile":{"background-color":"var(--ast-global-color-5)","background-image":"","background-repeat":"repeat","background-position":"center center","background-size":"auto","background-attachment":"scroll","background-type":"","background-media":"","overlay-type":"","overlay-color":"","overlay-opacity":"","overlay-gradient":""}},"footnotes":""},"categories":[1,29],"tags":[118,121,119,122,120],"class_list":["post-3137","post","type-post","status-publish","format-standard","has-post-thumbnail","hentry","category-general","category-portada","tag-2nbat","tag-cern","tag-ginebra","tag-onu","tag-suissa"],"post_mailing_queue_ids":[],"_links":{"self":[{"href":"https:\/\/agora.xtec.cat\/iesridaura\/wp-json\/wp\/v2\/posts\/3137","targetHints":{"allow":["GET"]}}],"collection":[{"href":"https:\/\/agora.xtec.cat\/iesridaura\/wp-json\/wp\/v2\/posts"}],"about":[{"href":"https:\/\/agora.xtec.cat\/iesridaura\/wp-json\/wp\/v2\/types\/post"}],"author":[{"embeddable":true,"href":"https:\/\/agora.xtec.cat\/iesridaura\/wp-json\/wp\/v2\/users\/1"}],"replies":[{"embeddable":true,"href":"https:\/\/agora.xtec.cat\/iesridaura\/wp-json\/wp\/v2\/comments?post=3137"}],"version-history":[{"count":3,"href":"https:\/\/agora.xtec.cat\/iesridaura\/wp-json\/wp\/v2\/posts\/3137\/revisions"}],"predecessor-version":[{"id":3142,"href":"https:\/\/agora.xtec.cat\/iesridaura\/wp-json\/wp\/v2\/posts\/3137\/revisions\/3142"}],"wp:featuredmedia":[{"embeddable":true,"href":"https:\/\/agora.xtec.cat\/iesridaura\/wp-json\/wp\/v2\/media\/3138"}],"wp:attachment":[{"href":"https:\/\/agora.xtec.cat\/iesridaura\/wp-json\/wp\/v2\/media?parent=3137"}],"wp:term":[{"taxonomy":"category","embeddable":true,"href":"https:\/\/agora.xtec.cat\/iesridaura\/wp-json\/wp\/v2\/categories?post=3137"},{"taxonomy":"post_tag","embeddable":true,"href":"https:\/\/agora.xtec.cat\/iesridaura\/wp-json\/wp\/v2\/tags?post=3137"}],"curies":[{"name":"wp","href":"https:\/\/api.w.org\/{rel}","templated":true}]}}