{"id":1822,"date":"2018-11-28T13:06:58","date_gmt":"2018-11-28T12:06:58","guid":{"rendered":"http:\/\/agora.xtec.cat\/iesridaura\/?p=1822"},"modified":"2018-11-28T13:09:34","modified_gmt":"2018-11-28T12:09:34","slug":"lexili-republica-i-la-maternitat-delna","status":"publish","type":"post","link":"https:\/\/agora.xtec.cat\/iesridaura\/general\/lexili-republica-i-la-maternitat-delna\/","title":{"rendered":"L&#8217;EXILI REPUBLIC\u00c0 i LA MATERNITAT D&#8217;ELNA"},"content":{"rendered":"<div style=\"text-align: center;\"><b>L&#8217;EXILI REPUBLIC\u00c0 i LA MATERNITAT D&#8217;ELNA\u00a0<\/b><\/div>\n<div><\/div>\n<div><\/div>\n<div style=\"text-align: center;\">amb l&#8217; ASSUMPTA MONTELL\u00c0.<\/div>\n<div>\n<div><\/div>\n<div><\/div>\n<div><\/div>\n<p style=\"text-align: justify;\">El passat dilluns, la historiadora Assumpta Montell\u00e0 va venir a l&#8217;Institut a fer una xerrada als alumnes de 4t d&#8217;ESO sobre &#8220;L&#8217;Exili Republic\u00e0 i la Maternitat d&#8217;Elna&#8221;. L&#8217;autora va explicar el periple per a poder escriure aquest llibre: seguir el fil de la mem\u00f2ria d&#8217;alguns testimonis que li han explicat la seva experi\u00e8ncia durant l&#8217;exili republic\u00e0. La vida de les fam\u00edlies que van haver de marxar a Fran\u00e7a a partir del 26 de gener de 1939 i el que es van trobar un cop all\u00e0: camps de concentraci\u00f3 de persones refugiades que venien de tota la pen\u00ednsula i que sobrevivien en terribles condicions.<\/p>\n<p style=\"text-align: justify;\">El treball de l&#8217;Assumpta ha estat donar a con\u00e8ixer el que va significar la Maternitat d&#8217;Elna per les dones que van poder sortir dels camps per anar-hi a parir els seus fills. Un total de 597 infants van tenir la sort de n\u00e9ixer en mans d&#8217;una valenta infermera su\u00efssa, Elisabeth Eidenbenz, sota l&#8217;empara de la Creu Roja Internacional. Entre aquestes mares tamb\u00e9 hi havia dones jueves que fugien dels nazis, responsables del tancament de la Maternitat. Aquestes i moltes m\u00e9s, van ser les hist\u00f2ries que l&#8217;Assumpta ens va explicar i va acabar amb una reflexi\u00f3 sobre la realitat de les persones refugiades actualment arreu del m\u00f3n comparant-la amb la dels que van marxar durant i despr\u00e9s de la Guerra Civil Espanyola.<\/p>\n<\/div>\n<div><\/div>\n<div><a href=\"https:\/\/agora.xtec.cat\/iesridaura\/wp-content\/uploads\/usu1163\/2018\/11\/IMG_1428.jpg\"><img loading=\"lazy\" decoding=\"async\" class=\"wp-image-1823 aligncenter\" src=\"https:\/\/agora.xtec.cat\/iesridaura\/wp-content\/uploads\/usu1163\/2018\/11\/IMG_1428-1024x576.jpg\" alt=\"\" width=\"464\" height=\"261\" srcset=\"https:\/\/agora.xtec.cat\/iesridaura\/wp-content\/uploads\/usu1163\/2018\/11\/IMG_1428-1024x576.jpg 1024w, https:\/\/agora.xtec.cat\/iesridaura\/wp-content\/uploads\/usu1163\/2018\/11\/IMG_1428-300x169.jpg 300w, https:\/\/agora.xtec.cat\/iesridaura\/wp-content\/uploads\/usu1163\/2018\/11\/IMG_1428-768x432.jpg 768w, https:\/\/agora.xtec.cat\/iesridaura\/wp-content\/uploads\/usu1163\/2018\/11\/IMG_1428.jpg 1328w\" sizes=\"auto, (max-width: 464px) 100vw, 464px\" \/><\/a> <a href=\"https:\/\/agora.xtec.cat\/iesridaura\/wp-content\/uploads\/usu1163\/2018\/11\/IMG_1424.jpg\"><img loading=\"lazy\" decoding=\"async\" class=\"wp-image-1824 aligncenter\" src=\"https:\/\/agora.xtec.cat\/iesridaura\/wp-content\/uploads\/usu1163\/2018\/11\/IMG_1424-1024x768.jpg\" alt=\"\" width=\"346\" height=\"260\" srcset=\"https:\/\/agora.xtec.cat\/iesridaura\/wp-content\/uploads\/usu1163\/2018\/11\/IMG_1424-1024x768.jpg 1024w, https:\/\/agora.xtec.cat\/iesridaura\/wp-content\/uploads\/usu1163\/2018\/11\/IMG_1424-300x225.jpg 300w, https:\/\/agora.xtec.cat\/iesridaura\/wp-content\/uploads\/usu1163\/2018\/11\/IMG_1424-768x576.jpg 768w, https:\/\/agora.xtec.cat\/iesridaura\/wp-content\/uploads\/usu1163\/2018\/11\/IMG_1424-200x150.jpg 200w, https:\/\/agora.xtec.cat\/iesridaura\/wp-content\/uploads\/usu1163\/2018\/11\/IMG_1424.jpg 1632w\" sizes=\"auto, (max-width: 346px) 100vw, 346px\" \/><\/a><\/div>\n<div>\n<div><\/div>\n<\/div>\n<p>&nbsp;<\/p>\n","protected":false},"excerpt":{"rendered":"<p>L&#8217;EXILI REPUBLIC\u00c0 i LA MATERNITAT D&#8217;ELNA\u00a0 amb l&#8217; ASSUMPTA MONTELL\u00c0. El passat dilluns, la historiadora Assumpta Montell\u00e0 va venir a [&hellip;]<\/p>\n","protected":false},"author":1,"featured_media":0,"comment_status":"open","ping_status":"closed","sticky":false,"template":"","format":"standard","meta":{"_bbp_topic_count":0,"_bbp_reply_count":0,"_bbp_total_topic_count":0,"_bbp_total_reply_count":0,"_bbp_voice_count":0,"_bbp_anonymous_reply_count":0,"_bbp_topic_count_hidden":0,"_bbp_reply_count_hidden":0,"_bbp_forum_subforum_count":0,"site-sidebar-layout":"default","site-content-layout":"","ast-site-content-layout":"","site-content-style":"default","site-sidebar-style":"default","ast-global-header-display":"","ast-banner-title-visibility":"","ast-main-header-display":"","ast-hfb-above-header-display":"","ast-hfb-below-header-display":"","ast-hfb-mobile-header-display":"","site-post-title":"","ast-breadcrumbs-content":"","ast-featured-img":"","footer-sml-layout":"","theme-transparent-header-meta":"","adv-header-id-meta":"","stick-header-meta":"","header-above-stick-meta":"","header-main-stick-meta":"","header-below-stick-meta":"","astra-migrate-meta-layouts":"default","ast-page-background-enabled":"default","ast-page-background-meta":{"desktop":{"background-color":"var(--ast-global-color-4)","background-image":"","background-repeat":"repeat","background-position":"center center","background-size":"auto","background-attachment":"scroll","background-type":"","background-media":"","overlay-type":"","overlay-color":"","overlay-opacity":"","overlay-gradient":""},"tablet":{"background-color":"","background-image":"","background-repeat":"repeat","background-position":"center center","background-size":"auto","background-attachment":"scroll","background-type":"","background-media":"","overlay-type":"","overlay-color":"","overlay-opacity":"","overlay-gradient":""},"mobile":{"background-color":"","background-image":"","background-repeat":"repeat","background-position":"center center","background-size":"auto","background-attachment":"scroll","background-type":"","background-media":"","overlay-type":"","overlay-color":"","overlay-opacity":"","overlay-gradient":""}},"ast-content-background-meta":{"desktop":{"background-color":"var(--ast-global-color-5)","background-image":"","background-repeat":"repeat","background-position":"center center","background-size":"auto","background-attachment":"scroll","background-type":"","background-media":"","overlay-type":"","overlay-color":"","overlay-opacity":"","overlay-gradient":""},"tablet":{"background-color":"var(--ast-global-color-5)","background-image":"","background-repeat":"repeat","background-position":"center center","background-size":"auto","background-attachment":"scroll","background-type":"","background-media":"","overlay-type":"","overlay-color":"","overlay-opacity":"","overlay-gradient":""},"mobile":{"background-color":"var(--ast-global-color-5)","background-image":"","background-repeat":"repeat","background-position":"center center","background-size":"auto","background-attachment":"scroll","background-type":"","background-media":"","overlay-type":"","overlay-color":"","overlay-opacity":"","overlay-gradient":""}},"footnotes":""},"categories":[1,29],"tags":[],"class_list":["post-1822","post","type-post","status-publish","format-standard","hentry","category-general","category-portada"],"post_mailing_queue_ids":[],"_links":{"self":[{"href":"https:\/\/agora.xtec.cat\/iesridaura\/wp-json\/wp\/v2\/posts\/1822","targetHints":{"allow":["GET"]}}],"collection":[{"href":"https:\/\/agora.xtec.cat\/iesridaura\/wp-json\/wp\/v2\/posts"}],"about":[{"href":"https:\/\/agora.xtec.cat\/iesridaura\/wp-json\/wp\/v2\/types\/post"}],"author":[{"embeddable":true,"href":"https:\/\/agora.xtec.cat\/iesridaura\/wp-json\/wp\/v2\/users\/1"}],"replies":[{"embeddable":true,"href":"https:\/\/agora.xtec.cat\/iesridaura\/wp-json\/wp\/v2\/comments?post=1822"}],"version-history":[{"count":3,"href":"https:\/\/agora.xtec.cat\/iesridaura\/wp-json\/wp\/v2\/posts\/1822\/revisions"}],"predecessor-version":[{"id":1830,"href":"https:\/\/agora.xtec.cat\/iesridaura\/wp-json\/wp\/v2\/posts\/1822\/revisions\/1830"}],"wp:attachment":[{"href":"https:\/\/agora.xtec.cat\/iesridaura\/wp-json\/wp\/v2\/media?parent=1822"}],"wp:term":[{"taxonomy":"category","embeddable":true,"href":"https:\/\/agora.xtec.cat\/iesridaura\/wp-json\/wp\/v2\/categories?post=1822"},{"taxonomy":"post_tag","embeddable":true,"href":"https:\/\/agora.xtec.cat\/iesridaura\/wp-json\/wp\/v2\/tags?post=1822"}],"curies":[{"name":"wp","href":"https:\/\/api.w.org\/{rel}","templated":true}]}}