{"id":1790,"date":"2018-11-14T14:15:10","date_gmt":"2018-11-14T13:15:10","guid":{"rendered":"http:\/\/agora.xtec.cat\/iesridaura\/?p=1790"},"modified":"2018-11-14T14:16:12","modified_gmt":"2018-11-14T13:16:12","slug":"posat-a-les-seves-sabates","status":"publish","type":"post","link":"https:\/\/agora.xtec.cat\/iesridaura\/general\/posat-a-les-seves-sabates\/","title":{"rendered":"&#8220;POSA&#8217;T A LES SEVES SABATES!&#8221;"},"content":{"rendered":"<div style=\"text-align: center;\">&#8220;<strong>POSA&#8217;T A LES SEVES SABATES!&#8221;<\/strong><\/div>\n<div style=\"text-align: center;\"><strong>59 SABATES VERMELLES CONTRA LA VIOL\u00c8NCIA MASCLISTA.<\/strong><\/div>\n<div>\n<div style=\"text-align: center;\"><strong>25N MAI M\u00c9S!\u00a0<\/strong><\/div>\n<div><\/div>\n<\/div>\n<div>\n<p>El Grup d&#8217;Igualtat de l&#8217;Institut Ridaura, format per alumnes de 4t d&#8217;ESO i en el marc del Projecte de Servei Comunitari, han participat, conjuntament amb el Punt d&#8217;Igualtat de Santa Cristina d&#8217;Aro, en la realitzaci\u00f3 de l&#8217;activitat &#8220;Pintem sabates vermelles contra la viol\u00e8ncia masclista&#8221;.<\/p>\n<p>Sota el lema creat pels mateixos alumnes &#8221; Posa&#8217;t a les seves sabates!&#8221; i 25N Mai m\u00e9s!&#8221;, han pintat sabates vermelles per a la instal\u00b7laci\u00f3 que han dissenyat a l&#8217;entrada de l&#8217;Institut i que es podr\u00e0 veure fins el 21 de novembre.<\/p>\n<p>En paraules dels mateixos alumnes,\u00a0<i>&#8220;el motiu \u00e9s denunciar la viol\u00e8ncia i conscienciar a tothom que no volem ni una v\u00edctima m\u00e9s. El 2017, 59 persones (51 dones i 8 infants) han mort injustament en mans de les seves parelles o &#8220;ex&#8221;!&#8221;<\/i><\/p>\n<p>Les sabates vermelles canviaran d&#8217;instal\u00b7laci\u00f3 el divendres 23 a les 19h a la Pla\u00e7a del Mercat de Santa Cristina d&#8217;Aro durant la celebraci\u00f3 dels actes organitzats pel Dia Internacional Contra la Viol\u00e8ncia Masclista.\u00a0<a href=\"https:\/\/santacristina.cat\/noticies\/8481-alumnes-de-secundaria-pinten-les-sabates-vermelles-contra-la-violencia-masclista-de-santa-cristina-d-aro.html\" target=\"_blank\" rel=\"noopener\" data-saferedirecturl=\"https:\/\/www.google.com\/url?q=https:\/\/santacristina.cat\/noticies\/8481-alumnes-de-secundaria-pinten-les-sabates-vermelles-contra-la-violencia-masclista-de-santa-cristina-d-aro.html&amp;source=gmail&amp;ust=1542287361868000&amp;usg=AFQjCNE2OKtfkoAkedv70Ac1-Na2gtLz-g\">https:\/\/<wbr \/>santacristina.cat\/noticies\/<wbr \/>8481-alumnes-de-secundaria-<wbr \/>pinten-les-sabates-vermelles-<wbr \/>contra-la-violencia-masclista-<wbr \/>de-santa-cristina-d-aro.html<\/a><\/p>\n<p>Link v\u00eddeo TVCosta Brava:<\/p>\n<div dir=\"auto\">\n<p><a href=\"http:\/\/www.tvcostabrava.com\/jessica-marti\/societat\/vida-social\/alumnes-de-4t-deso-pinten-sabates-vermelles-contra-la-violencia-masclista\" target=\"_blank\" rel=\"noopener\" data-saferedirecturl=\"https:\/\/www.google.com\/url?q=http:\/\/www.tvcostabrava.com\/jessica-marti\/societat\/vida-social\/alumnes-de-4t-deso-pinten-sabates-vermelles-contra-la-violencia-masclista&amp;source=gmail&amp;ust=1542287361868000&amp;usg=AFQjCNG0cmjfufDzUOILpqAkhGLcTtha7g\">http:\/\/www.tvcostabrava.com\/<wbr \/>jessica-marti\/societat\/vida-<wbr \/>social\/alumnes-de-4t-deso-<wbr \/>pinten-sabates-vermelles-<wbr \/>contra-la-violencia-masclista<\/a><\/p>\n<p class=\"yj6qo\">\u00a0<a href=\"https:\/\/agora.xtec.cat\/iesridaura\/wp-content\/uploads\/usu1163\/2018\/11\/IMG_1241.jpg\"><img loading=\"lazy\" decoding=\"async\" class=\"alignnone wp-image-1791\" src=\"https:\/\/agora.xtec.cat\/iesridaura\/wp-content\/uploads\/usu1163\/2018\/11\/IMG_1241-1024x768.jpg\" alt=\"\" width=\"491\" height=\"369\" srcset=\"https:\/\/agora.xtec.cat\/iesridaura\/wp-content\/uploads\/usu1163\/2018\/11\/IMG_1241-1024x768.jpg 1024w, https:\/\/agora.xtec.cat\/iesridaura\/wp-content\/uploads\/usu1163\/2018\/11\/IMG_1241-300x225.jpg 300w, https:\/\/agora.xtec.cat\/iesridaura\/wp-content\/uploads\/usu1163\/2018\/11\/IMG_1241-768x576.jpg 768w, https:\/\/agora.xtec.cat\/iesridaura\/wp-content\/uploads\/usu1163\/2018\/11\/IMG_1241-200x150.jpg 200w\" sizes=\"auto, (max-width: 491px) 100vw, 491px\" \/>\u00a0\u00a0\u00a0\u00a0\u00a0\u00a0<\/a> <a href=\"https:\/\/agora.xtec.cat\/iesridaura\/wp-content\/uploads\/usu1163\/2018\/11\/IMG_1240.jpg\"><img loading=\"lazy\" decoding=\"async\" class=\"alignnone wp-image-1792\" src=\"https:\/\/agora.xtec.cat\/iesridaura\/wp-content\/uploads\/usu1163\/2018\/11\/IMG_1240-1024x768.jpg\" alt=\"\" width=\"490\" height=\"367\" srcset=\"https:\/\/agora.xtec.cat\/iesridaura\/wp-content\/uploads\/usu1163\/2018\/11\/IMG_1240-1024x768.jpg 1024w, https:\/\/agora.xtec.cat\/iesridaura\/wp-content\/uploads\/usu1163\/2018\/11\/IMG_1240-300x225.jpg 300w, https:\/\/agora.xtec.cat\/iesridaura\/wp-content\/uploads\/usu1163\/2018\/11\/IMG_1240-768x576.jpg 768w, https:\/\/agora.xtec.cat\/iesridaura\/wp-content\/uploads\/usu1163\/2018\/11\/IMG_1240-200x150.jpg 200w\" sizes=\"auto, (max-width: 490px) 100vw, 490px\" \/><\/a> <a href=\"https:\/\/agora.xtec.cat\/iesridaura\/wp-content\/uploads\/usu1163\/2018\/11\/IMG_1227.jpg\"><img loading=\"lazy\" decoding=\"async\" class=\"alignnone wp-image-1793\" src=\"https:\/\/agora.xtec.cat\/iesridaura\/wp-content\/uploads\/usu1163\/2018\/11\/IMG_1227-1024x859.jpg\" alt=\"\" width=\"821\" height=\"689\" srcset=\"https:\/\/agora.xtec.cat\/iesridaura\/wp-content\/uploads\/usu1163\/2018\/11\/IMG_1227-1024x859.jpg 1024w, https:\/\/agora.xtec.cat\/iesridaura\/wp-content\/uploads\/usu1163\/2018\/11\/IMG_1227-300x252.jpg 300w, https:\/\/agora.xtec.cat\/iesridaura\/wp-content\/uploads\/usu1163\/2018\/11\/IMG_1227-768x644.jpg 768w\" sizes=\"auto, (max-width: 821px) 100vw, 821px\" \/><\/a><\/p>\n<div class=\"adL\"><\/div>\n<\/div>\n<\/div>\n","protected":false},"excerpt":{"rendered":"<p>&#8220;POSA&#8217;T A LES SEVES SABATES!&#8221; 59 SABATES VERMELLES CONTRA LA VIOL\u00c8NCIA MASCLISTA. 25N MAI M\u00c9S!\u00a0 El Grup d&#8217;Igualtat de l&#8217;Institut [&hellip;]<\/p>\n","protected":false},"author":1,"featured_media":0,"comment_status":"closed","ping_status":"closed","sticky":false,"template":"","format":"standard","meta":{"_bbp_topic_count":0,"_bbp_reply_count":0,"_bbp_total_topic_count":0,"_bbp_total_reply_count":0,"_bbp_voice_count":0,"_bbp_anonymous_reply_count":0,"_bbp_topic_count_hidden":0,"_bbp_reply_count_hidden":0,"_bbp_forum_subforum_count":0,"site-sidebar-layout":"default","site-content-layout":"","ast-site-content-layout":"","site-content-style":"default","site-sidebar-style":"default","ast-global-header-display":"","ast-banner-title-visibility":"","ast-main-header-display":"","ast-hfb-above-header-display":"","ast-hfb-below-header-display":"","ast-hfb-mobile-header-display":"","site-post-title":"","ast-breadcrumbs-content":"","ast-featured-img":"","footer-sml-layout":"","theme-transparent-header-meta":"","adv-header-id-meta":"","stick-header-meta":"","header-above-stick-meta":"","header-main-stick-meta":"","header-below-stick-meta":"","astra-migrate-meta-layouts":"default","ast-page-background-enabled":"default","ast-page-background-meta":{"desktop":{"background-color":"var(--ast-global-color-4)","background-image":"","background-repeat":"repeat","background-position":"center center","background-size":"auto","background-attachment":"scroll","background-type":"","background-media":"","overlay-type":"","overlay-color":"","overlay-opacity":"","overlay-gradient":""},"tablet":{"background-color":"","background-image":"","background-repeat":"repeat","background-position":"center center","background-size":"auto","background-attachment":"scroll","background-type":"","background-media":"","overlay-type":"","overlay-color":"","overlay-opacity":"","overlay-gradient":""},"mobile":{"background-color":"","background-image":"","background-repeat":"repeat","background-position":"center center","background-size":"auto","background-attachment":"scroll","background-type":"","background-media":"","overlay-type":"","overlay-color":"","overlay-opacity":"","overlay-gradient":""}},"ast-content-background-meta":{"desktop":{"background-color":"var(--ast-global-color-5)","background-image":"","background-repeat":"repeat","background-position":"center center","background-size":"auto","background-attachment":"scroll","background-type":"","background-media":"","overlay-type":"","overlay-color":"","overlay-opacity":"","overlay-gradient":""},"tablet":{"background-color":"var(--ast-global-color-5)","background-image":"","background-repeat":"repeat","background-position":"center center","background-size":"auto","background-attachment":"scroll","background-type":"","background-media":"","overlay-type":"","overlay-color":"","overlay-opacity":"","overlay-gradient":""},"mobile":{"background-color":"var(--ast-global-color-5)","background-image":"","background-repeat":"repeat","background-position":"center center","background-size":"auto","background-attachment":"scroll","background-type":"","background-media":"","overlay-type":"","overlay-color":"","overlay-opacity":"","overlay-gradient":""}},"footnotes":""},"categories":[1,29],"tags":[],"class_list":["post-1790","post","type-post","status-publish","format-standard","hentry","category-general","category-portada"],"post_mailing_queue_ids":[],"_links":{"self":[{"href":"https:\/\/agora.xtec.cat\/iesridaura\/wp-json\/wp\/v2\/posts\/1790","targetHints":{"allow":["GET"]}}],"collection":[{"href":"https:\/\/agora.xtec.cat\/iesridaura\/wp-json\/wp\/v2\/posts"}],"about":[{"href":"https:\/\/agora.xtec.cat\/iesridaura\/wp-json\/wp\/v2\/types\/post"}],"author":[{"embeddable":true,"href":"https:\/\/agora.xtec.cat\/iesridaura\/wp-json\/wp\/v2\/users\/1"}],"replies":[{"embeddable":true,"href":"https:\/\/agora.xtec.cat\/iesridaura\/wp-json\/wp\/v2\/comments?post=1790"}],"version-history":[{"count":3,"href":"https:\/\/agora.xtec.cat\/iesridaura\/wp-json\/wp\/v2\/posts\/1790\/revisions"}],"predecessor-version":[{"id":1796,"href":"https:\/\/agora.xtec.cat\/iesridaura\/wp-json\/wp\/v2\/posts\/1790\/revisions\/1796"}],"wp:attachment":[{"href":"https:\/\/agora.xtec.cat\/iesridaura\/wp-json\/wp\/v2\/media?parent=1790"}],"wp:term":[{"taxonomy":"category","embeddable":true,"href":"https:\/\/agora.xtec.cat\/iesridaura\/wp-json\/wp\/v2\/categories?post=1790"},{"taxonomy":"post_tag","embeddable":true,"href":"https:\/\/agora.xtec.cat\/iesridaura\/wp-json\/wp\/v2\/tags?post=1790"}],"curies":[{"name":"wp","href":"https:\/\/api.w.org\/{rel}","templated":true}]}}