{"id":1771,"date":"2018-11-12T09:34:58","date_gmt":"2018-11-12T08:34:58","guid":{"rendered":"http:\/\/agora.xtec.cat\/iesridaura\/?p=1771"},"modified":"2018-11-14T14:08:35","modified_gmt":"2018-11-14T13:08:35","slug":"projecte-ka1","status":"publish","type":"post","link":"https:\/\/agora.xtec.cat\/iesridaura\/general\/projecte-ka1\/","title":{"rendered":"PROJECTE KA1"},"content":{"rendered":"<p><span lang=\"CA\"><i> El curs passat l\u2019Institut Ridaura, juntament amb\u00a0 set instituts m\u00e9s de tot Catalunya, va entrar a formar part del consorci GEETS (Global Education &amp; European Teachers Strategies), gr\u00e0cies al qual el centre es beneficiava d\u2019un projecte Erasmus de mobilitat del professorat coordinat pel Departament d\u2019Ensenyament.<\/i><\/span><\/p>\n<p><span lang=\"CA\"><i>\u00a0<\/i><\/span><span lang=\"CA\"><i>Aquesta mobilitat es va concretar aquest estiu amb la formaci\u00f3 de dues professores del centre en noves metodologies, concretament, l\u2019Elisa Ruiz es va formar a Dublin fent el curs \u201cTheory and practice of CLIL\u201d i l\u2019\u00c0ngels Jariod va anar a Berlin per assistir al curs de \u201cProject Based Learning\u201d. Aquesta formaci\u00f3 continuar\u00e0 al mes de gener quan una altra professora, la J\u00falia Falg\u00e0s, viatgi a \u00c0ustria a realitzar un \u201cJob shadowing\u201d.<\/i><\/span><\/p>\n<p><span lang=\"CA\"><i>\u00a0<\/i><\/span><span lang=\"CA\"><i>La finalitat d\u2019aquesta formaci\u00f3 \u00e9s que aquestes noves metodologies d\u2019ensenyament-aprenentatge apreses es vagin instaurant al centre progressivament, mitjan\u00e7ant la formaci\u00f3 de tot el claustre a trav\u00e9s d\u2019un grup impulsor. <\/i><\/span><\/p>\n<p><span lang=\"CA\"><i>\u00a0<\/i><\/span><span lang=\"CA\"><i>De moment ja s\u2019ha fet la transfer\u00e8ncia al centre i tamb\u00e9 un intercanvi d\u2019experi\u00e8ncies a la seu del Departament d\u2019Ensenyament a Barcelona, amb tots els centres que participen en aquest consorci.<\/i><\/span><\/p>\n<p><a href=\"https:\/\/agora.xtec.cat\/iesridaura\/wp-content\/uploads\/usu1163\/2018\/11\/923EC163-E81A-4341-ACAE-5A629C326333.jpeg\"><img loading=\"lazy\" decoding=\"async\" class=\"alignnone size-full wp-image-1774\" src=\"https:\/\/agora.xtec.cat\/iesridaura\/wp-content\/uploads\/usu1163\/2018\/11\/923EC163-E81A-4341-ACAE-5A629C326333.jpeg\" alt=\"\" width=\"640\" height=\"480\" srcset=\"https:\/\/agora.xtec.cat\/iesridaura\/wp-content\/uploads\/usu1163\/2018\/11\/923EC163-E81A-4341-ACAE-5A629C326333.jpeg 640w, https:\/\/agora.xtec.cat\/iesridaura\/wp-content\/uploads\/usu1163\/2018\/11\/923EC163-E81A-4341-ACAE-5A629C326333-300x225.jpeg 300w, https:\/\/agora.xtec.cat\/iesridaura\/wp-content\/uploads\/usu1163\/2018\/11\/923EC163-E81A-4341-ACAE-5A629C326333-200x150.jpeg 200w\" sizes=\"auto, (max-width: 640px) 100vw, 640px\" \/><\/a>\u00a0\u00a0<a href=\"https:\/\/agora.xtec.cat\/iesridaura\/wp-content\/uploads\/usu1163\/2018\/11\/C819AF71-1729-4765-8E8F-99B5F65F36BC.jpeg\"><img loading=\"lazy\" decoding=\"async\" class=\"alignnone  wp-image-1780\" src=\"https:\/\/agora.xtec.cat\/iesridaura\/wp-content\/uploads\/usu1163\/2018\/11\/C819AF71-1729-4765-8E8F-99B5F65F36BC-1024x768.jpeg\" alt=\"\" width=\"659\" height=\"494\" srcset=\"https:\/\/agora.xtec.cat\/iesridaura\/wp-content\/uploads\/usu1163\/2018\/11\/C819AF71-1729-4765-8E8F-99B5F65F36BC-1024x768.jpeg 1024w, https:\/\/agora.xtec.cat\/iesridaura\/wp-content\/uploads\/usu1163\/2018\/11\/C819AF71-1729-4765-8E8F-99B5F65F36BC-300x225.jpeg 300w, https:\/\/agora.xtec.cat\/iesridaura\/wp-content\/uploads\/usu1163\/2018\/11\/C819AF71-1729-4765-8E8F-99B5F65F36BC-768x576.jpeg 768w, https:\/\/agora.xtec.cat\/iesridaura\/wp-content\/uploads\/usu1163\/2018\/11\/C819AF71-1729-4765-8E8F-99B5F65F36BC-200x150.jpeg 200w, https:\/\/agora.xtec.cat\/iesridaura\/wp-content\/uploads\/usu1163\/2018\/11\/C819AF71-1729-4765-8E8F-99B5F65F36BC.jpeg 1599w\" sizes=\"auto, (max-width: 659px) 100vw, 659px\" \/><\/a><\/p>\n","protected":false},"excerpt":{"rendered":"<p>El curs passat l\u2019Institut Ridaura, juntament amb\u00a0 set instituts m\u00e9s de tot Catalunya, va entrar a formar part del consorci [&hellip;]<\/p>\n","protected":false},"author":1,"featured_media":0,"comment_status":"open","ping_status":"closed","sticky":false,"template":"","format":"standard","meta":{"_bbp_topic_count":0,"_bbp_reply_count":0,"_bbp_total_topic_count":0,"_bbp_total_reply_count":0,"_bbp_voice_count":0,"_bbp_anonymous_reply_count":0,"_bbp_topic_count_hidden":0,"_bbp_reply_count_hidden":0,"_bbp_forum_subforum_count":0,"site-sidebar-layout":"default","site-content-layout":"","ast-site-content-layout":"","site-content-style":"default","site-sidebar-style":"default","ast-global-header-display":"","ast-banner-title-visibility":"","ast-main-header-display":"","ast-hfb-above-header-display":"","ast-hfb-below-header-display":"","ast-hfb-mobile-header-display":"","site-post-title":"","ast-breadcrumbs-content":"","ast-featured-img":"","footer-sml-layout":"","theme-transparent-header-meta":"","adv-header-id-meta":"","stick-header-meta":"","header-above-stick-meta":"","header-main-stick-meta":"","header-below-stick-meta":"","astra-migrate-meta-layouts":"default","ast-page-background-enabled":"default","ast-page-background-meta":{"desktop":{"background-color":"var(--ast-global-color-4)","background-image":"","background-repeat":"repeat","background-position":"center center","background-size":"auto","background-attachment":"scroll","background-type":"","background-media":"","overlay-type":"","overlay-color":"","overlay-opacity":"","overlay-gradient":""},"tablet":{"background-color":"","background-image":"","background-repeat":"repeat","background-position":"center center","background-size":"auto","background-attachment":"scroll","background-type":"","background-media":"","overlay-type":"","overlay-color":"","overlay-opacity":"","overlay-gradient":""},"mobile":{"background-color":"","background-image":"","background-repeat":"repeat","background-position":"center center","background-size":"auto","background-attachment":"scroll","background-type":"","background-media":"","overlay-type":"","overlay-color":"","overlay-opacity":"","overlay-gradient":""}},"ast-content-background-meta":{"desktop":{"background-color":"var(--ast-global-color-5)","background-image":"","background-repeat":"repeat","background-position":"center center","background-size":"auto","background-attachment":"scroll","background-type":"","background-media":"","overlay-type":"","overlay-color":"","overlay-opacity":"","overlay-gradient":""},"tablet":{"background-color":"var(--ast-global-color-5)","background-image":"","background-repeat":"repeat","background-position":"center center","background-size":"auto","background-attachment":"scroll","background-type":"","background-media":"","overlay-type":"","overlay-color":"","overlay-opacity":"","overlay-gradient":""},"mobile":{"background-color":"var(--ast-global-color-5)","background-image":"","background-repeat":"repeat","background-position":"center center","background-size":"auto","background-attachment":"scroll","background-type":"","background-media":"","overlay-type":"","overlay-color":"","overlay-opacity":"","overlay-gradient":""}},"footnotes":""},"categories":[1,29],"tags":[],"class_list":["post-1771","post","type-post","status-publish","format-standard","hentry","category-general","category-portada"],"post_mailing_queue_ids":[],"_links":{"self":[{"href":"https:\/\/agora.xtec.cat\/iesridaura\/wp-json\/wp\/v2\/posts\/1771","targetHints":{"allow":["GET"]}}],"collection":[{"href":"https:\/\/agora.xtec.cat\/iesridaura\/wp-json\/wp\/v2\/posts"}],"about":[{"href":"https:\/\/agora.xtec.cat\/iesridaura\/wp-json\/wp\/v2\/types\/post"}],"author":[{"embeddable":true,"href":"https:\/\/agora.xtec.cat\/iesridaura\/wp-json\/wp\/v2\/users\/1"}],"replies":[{"embeddable":true,"href":"https:\/\/agora.xtec.cat\/iesridaura\/wp-json\/wp\/v2\/comments?post=1771"}],"version-history":[{"count":3,"href":"https:\/\/agora.xtec.cat\/iesridaura\/wp-json\/wp\/v2\/posts\/1771\/revisions"}],"predecessor-version":[{"id":1789,"href":"https:\/\/agora.xtec.cat\/iesridaura\/wp-json\/wp\/v2\/posts\/1771\/revisions\/1789"}],"wp:attachment":[{"href":"https:\/\/agora.xtec.cat\/iesridaura\/wp-json\/wp\/v2\/media?parent=1771"}],"wp:term":[{"taxonomy":"category","embeddable":true,"href":"https:\/\/agora.xtec.cat\/iesridaura\/wp-json\/wp\/v2\/categories?post=1771"},{"taxonomy":"post_tag","embeddable":true,"href":"https:\/\/agora.xtec.cat\/iesridaura\/wp-json\/wp\/v2\/tags?post=1771"}],"curies":[{"name":"wp","href":"https:\/\/api.w.org\/{rel}","templated":true}]}}