{"id":12239,"date":"2026-09-03T11:40:14","date_gmt":"2026-09-03T09:40:14","guid":{"rendered":"https:\/\/agora.xtec.cat\/iesridaura\/?p=12239"},"modified":"2026-09-03T11:40:15","modified_gmt":"2026-09-03T09:40:15","slug":"inici-de-curs-2026-2027","status":"publish","type":"post","link":"https:\/\/agora.xtec.cat\/iesridaura\/general\/inici-de-curs-2026-2027\/","title":{"rendered":"Inici de curs 2026-2027"},"content":{"rendered":"\n<figure class=\"wp-block-image size-large\"><a href=\"https:\/\/agora.xtec.cat\/iesridaura\/wp-content\/uploads\/usu1163\/2026\/09\/Comencem-el-curs-2026-2027.png\"><img loading=\"lazy\" decoding=\"async\" width=\"1024\" height=\"328\" src=\"https:\/\/agora.xtec.cat\/iesridaura\/wp-content\/uploads\/usu1163\/2026\/09\/Comencem-el-curs-2026-2027-1024x328.png\" alt=\"\" class=\"wp-image-12240\" srcset=\"https:\/\/agora.xtec.cat\/iesridaura\/wp-content\/uploads\/usu1163\/2026\/09\/Comencem-el-curs-2026-2027-1024x328.png 1024w, https:\/\/agora.xtec.cat\/iesridaura\/wp-content\/uploads\/usu1163\/2026\/09\/Comencem-el-curs-2026-2027-300x96.png 300w, https:\/\/agora.xtec.cat\/iesridaura\/wp-content\/uploads\/usu1163\/2026\/09\/Comencem-el-curs-2026-2027-768x246.png 768w, https:\/\/agora.xtec.cat\/iesridaura\/wp-content\/uploads\/usu1163\/2026\/09\/Comencem-el-curs-2026-2027-1536x491.png 1536w, https:\/\/agora.xtec.cat\/iesridaura\/wp-content\/uploads\/usu1163\/2026\/09\/Comencem-el-curs-2026-2027.png 1760w\" sizes=\"auto, (max-width: 1024px) 100vw, 1024px\" \/><\/a><\/figure>\n\n\n\n<p>INFORMACIONS IMPORTANTS D\u2019INICI DE CURS 26-27 :<\/p>\n\n\n\n<ul class=\"wp-block-list\">\n<li><strong>Dilluns 7 de setembre 202<\/strong>6, a les 19:00h : Reuni\u00f3 de fam\u00edlies de 1r d\u2019ESO<\/li>\n\n\n\n<li><strong>Dimarts 8 de setembre 202<\/strong>6\u00a0: FESTIU PER A L\u2019ALUMNAT, Festa Major de Castell d\u2019Aro.<\/li>\n\n\n\n<li><strong>Dimecres 9 de setembre 202<\/strong>6\u00a0:\u00a0<strong>INICI DE CURS D\u2019ALUMNAT D\u2019ESO I BATXILLERAT<\/strong><br>\u2013 1r d\u2019ESO : De 9:00h a 15:00h, les fam\u00edlies han de portar personalment l\u2019alumnat. La tornada podr\u00e0 ser en transport p\u00fablic.<br>\u2013 2n, 3r, 4t d\u2019ESO i Batxillerat : D\u201911:00h a 15:00h. El transport escolar far\u00e0 un viatge d\u2019anada a les 11:00h i un altre de tornada, per a tot l\u2019alumnat del centre, a les 15:00h.<\/li>\n\n\n\n<li><strong>Divendres 11 de setembre 202<\/strong>6\u00a0: FESTIU, Diada Nacional de Catalunya.<\/li>\n<\/ul>\n\n\n\n<p>Tamb\u00e9, us informem que des de l\u2019<strong>AFA Ridaura<\/strong>\u00a0han obert un per\u00edode excepcional per a realitzar els pagaments de quotes d\u2019AFA i Reciclatext, fins divendres 10 de setembre 2026 (alumnes amb motxilla) i fins el 15 de setembre 2026 per la resta (superat aquest termini no acceptaran m\u00e9s pagaments). Les fam\u00edlies que tenen ajuts, beques motxilla, etc. tamb\u00e9 han d\u2019accedir a la p\u00e0gina web de\u00a0<a href=\"https:\/\/www.llibrestext.com\/botiga\/index\">Llibrestext<\/a>\u00a0per abonar la fian\u00e7a. En cas de no fer-ho perdran el dret al lot de llibres.<\/p>\n\n\n\n<p>Recordeu que totes les informacions de l\u2019Institut Ridaura les podeu consultar a trav\u00e9s de la nostra web i de les xarxes socials, Facebook i Instagram !<\/p>\n\n\n\n<p>BON INICI DE CURS A TOTHOM !<\/p>\n\n\n\n<figure class=\"wp-block-image size-large\"><a href=\"https:\/\/agora.xtec.cat\/iesridaura\/wp-content\/uploads\/usu1163\/2026\/09\/Imatge-de-WhatsApp-2025-08-29-a-les-13.13.20_9c75d703-Editada.jpg\"><img loading=\"lazy\" decoding=\"async\" width=\"1024\" height=\"837\" src=\"https:\/\/agora.xtec.cat\/iesridaura\/wp-content\/uploads\/usu1163\/2026\/09\/Imatge-de-WhatsApp-2025-08-29-a-les-13.13.20_9c75d703-Editada-1024x837.jpg\" alt=\"\" class=\"wp-image-12241\" srcset=\"https:\/\/agora.xtec.cat\/iesridaura\/wp-content\/uploads\/usu1163\/2026\/09\/Imatge-de-WhatsApp-2025-08-29-a-les-13.13.20_9c75d703-Editada-1024x837.jpg 1024w, https:\/\/agora.xtec.cat\/iesridaura\/wp-content\/uploads\/usu1163\/2026\/09\/Imatge-de-WhatsApp-2025-08-29-a-les-13.13.20_9c75d703-Editada-300x245.jpg 300w, https:\/\/agora.xtec.cat\/iesridaura\/wp-content\/uploads\/usu1163\/2026\/09\/Imatge-de-WhatsApp-2025-08-29-a-les-13.13.20_9c75d703-Editada-768x628.jpg 768w, https:\/\/agora.xtec.cat\/iesridaura\/wp-content\/uploads\/usu1163\/2026\/09\/Imatge-de-WhatsApp-2025-08-29-a-les-13.13.20_9c75d703-Editada.jpg 1080w\" sizes=\"auto, (max-width: 1024px) 100vw, 1024px\" \/><\/a><\/figure>\n","protected":false},"excerpt":{"rendered":"<p>INFORMACIONS IMPORTANTS D\u2019INICI DE CURS 26-27 : Tamb\u00e9, us informem que des de l\u2019AFA Ridaura\u00a0han obert un per\u00edode excepcional per [&hellip;]<\/p>\n","protected":false},"author":103,"featured_media":12241,"comment_status":"open","ping_status":"open","sticky":false,"template":"","format":"standard","meta":{"_bbp_topic_count":0,"_bbp_reply_count":0,"_bbp_total_topic_count":0,"_bbp_total_reply_count":0,"_bbp_voice_count":0,"_bbp_anonymous_reply_count":0,"_bbp_topic_count_hidden":0,"_bbp_reply_count_hidden":0,"_bbp_forum_subforum_count":0,"site-sidebar-layout":"default","site-content-layout":"","ast-site-content-layout":"default","site-content-style":"default","site-sidebar-style":"default","ast-global-header-display":"","ast-banner-title-visibility":"","ast-main-header-display":"","ast-hfb-above-header-display":"","ast-hfb-below-header-display":"","ast-hfb-mobile-header-display":"","site-post-title":"","ast-breadcrumbs-content":"","ast-featured-img":"","footer-sml-layout":"","theme-transparent-header-meta":"","adv-header-id-meta":"","stick-header-meta":"","header-above-stick-meta":"","header-main-stick-meta":"","header-below-stick-meta":"","astra-migrate-meta-layouts":"set","ast-page-background-enabled":"default","ast-page-background-meta":{"desktop":{"background-color":"var(--ast-global-color-4)","background-image":"","background-repeat":"repeat","background-position":"center center","background-size":"auto","background-attachment":"scroll","background-type":"","background-media":"","overlay-type":"","overlay-color":"","overlay-opacity":"","overlay-gradient":""},"tablet":{"background-color":"","background-image":"","background-repeat":"repeat","background-position":"center center","background-size":"auto","background-attachment":"scroll","background-type":"","background-media":"","overlay-type":"","overlay-color":"","overlay-opacity":"","overlay-gradient":""},"mobile":{"background-color":"","background-image":"","background-repeat":"repeat","background-position":"center center","background-size":"auto","background-attachment":"scroll","background-type":"","background-media":"","overlay-type":"","overlay-color":"","overlay-opacity":"","overlay-gradient":""}},"ast-content-background-meta":{"desktop":{"background-color":"var(--ast-global-color-5)","background-image":"","background-repeat":"repeat","background-position":"center center","background-size":"auto","background-attachment":"scroll","background-type":"","background-media":"","overlay-type":"","overlay-color":"","overlay-opacity":"","overlay-gradient":""},"tablet":{"background-color":"var(--ast-global-color-5)","background-image":"","background-repeat":"repeat","background-position":"center center","background-size":"auto","background-attachment":"scroll","background-type":"","background-media":"","overlay-type":"","overlay-color":"","overlay-opacity":"","overlay-gradient":""},"mobile":{"background-color":"var(--ast-global-color-5)","background-image":"","background-repeat":"repeat","background-position":"center center","background-size":"auto","background-attachment":"scroll","background-type":"","background-media":"","overlay-type":"","overlay-color":"","overlay-opacity":"","overlay-gradient":""}},"footnotes":""},"categories":[1],"tags":[1067,69,1065,59,235],"class_list":["post-12239","post","type-post","status-publish","format-standard","has-post-thumbnail","hentry","category-general","tag-2026-2027","tag-batxillerat","tag-curs-2026-2027","tag-eso","tag-inici-de-curs"],"post_mailing_queue_ids":[],"_links":{"self":[{"href":"https:\/\/agora.xtec.cat\/iesridaura\/wp-json\/wp\/v2\/posts\/12239","targetHints":{"allow":["GET"]}}],"collection":[{"href":"https:\/\/agora.xtec.cat\/iesridaura\/wp-json\/wp\/v2\/posts"}],"about":[{"href":"https:\/\/agora.xtec.cat\/iesridaura\/wp-json\/wp\/v2\/types\/post"}],"author":[{"embeddable":true,"href":"https:\/\/agora.xtec.cat\/iesridaura\/wp-json\/wp\/v2\/users\/103"}],"replies":[{"embeddable":true,"href":"https:\/\/agora.xtec.cat\/iesridaura\/wp-json\/wp\/v2\/comments?post=12239"}],"version-history":[{"count":1,"href":"https:\/\/agora.xtec.cat\/iesridaura\/wp-json\/wp\/v2\/posts\/12239\/revisions"}],"predecessor-version":[{"id":12242,"href":"https:\/\/agora.xtec.cat\/iesridaura\/wp-json\/wp\/v2\/posts\/12239\/revisions\/12242"}],"wp:featuredmedia":[{"embeddable":true,"href":"https:\/\/agora.xtec.cat\/iesridaura\/wp-json\/wp\/v2\/media\/12241"}],"wp:attachment":[{"href":"https:\/\/agora.xtec.cat\/iesridaura\/wp-json\/wp\/v2\/media?parent=12239"}],"wp:term":[{"taxonomy":"category","embeddable":true,"href":"https:\/\/agora.xtec.cat\/iesridaura\/wp-json\/wp\/v2\/categories?post=12239"},{"taxonomy":"post_tag","embeddable":true,"href":"https:\/\/agora.xtec.cat\/iesridaura\/wp-json\/wp\/v2\/tags?post=12239"}],"curies":[{"name":"wp","href":"https:\/\/api.w.org\/{rel}","templated":true}]}}