{"id":8099,"date":"2022-03-10T16:52:02","date_gmt":"2022-03-10T15:52:02","guid":{"rendered":"https:\/\/agora.xtec.cat\/iesribotiserra\/?p=8099"},"modified":"2022-03-16T10:15:46","modified_gmt":"2022-03-16T09:15:46","slug":"les-nostres-avies-lluitadores","status":"publish","type":"post","link":"https:\/\/agora.xtec.cat\/iesribotiserra\/portada\/les-nostres-avies-lluitadores\/","title":{"rendered":"Les nostres \u00e0vies lluitadores"},"content":{"rendered":"<p style=\"text-align: justify;\">Amb l\u2019objectiu d\u2019homenatjar les \u00e0vies de les nostres vides i mostrar-los agra\u00efment, a m\u00e9s de conscienciar l\u2019alumnat de la import\u00e0ncia de les tasques que fan les dones, i de la invisibilitzaci\u00f3 i desvaloritzaci\u00f3 social d\u2019aquestes tasques, les professores de cicles Anna S\u00e1nchez Moix i Anna Belen Fern\u00e1ndez, coordinadores de la comissi\u00f3 CODI (COeducaci\u00f3 i DIversitat sexual) del centre, han demanat la col\u00b7laborac\u00ed\u00f3 aquest any de tot l&#8217;alumnat, les tutores i tutors i del professorat de lleng\u00fces per preparar una exposici\u00f3 que s\u2019ha inaugurat coincidint amb les celebracions del 8 de mar\u00e7.<\/p>\n<p style=\"text-align: justify;\"><strong><a href=\"https:\/\/agora.xtec.cat\/iesribotiserra\/wp-content\/uploads\/usu1672\/2022\/03\/Exposicio-8-marc-03.jpg\"><img loading=\"lazy\" decoding=\"async\" class=\"alignnone size-large wp-image-8096\" src=\"https:\/\/agora.xtec.cat\/iesribotiserra\/wp-content\/uploads\/usu1672\/2022\/03\/Exposicio-8-marc-03-1024x768.jpg\" alt=\"\" width=\"1024\" height=\"768\" srcset=\"https:\/\/agora.xtec.cat\/iesribotiserra\/wp-content\/uploads\/usu1672\/2022\/03\/Exposicio-8-marc-03-1024x768.jpg 1024w, https:\/\/agora.xtec.cat\/iesribotiserra\/wp-content\/uploads\/usu1672\/2022\/03\/Exposicio-8-marc-03-300x225.jpg 300w, https:\/\/agora.xtec.cat\/iesribotiserra\/wp-content\/uploads\/usu1672\/2022\/03\/Exposicio-8-marc-03-768x576.jpg 768w, https:\/\/agora.xtec.cat\/iesribotiserra\/wp-content\/uploads\/usu1672\/2022\/03\/Exposicio-8-marc-03-200x150.jpg 200w, https:\/\/agora.xtec.cat\/iesribotiserra\/wp-content\/uploads\/usu1672\/2022\/03\/Exposicio-8-marc-03.jpg 1229w\" sizes=\"auto, (max-width: 1024px) 100vw, 1024px\" \/><\/a><\/strong><\/p>\n<p style=\"text-align: justify;\">179 \u00e0vies del nostre institut i 29 altres dones de la nostra vida han quedat representades i homenatjades al passad\u00eds principal del Ribot. Val la pena llegir els relats que ha escrit l&#8217;alumnat; algunes hist\u00f2ries i agra\u00efments a les \u00e0vies s\u00f3n realment emotius. Fa molt goig la diversitat que tenim al Ribot\ud83d\udc9c<\/p>\n<table style=\"border-collapse: collapse; width: 100%;\">\n<tbody>\n<tr>\n<td style=\"width: 33.3333%;\"><a href=\"https:\/\/agora.xtec.cat\/iesribotiserra\/wp-content\/uploads\/usu1672\/2022\/03\/IMG_20220307_191813.jpg\"><img loading=\"lazy\" decoding=\"async\" class=\"alignnone size-large wp-image-8119\" src=\"https:\/\/agora.xtec.cat\/iesribotiserra\/wp-content\/uploads\/usu1672\/2022\/03\/IMG_20220307_191813-768x1024.jpg\" alt=\"\" width=\"768\" height=\"1024\" srcset=\"https:\/\/agora.xtec.cat\/iesribotiserra\/wp-content\/uploads\/usu1672\/2022\/03\/IMG_20220307_191813-768x1024.jpg 768w, https:\/\/agora.xtec.cat\/iesribotiserra\/wp-content\/uploads\/usu1672\/2022\/03\/IMG_20220307_191813-225x300.jpg 225w, https:\/\/agora.xtec.cat\/iesribotiserra\/wp-content\/uploads\/usu1672\/2022\/03\/IMG_20220307_191813.jpg 936w\" sizes=\"auto, (max-width: 768px) 100vw, 768px\" \/><\/a><\/td>\n<td style=\"width: 33.3333%;\"><a href=\"https:\/\/agora.xtec.cat\/iesribotiserra\/wp-content\/uploads\/usu1672\/2022\/03\/IMG_20220307_181254.jpg\"><img loading=\"lazy\" decoding=\"async\" class=\"alignnone size-large wp-image-8113\" src=\"https:\/\/agora.xtec.cat\/iesribotiserra\/wp-content\/uploads\/usu1672\/2022\/03\/IMG_20220307_181254-768x1024.jpg\" alt=\"\" width=\"768\" height=\"1024\" srcset=\"https:\/\/agora.xtec.cat\/iesribotiserra\/wp-content\/uploads\/usu1672\/2022\/03\/IMG_20220307_181254-768x1024.jpg 768w, https:\/\/agora.xtec.cat\/iesribotiserra\/wp-content\/uploads\/usu1672\/2022\/03\/IMG_20220307_181254-225x300.jpg 225w, https:\/\/agora.xtec.cat\/iesribotiserra\/wp-content\/uploads\/usu1672\/2022\/03\/IMG_20220307_181254.jpg 936w\" sizes=\"auto, (max-width: 768px) 100vw, 768px\" \/><\/a><\/td>\n<td style=\"width: 33.3333%;\"><a href=\"https:\/\/agora.xtec.cat\/iesribotiserra\/wp-content\/uploads\/usu1672\/2022\/03\/IMG_20220307_181405.jpg\"><img loading=\"lazy\" decoding=\"async\" class=\"alignnone size-large wp-image-8114\" src=\"https:\/\/agora.xtec.cat\/iesribotiserra\/wp-content\/uploads\/usu1672\/2022\/03\/IMG_20220307_181405-768x1024.jpg\" alt=\"\" width=\"768\" height=\"1024\" srcset=\"https:\/\/agora.xtec.cat\/iesribotiserra\/wp-content\/uploads\/usu1672\/2022\/03\/IMG_20220307_181405-768x1024.jpg 768w, https:\/\/agora.xtec.cat\/iesribotiserra\/wp-content\/uploads\/usu1672\/2022\/03\/IMG_20220307_181405-225x300.jpg 225w, https:\/\/agora.xtec.cat\/iesribotiserra\/wp-content\/uploads\/usu1672\/2022\/03\/IMG_20220307_181405.jpg 936w\" sizes=\"auto, (max-width: 768px) 100vw, 768px\" \/><\/a><\/td>\n<\/tr>\n<\/tbody>\n<\/table>\n<table style=\"border-collapse: collapse; width: 100%;\">\n<tbody>\n<tr>\n<td style=\"width: 33.3333%;\"><a href=\"https:\/\/agora.xtec.cat\/iesribotiserra\/wp-content\/uploads\/usu1672\/2022\/03\/IMG_20220307_184451.jpg\"><img loading=\"lazy\" decoding=\"async\" class=\"alignnone size-large wp-image-8118\" src=\"https:\/\/agora.xtec.cat\/iesribotiserra\/wp-content\/uploads\/usu1672\/2022\/03\/IMG_20220307_184451-1024x768.jpg\" alt=\"\" width=\"1024\" height=\"768\" srcset=\"https:\/\/agora.xtec.cat\/iesribotiserra\/wp-content\/uploads\/usu1672\/2022\/03\/IMG_20220307_184451-1024x768.jpg 1024w, https:\/\/agora.xtec.cat\/iesribotiserra\/wp-content\/uploads\/usu1672\/2022\/03\/IMG_20220307_184451-300x225.jpg 300w, https:\/\/agora.xtec.cat\/iesribotiserra\/wp-content\/uploads\/usu1672\/2022\/03\/IMG_20220307_184451-768x576.jpg 768w, https:\/\/agora.xtec.cat\/iesribotiserra\/wp-content\/uploads\/usu1672\/2022\/03\/IMG_20220307_184451-200x150.jpg 200w, https:\/\/agora.xtec.cat\/iesribotiserra\/wp-content\/uploads\/usu1672\/2022\/03\/IMG_20220307_184451.jpg 1248w\" sizes=\"auto, (max-width: 1024px) 100vw, 1024px\" \/><\/a><\/td>\n<td style=\"width: 33.3333%;\"><a href=\"https:\/\/agora.xtec.cat\/iesribotiserra\/wp-content\/uploads\/usu1672\/2022\/03\/IMG_20220307_184355.jpg\"><img loading=\"lazy\" decoding=\"async\" class=\"alignnone size-large wp-image-8115\" src=\"https:\/\/agora.xtec.cat\/iesribotiserra\/wp-content\/uploads\/usu1672\/2022\/03\/IMG_20220307_184355-1024x768.jpg\" alt=\"\" width=\"1024\" height=\"768\" srcset=\"https:\/\/agora.xtec.cat\/iesribotiserra\/wp-content\/uploads\/usu1672\/2022\/03\/IMG_20220307_184355-1024x768.jpg 1024w, https:\/\/agora.xtec.cat\/iesribotiserra\/wp-content\/uploads\/usu1672\/2022\/03\/IMG_20220307_184355-300x225.jpg 300w, https:\/\/agora.xtec.cat\/iesribotiserra\/wp-content\/uploads\/usu1672\/2022\/03\/IMG_20220307_184355-768x576.jpg 768w, https:\/\/agora.xtec.cat\/iesribotiserra\/wp-content\/uploads\/usu1672\/2022\/03\/IMG_20220307_184355-200x150.jpg 200w, https:\/\/agora.xtec.cat\/iesribotiserra\/wp-content\/uploads\/usu1672\/2022\/03\/IMG_20220307_184355.jpg 1248w\" sizes=\"auto, (max-width: 1024px) 100vw, 1024px\" \/><\/a><\/td>\n<td style=\"width: 33.3333%;\"><a href=\"https:\/\/agora.xtec.cat\/iesribotiserra\/wp-content\/uploads\/usu1672\/2022\/03\/IMG_20220310_132410.jpg\"><img loading=\"lazy\" decoding=\"async\" class=\"alignnone size-large wp-image-8111\" src=\"https:\/\/agora.xtec.cat\/iesribotiserra\/wp-content\/uploads\/usu1672\/2022\/03\/IMG_20220310_132410-1024x768.jpg\" alt=\"\" width=\"1024\" height=\"768\" srcset=\"https:\/\/agora.xtec.cat\/iesribotiserra\/wp-content\/uploads\/usu1672\/2022\/03\/IMG_20220310_132410-1024x768.jpg 1024w, https:\/\/agora.xtec.cat\/iesribotiserra\/wp-content\/uploads\/usu1672\/2022\/03\/IMG_20220310_132410-300x225.jpg 300w, https:\/\/agora.xtec.cat\/iesribotiserra\/wp-content\/uploads\/usu1672\/2022\/03\/IMG_20220310_132410-768x576.jpg 768w, https:\/\/agora.xtec.cat\/iesribotiserra\/wp-content\/uploads\/usu1672\/2022\/03\/IMG_20220310_132410-200x150.jpg 200w, https:\/\/agora.xtec.cat\/iesribotiserra\/wp-content\/uploads\/usu1672\/2022\/03\/IMG_20220310_132410.jpg 1248w\" sizes=\"auto, (max-width: 1024px) 100vw, 1024px\" \/><\/a><\/td>\n<\/tr>\n<\/tbody>\n<\/table>\n<p>Estem molt contentes amb el resultat del projecte!<\/p>\n<table style=\"border-collapse: collapse; width: 100%;\">\n<tbody>\n<tr>\n<td style=\"width: 50%;\"><a href=\"https:\/\/agora.xtec.cat\/iesribotiserra\/wp-content\/uploads\/usu1672\/2022\/03\/Exposicio-8-marc-01.jpg\"><img loading=\"lazy\" decoding=\"async\" class=\"alignnone size-large wp-image-8098\" src=\"https:\/\/agora.xtec.cat\/iesribotiserra\/wp-content\/uploads\/usu1672\/2022\/03\/Exposicio-8-marc-01-1024x768.jpg\" alt=\"\" width=\"1024\" height=\"768\" srcset=\"https:\/\/agora.xtec.cat\/iesribotiserra\/wp-content\/uploads\/usu1672\/2022\/03\/Exposicio-8-marc-01-1024x768.jpg 1024w, https:\/\/agora.xtec.cat\/iesribotiserra\/wp-content\/uploads\/usu1672\/2022\/03\/Exposicio-8-marc-01-300x225.jpg 300w, https:\/\/agora.xtec.cat\/iesribotiserra\/wp-content\/uploads\/usu1672\/2022\/03\/Exposicio-8-marc-01-768x576.jpg 768w, https:\/\/agora.xtec.cat\/iesribotiserra\/wp-content\/uploads\/usu1672\/2022\/03\/Exposicio-8-marc-01-200x150.jpg 200w, https:\/\/agora.xtec.cat\/iesribotiserra\/wp-content\/uploads\/usu1672\/2022\/03\/Exposicio-8-marc-01.jpg 1229w\" sizes=\"auto, (max-width: 1024px) 100vw, 1024px\" \/><\/a><\/td>\n<td style=\"width: 50%;\"><a href=\"https:\/\/agora.xtec.cat\/iesribotiserra\/wp-content\/uploads\/usu1672\/2022\/03\/Exposicio-8-marc-02.jpg\"><img loading=\"lazy\" decoding=\"async\" class=\"alignnone size-large wp-image-8097\" src=\"https:\/\/agora.xtec.cat\/iesribotiserra\/wp-content\/uploads\/usu1672\/2022\/03\/Exposicio-8-marc-02-1024x768.jpg\" alt=\"\" width=\"1024\" height=\"768\" srcset=\"https:\/\/agora.xtec.cat\/iesribotiserra\/wp-content\/uploads\/usu1672\/2022\/03\/Exposicio-8-marc-02-1024x768.jpg 1024w, https:\/\/agora.xtec.cat\/iesribotiserra\/wp-content\/uploads\/usu1672\/2022\/03\/Exposicio-8-marc-02-300x225.jpg 300w, https:\/\/agora.xtec.cat\/iesribotiserra\/wp-content\/uploads\/usu1672\/2022\/03\/Exposicio-8-marc-02-768x576.jpg 768w, https:\/\/agora.xtec.cat\/iesribotiserra\/wp-content\/uploads\/usu1672\/2022\/03\/Exposicio-8-marc-02-200x150.jpg 200w, https:\/\/agora.xtec.cat\/iesribotiserra\/wp-content\/uploads\/usu1672\/2022\/03\/Exposicio-8-marc-02.jpg 1229w\" sizes=\"auto, (max-width: 1024px) 100vw, 1024px\" \/><\/a><\/td>\n<\/tr>\n<\/tbody>\n<\/table>\n<p>El Dia Internacional de la Dona se celebra cada 8 de mar\u00e7 i est\u00e0 reconegut per l\u2019Organitzaci\u00f3 de les Nacions Unides (ONU). Aquest dia es commemora la lluita de la dona en la incorporaci\u00f3 al m\u00f3n del treball i a la societat en general, com a ciutadana de ple dret.<\/p>\n","protected":false},"excerpt":{"rendered":"<p>Amb l\u2019objectiu d\u2019homenatjar les \u00e0vies de les nostres vides i mostrar-los agra\u00efment, a m\u00e9s de conscienciar l\u2019alumnat de la import\u00e0ncia de les tasques que fan les dones, i de la invisibilitzaci\u00f3 i desvaloritzaci\u00f3 social d\u2019aquestes tasques, les professores de cicles Anna S\u00e1nchez Moix i Anna Belen Fern\u00e1ndez, coordinadores de la comissi\u00f3 CODI (COeducaci\u00f3 i DIversitat [&hellip;]<\/p>\n","protected":false},"author":1,"featured_media":8096,"comment_status":"closed","ping_status":"closed","sticky":false,"template":"","format":"standard","meta":{"_bbp_topic_count":0,"_bbp_reply_count":0,"_bbp_total_topic_count":0,"_bbp_total_reply_count":0,"_bbp_voice_count":0,"_bbp_anonymous_reply_count":0,"_bbp_topic_count_hidden":0,"_bbp_reply_count_hidden":0,"_bbp_forum_subforum_count":0,"site-sidebar-layout":"default","site-content-layout":"","ast-site-content-layout":"","site-content-style":"default","site-sidebar-style":"default","ast-global-header-display":"","ast-banner-title-visibility":"","ast-main-header-display":"","ast-hfb-above-header-display":"","ast-hfb-below-header-display":"","ast-hfb-mobile-header-display":"","site-post-title":"","ast-breadcrumbs-content":"","ast-featured-img":"","footer-sml-layout":"","theme-transparent-header-meta":"","adv-header-id-meta":"","stick-header-meta":"","header-above-stick-meta":"","header-main-stick-meta":"","header-below-stick-meta":"","astra-migrate-meta-layouts":"default","ast-page-background-enabled":"default","ast-page-background-meta":{"desktop":{"background-color":"var(--ast-global-color-4)","background-image":"","background-repeat":"repeat","background-position":"center center","background-size":"auto","background-attachment":"scroll","background-type":"","background-media":"","overlay-type":"","overlay-color":"","overlay-opacity":"","overlay-gradient":""},"tablet":{"background-color":"","background-image":"","background-repeat":"repeat","background-position":"center center","background-size":"auto","background-attachment":"scroll","background-type":"","background-media":"","overlay-type":"","overlay-color":"","overlay-opacity":"","overlay-gradient":""},"mobile":{"background-color":"","background-image":"","background-repeat":"repeat","background-position":"center center","background-size":"auto","background-attachment":"scroll","background-type":"","background-media":"","overlay-type":"","overlay-color":"","overlay-opacity":"","overlay-gradient":""}},"ast-content-background-meta":{"desktop":{"background-color":"var(--ast-global-color-5)","background-image":"","background-repeat":"repeat","background-position":"center center","background-size":"auto","background-attachment":"scroll","background-type":"","background-media":"","overlay-type":"","overlay-color":"","overlay-opacity":"","overlay-gradient":""},"tablet":{"background-color":"var(--ast-global-color-5)","background-image":"","background-repeat":"repeat","background-position":"center center","background-size":"auto","background-attachment":"scroll","background-type":"","background-media":"","overlay-type":"","overlay-color":"","overlay-opacity":"","overlay-gradient":""},"mobile":{"background-color":"var(--ast-global-color-5)","background-image":"","background-repeat":"repeat","background-position":"center center","background-size":"auto","background-attachment":"scroll","background-type":"","background-media":"","overlay-type":"","overlay-color":"","overlay-opacity":"","overlay-gradient":""}},"footnotes":""},"categories":[242,243,29],"tags":[244,190],"class_list":["post-8099","post","type-post","status-publish","format-standard","has-post-thumbnail","hentry","category-curs-21-22-eso-i-batxillerat","category-curs-21-22-formacio-professional","category-portada","tag-curs-21-22","tag-efemerides"],"post_mailing_queue_ids":[],"_links":{"self":[{"href":"https:\/\/agora.xtec.cat\/iesribotiserra\/wp-json\/wp\/v2\/posts\/8099","targetHints":{"allow":["GET"]}}],"collection":[{"href":"https:\/\/agora.xtec.cat\/iesribotiserra\/wp-json\/wp\/v2\/posts"}],"about":[{"href":"https:\/\/agora.xtec.cat\/iesribotiserra\/wp-json\/wp\/v2\/types\/post"}],"author":[{"embeddable":true,"href":"https:\/\/agora.xtec.cat\/iesribotiserra\/wp-json\/wp\/v2\/users\/1"}],"replies":[{"embeddable":true,"href":"https:\/\/agora.xtec.cat\/iesribotiserra\/wp-json\/wp\/v2\/comments?post=8099"}],"version-history":[{"count":4,"href":"https:\/\/agora.xtec.cat\/iesribotiserra\/wp-json\/wp\/v2\/posts\/8099\/revisions"}],"predecessor-version":[{"id":8149,"href":"https:\/\/agora.xtec.cat\/iesribotiserra\/wp-json\/wp\/v2\/posts\/8099\/revisions\/8149"}],"wp:featuredmedia":[{"embeddable":true,"href":"https:\/\/agora.xtec.cat\/iesribotiserra\/wp-json\/wp\/v2\/media\/8096"}],"wp:attachment":[{"href":"https:\/\/agora.xtec.cat\/iesribotiserra\/wp-json\/wp\/v2\/media?parent=8099"}],"wp:term":[{"taxonomy":"category","embeddable":true,"href":"https:\/\/agora.xtec.cat\/iesribotiserra\/wp-json\/wp\/v2\/categories?post=8099"},{"taxonomy":"post_tag","embeddable":true,"href":"https:\/\/agora.xtec.cat\/iesribotiserra\/wp-json\/wp\/v2\/tags?post=8099"}],"curies":[{"name":"wp","href":"https:\/\/api.w.org\/{rel}","templated":true}]}}