{"id":7984,"date":"2022-02-21T17:49:04","date_gmt":"2022-02-21T16:49:04","guid":{"rendered":"https:\/\/agora.xtec.cat\/iesribotiserra\/?p=7984"},"modified":"2022-02-25T08:43:36","modified_gmt":"2022-02-25T07:43:36","slug":"el-carnestoltes-al-6-a-la-xarxa","status":"publish","type":"post","link":"https:\/\/agora.xtec.cat\/iesribotiserra\/portada\/el-carnestoltes-al-6-a-la-xarxa\/","title":{"rendered":"El Carnestoltes al 6 a la xarxa!"},"content":{"rendered":"<p style=\"text-align: justify;\"><span style=\"font-family: arial, sans-serif;\">Al Ribot i Serra tamb\u00e9 participem en el concurs de <a dir=\"ltr\" role=\"link\" href=\"https:\/\/twitter.com\/hashtag\/carnestoltesd6sbd?src=hashtag_click\" target=\"_blank\" rel=\"noopener\" data-saferedirecturl=\"https:\/\/www.google.com\/url?q=https:\/\/twitter.com\/hashtag\/carnestoltesd6sbd?src%3Dhashtag_click&amp;source=gmail&amp;ust=1645548107196000&amp;usg=AOvVaw299xbEWtj82Sak6-mSNsQf\">#carnestoltesd6sbd.<\/a>\u00a0 P<\/span><span style=\"font-family: arial, sans-serif;\">odeu presentar-vos-hi individualment o en grup. Disfresseu-vos i envieu-nos fotos o v\u00eddeos per email (<a href=\"mailto:el6alaxarxa@gmail.com\" target=\"_blank\" rel=\"noopener\">el6alaxarxa@gmail.com<\/a><\/span>) o Xarxes!<\/p>\n<div>Gr\u00e0cies i feli\u00e7 Carnestoltes!<\/div>\n<div><\/div>\n<div>\n<table style=\"border-collapse: collapse; width: 100%;\">\n<tbody>\n<tr>\n<td style=\"width: 50%;\"><a href=\"https:\/\/agora.xtec.cat\/iesribotiserra\/wp-content\/uploads\/usu1672\/2022\/02\/Carnestoltes-Comunitari-districte-6-Sabadell-2022-1-scaled.jpg\"><img loading=\"lazy\" decoding=\"async\" class=\"alignnone size-large wp-image-7986\" src=\"https:\/\/agora.xtec.cat\/iesribotiserra\/wp-content\/uploads\/usu1672\/2022\/02\/Carnestoltes-Comunitari-districte-6-Sabadell-2022-1-724x1024.jpg\" alt=\"\" width=\"724\" height=\"1024\" srcset=\"https:\/\/agora.xtec.cat\/iesribotiserra\/wp-content\/uploads\/usu1672\/2022\/02\/Carnestoltes-Comunitari-districte-6-Sabadell-2022-1-724x1024.jpg 724w, https:\/\/agora.xtec.cat\/iesribotiserra\/wp-content\/uploads\/usu1672\/2022\/02\/Carnestoltes-Comunitari-districte-6-Sabadell-2022-1-212x300.jpg 212w, https:\/\/agora.xtec.cat\/iesribotiserra\/wp-content\/uploads\/usu1672\/2022\/02\/Carnestoltes-Comunitari-districte-6-Sabadell-2022-1-768x1086.jpg 768w, https:\/\/agora.xtec.cat\/iesribotiserra\/wp-content\/uploads\/usu1672\/2022\/02\/Carnestoltes-Comunitari-districte-6-Sabadell-2022-1-1086x1536.jpg 1086w, https:\/\/agora.xtec.cat\/iesribotiserra\/wp-content\/uploads\/usu1672\/2022\/02\/Carnestoltes-Comunitari-districte-6-Sabadell-2022-1-1448x2048.jpg 1448w, https:\/\/agora.xtec.cat\/iesribotiserra\/wp-content\/uploads\/usu1672\/2022\/02\/Carnestoltes-Comunitari-districte-6-Sabadell-2022-1-scaled.jpg 1810w\" sizes=\"auto, (max-width: 724px) 100vw, 724px\" \/><\/a><\/td>\n<td style=\"width: 50%;\"><a href=\"https:\/\/agora.xtec.cat\/iesribotiserra\/wp-content\/uploads\/usu1672\/2022\/02\/Consignes_carnestoltes6alaxarxa_page-0001-scaled.jpg\"><img loading=\"lazy\" decoding=\"async\" class=\"alignnone size-large wp-image-7990\" src=\"https:\/\/agora.xtec.cat\/iesribotiserra\/wp-content\/uploads\/usu1672\/2022\/02\/Consignes_carnestoltes6alaxarxa_page-0001-724x1024.jpg\" alt=\"\" width=\"724\" height=\"1024\" srcset=\"https:\/\/agora.xtec.cat\/iesribotiserra\/wp-content\/uploads\/usu1672\/2022\/02\/Consignes_carnestoltes6alaxarxa_page-0001-724x1024.jpg 724w, https:\/\/agora.xtec.cat\/iesribotiserra\/wp-content\/uploads\/usu1672\/2022\/02\/Consignes_carnestoltes6alaxarxa_page-0001-212x300.jpg 212w, https:\/\/agora.xtec.cat\/iesribotiserra\/wp-content\/uploads\/usu1672\/2022\/02\/Consignes_carnestoltes6alaxarxa_page-0001-768x1086.jpg 768w, https:\/\/agora.xtec.cat\/iesribotiserra\/wp-content\/uploads\/usu1672\/2022\/02\/Consignes_carnestoltes6alaxarxa_page-0001-1086x1536.jpg 1086w, https:\/\/agora.xtec.cat\/iesribotiserra\/wp-content\/uploads\/usu1672\/2022\/02\/Consignes_carnestoltes6alaxarxa_page-0001-1448x2048.jpg 1448w, https:\/\/agora.xtec.cat\/iesribotiserra\/wp-content\/uploads\/usu1672\/2022\/02\/Consignes_carnestoltes6alaxarxa_page-0001-scaled.jpg 1810w\" sizes=\"auto, (max-width: 724px) 100vw, 724px\" \/><\/a><\/td>\n<\/tr>\n<\/tbody>\n<\/table>\n<\/div>\n<div><\/div>\n<div><\/div>\n","protected":false},"excerpt":{"rendered":"<p>Al Ribot i Serra tamb\u00e9 participem en el concurs de #carnestoltesd6sbd.\u00a0 Podeu presentar-vos-hi individualment o en grup. Disfresseu-vos i envieu-nos fotos o v\u00eddeos per email (el6alaxarxa@gmail.com) o Xarxes! Gr\u00e0cies i feli\u00e7 Carnestoltes!<\/p>\n","protected":false},"author":1,"featured_media":7988,"comment_status":"closed","ping_status":"closed","sticky":false,"template":"","format":"standard","meta":{"_bbp_topic_count":0,"_bbp_reply_count":0,"_bbp_total_topic_count":0,"_bbp_total_reply_count":0,"_bbp_voice_count":0,"_bbp_anonymous_reply_count":0,"_bbp_topic_count_hidden":0,"_bbp_reply_count_hidden":0,"_bbp_forum_subforum_count":0,"site-sidebar-layout":"default","site-content-layout":"","ast-site-content-layout":"","site-content-style":"default","site-sidebar-style":"default","ast-global-header-display":"","ast-banner-title-visibility":"","ast-main-header-display":"","ast-hfb-above-header-display":"","ast-hfb-below-header-display":"","ast-hfb-mobile-header-display":"","site-post-title":"","ast-breadcrumbs-content":"","ast-featured-img":"","footer-sml-layout":"","theme-transparent-header-meta":"","adv-header-id-meta":"","stick-header-meta":"","header-above-stick-meta":"","header-main-stick-meta":"","header-below-stick-meta":"","astra-migrate-meta-layouts":"default","ast-page-background-enabled":"default","ast-page-background-meta":{"desktop":{"background-color":"var(--ast-global-color-4)","background-image":"","background-repeat":"repeat","background-position":"center center","background-size":"auto","background-attachment":"scroll","background-type":"","background-media":"","overlay-type":"","overlay-color":"","overlay-opacity":"","overlay-gradient":""},"tablet":{"background-color":"","background-image":"","background-repeat":"repeat","background-position":"center center","background-size":"auto","background-attachment":"scroll","background-type":"","background-media":"","overlay-type":"","overlay-color":"","overlay-opacity":"","overlay-gradient":""},"mobile":{"background-color":"","background-image":"","background-repeat":"repeat","background-position":"center center","background-size":"auto","background-attachment":"scroll","background-type":"","background-media":"","overlay-type":"","overlay-color":"","overlay-opacity":"","overlay-gradient":""}},"ast-content-background-meta":{"desktop":{"background-color":"var(--ast-global-color-5)","background-image":"","background-repeat":"repeat","background-position":"center center","background-size":"auto","background-attachment":"scroll","background-type":"","background-media":"","overlay-type":"","overlay-color":"","overlay-opacity":"","overlay-gradient":""},"tablet":{"background-color":"var(--ast-global-color-5)","background-image":"","background-repeat":"repeat","background-position":"center center","background-size":"auto","background-attachment":"scroll","background-type":"","background-media":"","overlay-type":"","overlay-color":"","overlay-opacity":"","overlay-gradient":""},"mobile":{"background-color":"var(--ast-global-color-5)","background-image":"","background-repeat":"repeat","background-position":"center center","background-size":"auto","background-attachment":"scroll","background-type":"","background-media":"","overlay-type":"","overlay-color":"","overlay-opacity":"","overlay-gradient":""}},"footnotes":""},"categories":[242,29],"tags":[119,244],"class_list":["post-7984","post","type-post","status-publish","format-standard","has-post-thumbnail","hentry","category-curs-21-22-eso-i-batxillerat","category-portada","tag-carnestoltes","tag-curs-21-22"],"post_mailing_queue_ids":[],"_links":{"self":[{"href":"https:\/\/agora.xtec.cat\/iesribotiserra\/wp-json\/wp\/v2\/posts\/7984","targetHints":{"allow":["GET"]}}],"collection":[{"href":"https:\/\/agora.xtec.cat\/iesribotiserra\/wp-json\/wp\/v2\/posts"}],"about":[{"href":"https:\/\/agora.xtec.cat\/iesribotiserra\/wp-json\/wp\/v2\/types\/post"}],"author":[{"embeddable":true,"href":"https:\/\/agora.xtec.cat\/iesribotiserra\/wp-json\/wp\/v2\/users\/1"}],"replies":[{"embeddable":true,"href":"https:\/\/agora.xtec.cat\/iesribotiserra\/wp-json\/wp\/v2\/comments?post=7984"}],"version-history":[{"count":3,"href":"https:\/\/agora.xtec.cat\/iesribotiserra\/wp-json\/wp\/v2\/posts\/7984\/revisions"}],"predecessor-version":[{"id":8017,"href":"https:\/\/agora.xtec.cat\/iesribotiserra\/wp-json\/wp\/v2\/posts\/7984\/revisions\/8017"}],"wp:featuredmedia":[{"embeddable":true,"href":"https:\/\/agora.xtec.cat\/iesribotiserra\/wp-json\/wp\/v2\/media\/7988"}],"wp:attachment":[{"href":"https:\/\/agora.xtec.cat\/iesribotiserra\/wp-json\/wp\/v2\/media?parent=7984"}],"wp:term":[{"taxonomy":"category","embeddable":true,"href":"https:\/\/agora.xtec.cat\/iesribotiserra\/wp-json\/wp\/v2\/categories?post=7984"},{"taxonomy":"post_tag","embeddable":true,"href":"https:\/\/agora.xtec.cat\/iesribotiserra\/wp-json\/wp\/v2\/tags?post=7984"}],"curies":[{"name":"wp","href":"https:\/\/api.w.org\/{rel}","templated":true}]}}