{"id":5455,"date":"2020-10-05T18:36:00","date_gmt":"2020-10-05T16:36:00","guid":{"rendered":"http:\/\/agora.xtec.cat\/iesribotiserra\/?p=5455"},"modified":"2020-10-20T10:42:47","modified_gmt":"2020-10-20T08:42:47","slug":"estades-linguistiques-3r-deso","status":"publish","type":"post","link":"https:\/\/agora.xtec.cat\/iesribotiserra\/portada\/estades-linguistiques-3r-deso\/","title":{"rendered":"Estades ling\u00fc\u00edstiques. 3r d&#8217;ESO"},"content":{"rendered":"<p style=\"text-align: justify;\"><strong>Del 5 al 7 d&#8217;octubre l&#8217;alumnat de 3r d&#8217;ESO ha estat gaudint d&#8217;unes estades ling\u00fc\u00edstiques a Planoles (Ripoll\u00e8s), a l&#8217;Alberg de la Vall de Ribes de la Xanascat, Pere Figuera.<\/strong><\/p>\n<p><a href=\"https:\/\/agora.xtec.cat\/iesribotiserra\/wp-content\/uploads\/usu1672\/2020\/10\/Estades01.jpg\"><img loading=\"lazy\" decoding=\"async\" class=\"size-large wp-image-5456\" src=\"https:\/\/agora.xtec.cat\/iesribotiserra\/wp-content\/uploads\/usu1672\/2020\/10\/Estades01-1024x768.jpg\" alt=\"\" width=\"1024\" height=\"768\" srcset=\"https:\/\/agora.xtec.cat\/iesribotiserra\/wp-content\/uploads\/usu1672\/2020\/10\/Estades01-1024x768.jpg 1024w, https:\/\/agora.xtec.cat\/iesribotiserra\/wp-content\/uploads\/usu1672\/2020\/10\/Estades01-300x225.jpg 300w, https:\/\/agora.xtec.cat\/iesribotiserra\/wp-content\/uploads\/usu1672\/2020\/10\/Estades01-768x576.jpg 768w, https:\/\/agora.xtec.cat\/iesribotiserra\/wp-content\/uploads\/usu1672\/2020\/10\/Estades01-200x150.jpg 200w, https:\/\/agora.xtec.cat\/iesribotiserra\/wp-content\/uploads\/usu1672\/2020\/10\/Estades01.jpg 1249w\" sizes=\"auto, (max-width: 1024px) 100vw, 1024px\" \/><\/a><\/p>\n<p style=\"text-align: justify;\">L&#8217;objectiu de l&#8217;estada \u00e9s la millora de les compet\u00e8ncies i habilitats comunicatives en llengua estrangera i tamb\u00e9 la cohesi\u00f3 dels alumnes\u00a0 i el refor\u00e7 de les habilitats socials. Tot aix\u00f2, envoltats de natura i assistits per monitors angloparlants.<\/p>\n<p>El <strong>primer dia<\/strong> ha consistit en con\u00e8ixer l&#8217;alberg, descansar del viatge i orientar-nos una mica en aquest espai que ens acollir\u00e0. A m\u00e9s, hem conegut els monitors i monitores i ens hem posat a practicar directament l&#8217;angl\u00e8s.<\/p>\n<table>\n<tbody>\n<tr>\n<td><a href=\"https:\/\/agora.xtec.cat\/iesribotiserra\/wp-content\/uploads\/usu1672\/2020\/10\/Estades03.jpg\"><img loading=\"lazy\" decoding=\"async\" class=\"size-large wp-image-5458\" src=\"https:\/\/agora.xtec.cat\/iesribotiserra\/wp-content\/uploads\/usu1672\/2020\/10\/Estades03-1024x768.jpg\" alt=\"\" width=\"1024\" height=\"768\" srcset=\"https:\/\/agora.xtec.cat\/iesribotiserra\/wp-content\/uploads\/usu1672\/2020\/10\/Estades03-1024x768.jpg 1024w, https:\/\/agora.xtec.cat\/iesribotiserra\/wp-content\/uploads\/usu1672\/2020\/10\/Estades03-300x225.jpg 300w, https:\/\/agora.xtec.cat\/iesribotiserra\/wp-content\/uploads\/usu1672\/2020\/10\/Estades03-768x576.jpg 768w, https:\/\/agora.xtec.cat\/iesribotiserra\/wp-content\/uploads\/usu1672\/2020\/10\/Estades03-200x150.jpg 200w, https:\/\/agora.xtec.cat\/iesribotiserra\/wp-content\/uploads\/usu1672\/2020\/10\/Estades03.jpg 1229w\" sizes=\"auto, (max-width: 1024px) 100vw, 1024px\" \/><\/a><\/td>\n<td><a href=\"https:\/\/agora.xtec.cat\/iesribotiserra\/wp-content\/uploads\/usu1672\/2020\/10\/Estades02.jpg\"><img loading=\"lazy\" decoding=\"async\" class=\"alignnone size-large wp-image-5457\" src=\"https:\/\/agora.xtec.cat\/iesribotiserra\/wp-content\/uploads\/usu1672\/2020\/10\/Estades02-1024x768.jpg\" alt=\"\" width=\"1024\" height=\"768\" srcset=\"https:\/\/agora.xtec.cat\/iesribotiserra\/wp-content\/uploads\/usu1672\/2020\/10\/Estades02-1024x768.jpg 1024w, https:\/\/agora.xtec.cat\/iesribotiserra\/wp-content\/uploads\/usu1672\/2020\/10\/Estades02-300x225.jpg 300w, https:\/\/agora.xtec.cat\/iesribotiserra\/wp-content\/uploads\/usu1672\/2020\/10\/Estades02-768x576.jpg 768w, https:\/\/agora.xtec.cat\/iesribotiserra\/wp-content\/uploads\/usu1672\/2020\/10\/Estades02-200x150.jpg 200w, https:\/\/agora.xtec.cat\/iesribotiserra\/wp-content\/uploads\/usu1672\/2020\/10\/Estades02.jpg 1188w\" sizes=\"auto, (max-width: 1024px) 100vw, 1024px\" \/><\/a><\/td>\n<\/tr>\n<\/tbody>\n<\/table>\n<p style=\"text-align: justify;\">El <strong>segon dia<\/strong>, ja una mica m\u00e9s ben ubicats, ens ha mostrat un entorn natural admirable i ha posat de manifest que tenim moltes ganes de passar-ho b\u00e9, d&#8217;aprendre i gaudir de totes les experi\u00e8ncies. Els tallers d&#8217;angl\u00e8s ens han motivat per seguir aprenent i el professorat que ens ha acompanyat ha mostrat el seu costat m\u00e9s proper i divertit. Tamb\u00e9 els monitors i monitores ens estan ajudant molt a perdre la por a les lleng\u00fces.<\/p>\n<table>\n<tbody>\n<tr>\n<td><a href=\"https:\/\/agora.xtec.cat\/iesribotiserra\/wp-content\/uploads\/usu1672\/2020\/10\/forn2-1.jpg\"><img loading=\"lazy\" decoding=\"async\" class=\"wp-image-5463 aligncenter\" src=\"https:\/\/agora.xtec.cat\/iesribotiserra\/wp-content\/uploads\/usu1672\/2020\/10\/forn2-1.jpg\" alt=\"\" width=\"431\" height=\"359\" srcset=\"https:\/\/agora.xtec.cat\/iesribotiserra\/wp-content\/uploads\/usu1672\/2020\/10\/forn2-1.jpg 900w, https:\/\/agora.xtec.cat\/iesribotiserra\/wp-content\/uploads\/usu1672\/2020\/10\/forn2-1-300x250.jpg 300w, https:\/\/agora.xtec.cat\/iesribotiserra\/wp-content\/uploads\/usu1672\/2020\/10\/forn2-1-768x639.jpg 768w\" sizes=\"auto, (max-width: 431px) 100vw, 431px\" \/><\/a><\/td>\n<td><a href=\"https:\/\/agora.xtec.cat\/iesribotiserra\/wp-content\/uploads\/usu1672\/2020\/10\/IMG-20201006-WA0011.jpg\"><img loading=\"lazy\" decoding=\"async\" class=\"alignnone size-large wp-image-5464\" src=\"https:\/\/agora.xtec.cat\/iesribotiserra\/wp-content\/uploads\/usu1672\/2020\/10\/IMG-20201006-WA0011-1024x768.jpg\" alt=\"\" width=\"1024\" height=\"768\" srcset=\"https:\/\/agora.xtec.cat\/iesribotiserra\/wp-content\/uploads\/usu1672\/2020\/10\/IMG-20201006-WA0011.jpg 1024w, https:\/\/agora.xtec.cat\/iesribotiserra\/wp-content\/uploads\/usu1672\/2020\/10\/IMG-20201006-WA0011-300x225.jpg 300w, https:\/\/agora.xtec.cat\/iesribotiserra\/wp-content\/uploads\/usu1672\/2020\/10\/IMG-20201006-WA0011-768x576.jpg 768w, https:\/\/agora.xtec.cat\/iesribotiserra\/wp-content\/uploads\/usu1672\/2020\/10\/IMG-20201006-WA0011-200x150.jpg 200w\" sizes=\"auto, (max-width: 1024px) 100vw, 1024px\" \/><\/a><\/td>\n<\/tr>\n<tr>\n<td><a href=\"https:\/\/agora.xtec.cat\/iesribotiserra\/wp-content\/uploads\/usu1672\/2020\/10\/IMG-20201006-WA0022.jpg\"><img loading=\"lazy\" decoding=\"async\" class=\"alignnone size-large wp-image-5465\" src=\"https:\/\/agora.xtec.cat\/iesribotiserra\/wp-content\/uploads\/usu1672\/2020\/10\/IMG-20201006-WA0022-1024x768.jpg\" alt=\"\" width=\"1024\" height=\"768\" srcset=\"https:\/\/agora.xtec.cat\/iesribotiserra\/wp-content\/uploads\/usu1672\/2020\/10\/IMG-20201006-WA0022-1024x768.jpg 1024w, https:\/\/agora.xtec.cat\/iesribotiserra\/wp-content\/uploads\/usu1672\/2020\/10\/IMG-20201006-WA0022-300x225.jpg 300w, https:\/\/agora.xtec.cat\/iesribotiserra\/wp-content\/uploads\/usu1672\/2020\/10\/IMG-20201006-WA0022-768x576.jpg 768w, https:\/\/agora.xtec.cat\/iesribotiserra\/wp-content\/uploads\/usu1672\/2020\/10\/IMG-20201006-WA0022-200x150.jpg 200w, https:\/\/agora.xtec.cat\/iesribotiserra\/wp-content\/uploads\/usu1672\/2020\/10\/IMG-20201006-WA0022.jpg 1600w\" sizes=\"auto, (max-width: 1024px) 100vw, 1024px\" \/><\/a><\/td>\n<td><a href=\"https:\/\/agora.xtec.cat\/iesribotiserra\/wp-content\/uploads\/usu1672\/2020\/10\/esmorzant.jpg\"><img loading=\"lazy\" decoding=\"async\" class=\"alignnone size-large wp-image-5462\" src=\"https:\/\/agora.xtec.cat\/iesribotiserra\/wp-content\/uploads\/usu1672\/2020\/10\/esmorzant-1024x768.jpg\" alt=\"\" width=\"1024\" height=\"768\" srcset=\"https:\/\/agora.xtec.cat\/iesribotiserra\/wp-content\/uploads\/usu1672\/2020\/10\/esmorzant.jpg 1024w, https:\/\/agora.xtec.cat\/iesribotiserra\/wp-content\/uploads\/usu1672\/2020\/10\/esmorzant-300x225.jpg 300w, https:\/\/agora.xtec.cat\/iesribotiserra\/wp-content\/uploads\/usu1672\/2020\/10\/esmorzant-768x576.jpg 768w, https:\/\/agora.xtec.cat\/iesribotiserra\/wp-content\/uploads\/usu1672\/2020\/10\/esmorzant-200x150.jpg 200w\" sizes=\"auto, (max-width: 1024px) 100vw, 1024px\" \/><\/a><\/td>\n<\/tr>\n<\/tbody>\n<\/table>\n<p style=\"text-align: justify;\"><strong>Tercer dia.<\/strong> Gaireb\u00e9 sense adonar-nos-en, ha arribat el moment de pensar en recollir, acomiadar-nos i tornar. Abans, per\u00f2, hem pogut gaudir unes quantes hores m\u00e9s del paisatge, de l&#8217;alberg i dels nostres professors i monitors. Moltes gr\u00e0cies a tots i a totes.<\/p>\n<table>\n<tbody>\n<tr>\n<td><a href=\"https:\/\/agora.xtec.cat\/iesribotiserra\/wp-content\/uploads\/usu1672\/2020\/10\/IMG-20201007-WA0000.jpg\"><img loading=\"lazy\" decoding=\"async\" class=\"alignnone size-large wp-image-5467\" src=\"https:\/\/agora.xtec.cat\/iesribotiserra\/wp-content\/uploads\/usu1672\/2020\/10\/IMG-20201007-WA0000-1024x768.jpg\" alt=\"\" width=\"1024\" height=\"768\" srcset=\"https:\/\/agora.xtec.cat\/iesribotiserra\/wp-content\/uploads\/usu1672\/2020\/10\/IMG-20201007-WA0000.jpg 1024w, https:\/\/agora.xtec.cat\/iesribotiserra\/wp-content\/uploads\/usu1672\/2020\/10\/IMG-20201007-WA0000-300x225.jpg 300w, https:\/\/agora.xtec.cat\/iesribotiserra\/wp-content\/uploads\/usu1672\/2020\/10\/IMG-20201007-WA0000-768x576.jpg 768w, https:\/\/agora.xtec.cat\/iesribotiserra\/wp-content\/uploads\/usu1672\/2020\/10\/IMG-20201007-WA0000-200x150.jpg 200w\" sizes=\"auto, (max-width: 1024px) 100vw, 1024px\" \/><\/a><\/td>\n<td><a href=\"https:\/\/agora.xtec.cat\/iesribotiserra\/wp-content\/uploads\/usu1672\/2020\/10\/IMG-20201007-WA0006.jpg\"><img loading=\"lazy\" decoding=\"async\" class=\"alignnone size-large wp-image-5468\" src=\"https:\/\/agora.xtec.cat\/iesribotiserra\/wp-content\/uploads\/usu1672\/2020\/10\/IMG-20201007-WA0006-1024x769.jpg\" alt=\"\" width=\"1024\" height=\"769\" srcset=\"https:\/\/agora.xtec.cat\/iesribotiserra\/wp-content\/uploads\/usu1672\/2020\/10\/IMG-20201007-WA0006.jpg 1024w, https:\/\/agora.xtec.cat\/iesribotiserra\/wp-content\/uploads\/usu1672\/2020\/10\/IMG-20201007-WA0006-300x225.jpg 300w, https:\/\/agora.xtec.cat\/iesribotiserra\/wp-content\/uploads\/usu1672\/2020\/10\/IMG-20201007-WA0006-768x577.jpg 768w, https:\/\/agora.xtec.cat\/iesribotiserra\/wp-content\/uploads\/usu1672\/2020\/10\/IMG-20201007-WA0006-200x150.jpg 200w\" sizes=\"auto, (max-width: 1024px) 100vw, 1024px\" \/><\/a><\/td>\n<\/tr>\n<tr>\n<td><a href=\"https:\/\/agora.xtec.cat\/iesribotiserra\/wp-content\/uploads\/usu1672\/2020\/10\/IMG-20201007-WA0005.jpg\"><img loading=\"lazy\" decoding=\"async\" class=\"alignnone size-large wp-image-5470\" src=\"https:\/\/agora.xtec.cat\/iesribotiserra\/wp-content\/uploads\/usu1672\/2020\/10\/IMG-20201007-WA0005-1024x768.jpg\" alt=\"\" width=\"1024\" height=\"768\" srcset=\"https:\/\/agora.xtec.cat\/iesribotiserra\/wp-content\/uploads\/usu1672\/2020\/10\/IMG-20201007-WA0005.jpg 1024w, https:\/\/agora.xtec.cat\/iesribotiserra\/wp-content\/uploads\/usu1672\/2020\/10\/IMG-20201007-WA0005-300x225.jpg 300w, https:\/\/agora.xtec.cat\/iesribotiserra\/wp-content\/uploads\/usu1672\/2020\/10\/IMG-20201007-WA0005-768x576.jpg 768w, https:\/\/agora.xtec.cat\/iesribotiserra\/wp-content\/uploads\/usu1672\/2020\/10\/IMG-20201007-WA0005-200x150.jpg 200w\" sizes=\"auto, (max-width: 1024px) 100vw, 1024px\" \/><\/a><\/td>\n<td><a href=\"https:\/\/agora.xtec.cat\/iesribotiserra\/wp-content\/uploads\/usu1672\/2020\/10\/IMG-20201007-WA0004.jpg\"><img loading=\"lazy\" decoding=\"async\" class=\"alignnone size-large wp-image-5469\" src=\"https:\/\/agora.xtec.cat\/iesribotiserra\/wp-content\/uploads\/usu1672\/2020\/10\/IMG-20201007-WA0004-1024x768.jpg\" alt=\"\" width=\"1024\" height=\"768\" srcset=\"https:\/\/agora.xtec.cat\/iesribotiserra\/wp-content\/uploads\/usu1672\/2020\/10\/IMG-20201007-WA0004.jpg 1024w, https:\/\/agora.xtec.cat\/iesribotiserra\/wp-content\/uploads\/usu1672\/2020\/10\/IMG-20201007-WA0004-300x225.jpg 300w, https:\/\/agora.xtec.cat\/iesribotiserra\/wp-content\/uploads\/usu1672\/2020\/10\/IMG-20201007-WA0004-768x576.jpg 768w, https:\/\/agora.xtec.cat\/iesribotiserra\/wp-content\/uploads\/usu1672\/2020\/10\/IMG-20201007-WA0004-200x150.jpg 200w\" sizes=\"auto, (max-width: 1024px) 100vw, 1024px\" \/><\/a><\/td>\n<\/tr>\n<\/tbody>\n<\/table>\n<p><strong>Arribada<\/strong>. Cansats per\u00f2 contents per les experi\u00e8ncies viscudes arribem a la Pla\u00e7a Picasso al voltant de les 17:30 hores del dimecres. Esperem poder tornar a repetir experi\u00e8ncies com aquesta!<\/p>\n<table>\n<tbody>\n<tr>\n<td><a href=\"https:\/\/agora.xtec.cat\/iesribotiserra\/wp-content\/uploads\/usu1672\/2020\/10\/IMG-20201007-WA0013.jpg\"><img loading=\"lazy\" decoding=\"async\" class=\"alignnone wp-image-5476\" src=\"https:\/\/agora.xtec.cat\/iesribotiserra\/wp-content\/uploads\/usu1672\/2020\/10\/IMG-20201007-WA0013-1024x768.jpg\" alt=\"\" width=\"364\" height=\"273\" srcset=\"https:\/\/agora.xtec.cat\/iesribotiserra\/wp-content\/uploads\/usu1672\/2020\/10\/IMG-20201007-WA0013-1024x768.jpg 1024w, https:\/\/agora.xtec.cat\/iesribotiserra\/wp-content\/uploads\/usu1672\/2020\/10\/IMG-20201007-WA0013-300x225.jpg 300w, https:\/\/agora.xtec.cat\/iesribotiserra\/wp-content\/uploads\/usu1672\/2020\/10\/IMG-20201007-WA0013-768x576.jpg 768w, https:\/\/agora.xtec.cat\/iesribotiserra\/wp-content\/uploads\/usu1672\/2020\/10\/IMG-20201007-WA0013-200x150.jpg 200w, https:\/\/agora.xtec.cat\/iesribotiserra\/wp-content\/uploads\/usu1672\/2020\/10\/IMG-20201007-WA0013.jpg 1296w\" sizes=\"auto, (max-width: 364px) 100vw, 364px\" \/><\/a><\/td>\n<td><a href=\"https:\/\/agora.xtec.cat\/iesribotiserra\/wp-content\/uploads\/usu1672\/2020\/10\/IMG-20201007-WA0012.jpg\"><img loading=\"lazy\" decoding=\"async\" class=\"alignnone wp-image-5475\" src=\"https:\/\/agora.xtec.cat\/iesribotiserra\/wp-content\/uploads\/usu1672\/2020\/10\/IMG-20201007-WA0012-1024x576.jpg\" alt=\"\" width=\"496\" height=\"279\" srcset=\"https:\/\/agora.xtec.cat\/iesribotiserra\/wp-content\/uploads\/usu1672\/2020\/10\/IMG-20201007-WA0012-1024x576.jpg 1024w, https:\/\/agora.xtec.cat\/iesribotiserra\/wp-content\/uploads\/usu1672\/2020\/10\/IMG-20201007-WA0012-300x169.jpg 300w, https:\/\/agora.xtec.cat\/iesribotiserra\/wp-content\/uploads\/usu1672\/2020\/10\/IMG-20201007-WA0012-768x432.jpg 768w, https:\/\/agora.xtec.cat\/iesribotiserra\/wp-content\/uploads\/usu1672\/2020\/10\/IMG-20201007-WA0012.jpg 1600w\" sizes=\"auto, (max-width: 496px) 100vw, 496px\" \/><\/a><\/td>\n<td><strong><a href=\"https:\/\/agora.xtec.cat\/iesribotiserra\/wp-content\/uploads\/usu1672\/2020\/10\/IMG-20201007-WA0011-1.jpg\"><img loading=\"lazy\" decoding=\"async\" class=\"alignnone wp-image-5479\" src=\"https:\/\/agora.xtec.cat\/iesribotiserra\/wp-content\/uploads\/usu1672\/2020\/10\/IMG-20201007-WA0011-1-1024x832.jpg\" alt=\"\" width=\"357\" height=\"291\" srcset=\"https:\/\/agora.xtec.cat\/iesribotiserra\/wp-content\/uploads\/usu1672\/2020\/10\/IMG-20201007-WA0011-1-1024x832.jpg 1024w, https:\/\/agora.xtec.cat\/iesribotiserra\/wp-content\/uploads\/usu1672\/2020\/10\/IMG-20201007-WA0011-1-300x244.jpg 300w, https:\/\/agora.xtec.cat\/iesribotiserra\/wp-content\/uploads\/usu1672\/2020\/10\/IMG-20201007-WA0011-1-768x624.jpg 768w, https:\/\/agora.xtec.cat\/iesribotiserra\/wp-content\/uploads\/usu1672\/2020\/10\/IMG-20201007-WA0011-1.jpg 1200w\" sizes=\"auto, (max-width: 357px) 100vw, 357px\" \/><\/a><\/strong><\/td>\n<\/tr>\n<\/tbody>\n<\/table>\n<p>&nbsp;<\/p>\n<p><strong>A l&#8217;\u00e0lbum de fotos podeu veure actualitzades totes les fotografies del viatge:<\/strong><\/p>\n<p><a href=\"https:\/\/photos.app.goo.gl\/w3Rxac5YmM4jhoQ4A\" target=\"_blank\" rel=\"noopener noreferrer\"><img loading=\"lazy\" decoding=\"async\" class=\"alignnone wp-image-566\" src=\"http:\/\/agora.xtec.cat\/iesribotiserra\/wp-content\/uploads\/usu1672\/2018\/01\/google-photos-150x150.png\" alt=\"\" width=\"44\" height=\"44\" srcset=\"https:\/\/agora.xtec.cat\/iesribotiserra\/wp-content\/uploads\/usu1672\/2018\/01\/google-photos-150x150.png 150w, https:\/\/agora.xtec.cat\/iesribotiserra\/wp-content\/uploads\/usu1672\/2018\/01\/google-photos-300x300.png 300w, https:\/\/agora.xtec.cat\/iesribotiserra\/wp-content\/uploads\/usu1672\/2018\/01\/google-photos.png 540w\" sizes=\"auto, (max-width: 44px) 100vw, 44px\" \/><\/a><a href=\"https:\/\/photos.app.goo.gl\/w3Rxac5YmM4jhoQ4A\" target=\"_blank\" rel=\"noopener noreferrer\">Acc\u00e9s a l\u2019\u00e0lbum de fotos<\/a><\/p>\n<p>&nbsp;<\/p>\n","protected":false},"excerpt":{"rendered":"<p>Del 5 al 7 d&#8217;octubre l&#8217;alumnat de 3r d&#8217;ESO ha estat gaudint d&#8217;unes estades ling\u00fc\u00edstiques a Planoles (Ripoll\u00e8s), a l&#8217;Alberg de la Vall de Ribes de la Xanascat, Pere Figuera. L&#8217;objectiu de l&#8217;estada \u00e9s la millora de les compet\u00e8ncies i habilitats comunicatives en llengua estrangera i tamb\u00e9 la cohesi\u00f3 dels alumnes\u00a0 i el refor\u00e7 de [&hellip;]<\/p>\n","protected":false},"author":1,"featured_media":5470,"comment_status":"closed","ping_status":"closed","sticky":false,"template":"","format":"standard","meta":{"_bbp_topic_count":0,"_bbp_reply_count":0,"_bbp_total_topic_count":0,"_bbp_total_reply_count":0,"_bbp_voice_count":0,"_bbp_anonymous_reply_count":0,"_bbp_topic_count_hidden":0,"_bbp_reply_count_hidden":0,"_bbp_forum_subforum_count":0,"site-sidebar-layout":"default","site-content-layout":"","ast-site-content-layout":"","site-content-style":"default","site-sidebar-style":"default","ast-global-header-display":"","ast-banner-title-visibility":"","ast-main-header-display":"","ast-hfb-above-header-display":"","ast-hfb-below-header-display":"","ast-hfb-mobile-header-display":"","site-post-title":"","ast-breadcrumbs-content":"","ast-featured-img":"","footer-sml-layout":"","theme-transparent-header-meta":"","adv-header-id-meta":"","stick-header-meta":"","header-above-stick-meta":"","header-main-stick-meta":"","header-below-stick-meta":"","astra-migrate-meta-layouts":"default","ast-page-background-enabled":"default","ast-page-background-meta":{"desktop":{"background-color":"var(--ast-global-color-4)","background-image":"","background-repeat":"repeat","background-position":"center center","background-size":"auto","background-attachment":"scroll","background-type":"","background-media":"","overlay-type":"","overlay-color":"","overlay-opacity":"","overlay-gradient":""},"tablet":{"background-color":"","background-image":"","background-repeat":"repeat","background-position":"center center","background-size":"auto","background-attachment":"scroll","background-type":"","background-media":"","overlay-type":"","overlay-color":"","overlay-opacity":"","overlay-gradient":""},"mobile":{"background-color":"","background-image":"","background-repeat":"repeat","background-position":"center center","background-size":"auto","background-attachment":"scroll","background-type":"","background-media":"","overlay-type":"","overlay-color":"","overlay-opacity":"","overlay-gradient":""}},"ast-content-background-meta":{"desktop":{"background-color":"var(--ast-global-color-5)","background-image":"","background-repeat":"repeat","background-position":"center center","background-size":"auto","background-attachment":"scroll","background-type":"","background-media":"","overlay-type":"","overlay-color":"","overlay-opacity":"","overlay-gradient":""},"tablet":{"background-color":"var(--ast-global-color-5)","background-image":"","background-repeat":"repeat","background-position":"center center","background-size":"auto","background-attachment":"scroll","background-type":"","background-media":"","overlay-type":"","overlay-color":"","overlay-opacity":"","overlay-gradient":""},"mobile":{"background-color":"var(--ast-global-color-5)","background-image":"","background-repeat":"repeat","background-position":"center center","background-size":"auto","background-attachment":"scroll","background-type":"","background-media":"","overlay-type":"","overlay-color":"","overlay-opacity":"","overlay-gradient":""}},"footnotes":""},"categories":[236,29],"tags":[240,238,239],"class_list":["post-5455","post","type-post","status-publish","format-standard","has-post-thumbnail","hentry","category-curs-20-21-eso-i-batxillerat","category-portada","tag-colonies","tag-curs-20-21","tag-estades"],"post_mailing_queue_ids":[],"_links":{"self":[{"href":"https:\/\/agora.xtec.cat\/iesribotiserra\/wp-json\/wp\/v2\/posts\/5455","targetHints":{"allow":["GET"]}}],"collection":[{"href":"https:\/\/agora.xtec.cat\/iesribotiserra\/wp-json\/wp\/v2\/posts"}],"about":[{"href":"https:\/\/agora.xtec.cat\/iesribotiserra\/wp-json\/wp\/v2\/types\/post"}],"author":[{"embeddable":true,"href":"https:\/\/agora.xtec.cat\/iesribotiserra\/wp-json\/wp\/v2\/users\/1"}],"replies":[{"embeddable":true,"href":"https:\/\/agora.xtec.cat\/iesribotiserra\/wp-json\/wp\/v2\/comments?post=5455"}],"version-history":[{"count":3,"href":"https:\/\/agora.xtec.cat\/iesribotiserra\/wp-json\/wp\/v2\/posts\/5455\/revisions"}],"predecessor-version":[{"id":5527,"href":"https:\/\/agora.xtec.cat\/iesribotiserra\/wp-json\/wp\/v2\/posts\/5455\/revisions\/5527"}],"wp:featuredmedia":[{"embeddable":true,"href":"https:\/\/agora.xtec.cat\/iesribotiserra\/wp-json\/wp\/v2\/media\/5470"}],"wp:attachment":[{"href":"https:\/\/agora.xtec.cat\/iesribotiserra\/wp-json\/wp\/v2\/media?parent=5455"}],"wp:term":[{"taxonomy":"category","embeddable":true,"href":"https:\/\/agora.xtec.cat\/iesribotiserra\/wp-json\/wp\/v2\/categories?post=5455"},{"taxonomy":"post_tag","embeddable":true,"href":"https:\/\/agora.xtec.cat\/iesribotiserra\/wp-json\/wp\/v2\/tags?post=5455"}],"curies":[{"name":"wp","href":"https:\/\/api.w.org\/{rel}","templated":true}]}}