{"id":2715,"date":"2018-11-11T19:55:05","date_gmt":"2018-11-11T18:55:05","guid":{"rendered":"http:\/\/agora.xtec.cat\/iesribotiserra\/?p=2715"},"modified":"2018-11-23T18:50:12","modified_gmt":"2018-11-23T17:50:12","slug":"escola-bressol-municipal-la-llauna","status":"publish","type":"post","link":"https:\/\/agora.xtec.cat\/iesribotiserra\/portada\/escola-bressol-municipal-la-llauna\/","title":{"rendered":"Escola  Bressol municipal &#8220;La Lluna&#8221;"},"content":{"rendered":"<p style=\"text-align: justify;\"><strong>El dimecres dia 7 de novembre de 2018, l\u2019alumnat de 1r d\u2019Educaci\u00f3 Infantil, des del M\u00f2dul 02 &#8220;Did\u00e0ctica de l&#8217;Educaci\u00f3 Infantil&#8221;, vam visitar l\u2019Escola Bressol<em> La<\/em> <em>Lluna<\/em>, situada a Caldes de Montbui. Es tracta d\u2019un centre que aplica metodologies pedag\u00f2giques innovadores i que \u00e9s molt inspirador per al nostre cicle formatiu.<\/strong><\/p>\n<p><a href=\"https:\/\/agora.xtec.cat\/iesribotiserra\/wp-content\/uploads\/usu1672\/2018\/11\/IMG_20181107_184920.jpg\"><img loading=\"lazy\" decoding=\"async\" class=\"alignnone size-large wp-image-2716\" src=\"https:\/\/agora.xtec.cat\/iesribotiserra\/wp-content\/uploads\/usu1672\/2018\/11\/IMG_20181107_184920-1024x768.jpg\" alt=\"\" width=\"1024\" height=\"768\" srcset=\"https:\/\/agora.xtec.cat\/iesribotiserra\/wp-content\/uploads\/usu1672\/2018\/11\/IMG_20181107_184920-1024x768.jpg 1024w, https:\/\/agora.xtec.cat\/iesribotiserra\/wp-content\/uploads\/usu1672\/2018\/11\/IMG_20181107_184920-300x225.jpg 300w, https:\/\/agora.xtec.cat\/iesribotiserra\/wp-content\/uploads\/usu1672\/2018\/11\/IMG_20181107_184920-768x576.jpg 768w, https:\/\/agora.xtec.cat\/iesribotiserra\/wp-content\/uploads\/usu1672\/2018\/11\/IMG_20181107_184920-200x150.jpg 200w\" sizes=\"auto, (max-width: 1024px) 100vw, 1024px\" \/><\/a><\/p>\n<p style=\"text-align: justify;\"><span style=\"font-weight: 400;\">Ens va rebre molt amablement la Maite Castillo, a l\u2019entrada de l\u2019escola, i despr\u00e9s ens vam dividir en dos grups per tal que la visita fos m\u00e9s personalitzada. Vam veure un v\u00eddeo de la hist\u00f2ria de l\u2019escola i despr\u00e9s vam poder gaudir de tots els espais, materials i altres aspectes pedag\u00f2gics interessants. Una part del grup va estar amb la Maite , i l\u2019altra part amb l\u2019Estel. Finalment, ens van acomiadar amb un berenar inesperat i molt ben acollit per part de totes i tots! Moltes gr\u00e0cies pel detall i per tota la visita. Vam aprendre molt i vam gaudir molt amb tot!<\/span><\/p>\n<p style=\"text-align: justify;\"><span style=\"font-weight: 400;\">Us deixem unes imatges de la visita.<\/span><\/p>\n<p><a href=\"https:\/\/photos.app.goo.gl\/SED6uZsxKqP3hhvT6\" target=\"_blank\" rel=\"noopener noreferrer\">\u00a0<\/a><a href=\"https:\/\/photos.app.goo.gl\/tDJcC8Z3Q31jg52q6\" target=\"_blank\" rel=\"noopener noreferrer\"><img loading=\"lazy\" decoding=\"async\" class=\"alignnone wp-image-566\" src=\"http:\/\/agora.xtec.cat\/iesribotiserra\/wp-content\/uploads\/usu1672\/2018\/01\/google-photos-150x150.png\" alt=\"\" width=\"44\" height=\"44\" srcset=\"https:\/\/agora.xtec.cat\/iesribotiserra\/wp-content\/uploads\/usu1672\/2018\/01\/google-photos-150x150.png 150w, https:\/\/agora.xtec.cat\/iesribotiserra\/wp-content\/uploads\/usu1672\/2018\/01\/google-photos-300x300.png 300w, https:\/\/agora.xtec.cat\/iesribotiserra\/wp-content\/uploads\/usu1672\/2018\/01\/google-photos.png 540w\" sizes=\"auto, (max-width: 44px) 100vw, 44px\" \/><\/a><strong><a href=\"https:\/\/photos.app.goo.gl\/tDJcC8Z3Q31jg52q6\" target=\"_blank\" rel=\"noopener noreferrer\">\u00c0lbum de fotos\u00a0<\/a><\/strong><\/p>\n<p>&nbsp;<\/p>\n","protected":false},"excerpt":{"rendered":"<p>El dimecres dia 7 de novembre de 2018, l\u2019alumnat de 1r d\u2019Educaci\u00f3 Infantil, des del M\u00f2dul 02 &#8220;Did\u00e0ctica de l&#8217;Educaci\u00f3 Infantil&#8221;, vam visitar l\u2019Escola Bressol La Lluna, situada a Caldes de Montbui. Es tracta d\u2019un centre que aplica metodologies pedag\u00f2giques innovadores i que \u00e9s molt inspirador per al nostre cicle formatiu. Ens va rebre molt [&hellip;]<\/p>\n","protected":false},"author":1,"featured_media":2716,"comment_status":"closed","ping_status":"closed","sticky":false,"template":"","format":"standard","meta":{"_bbp_topic_count":0,"_bbp_reply_count":0,"_bbp_total_topic_count":0,"_bbp_total_reply_count":0,"_bbp_voice_count":0,"_bbp_anonymous_reply_count":0,"_bbp_topic_count_hidden":0,"_bbp_reply_count_hidden":0,"_bbp_forum_subforum_count":0,"site-sidebar-layout":"default","site-content-layout":"","ast-site-content-layout":"","site-content-style":"default","site-sidebar-style":"default","ast-global-header-display":"","ast-banner-title-visibility":"","ast-main-header-display":"","ast-hfb-above-header-display":"","ast-hfb-below-header-display":"","ast-hfb-mobile-header-display":"","site-post-title":"","ast-breadcrumbs-content":"","ast-featured-img":"","footer-sml-layout":"","theme-transparent-header-meta":"","adv-header-id-meta":"","stick-header-meta":"","header-above-stick-meta":"","header-main-stick-meta":"","header-below-stick-meta":"","astra-migrate-meta-layouts":"default","ast-page-background-enabled":"default","ast-page-background-meta":{"desktop":{"background-color":"var(--ast-global-color-4)","background-image":"","background-repeat":"repeat","background-position":"center center","background-size":"auto","background-attachment":"scroll","background-type":"","background-media":"","overlay-type":"","overlay-color":"","overlay-opacity":"","overlay-gradient":""},"tablet":{"background-color":"","background-image":"","background-repeat":"repeat","background-position":"center center","background-size":"auto","background-attachment":"scroll","background-type":"","background-media":"","overlay-type":"","overlay-color":"","overlay-opacity":"","overlay-gradient":""},"mobile":{"background-color":"","background-image":"","background-repeat":"repeat","background-position":"center center","background-size":"auto","background-attachment":"scroll","background-type":"","background-media":"","overlay-type":"","overlay-color":"","overlay-opacity":"","overlay-gradient":""}},"ast-content-background-meta":{"desktop":{"background-color":"var(--ast-global-color-5)","background-image":"","background-repeat":"repeat","background-position":"center center","background-size":"auto","background-attachment":"scroll","background-type":"","background-media":"","overlay-type":"","overlay-color":"","overlay-opacity":"","overlay-gradient":""},"tablet":{"background-color":"var(--ast-global-color-5)","background-image":"","background-repeat":"repeat","background-position":"center center","background-size":"auto","background-attachment":"scroll","background-type":"","background-media":"","overlay-type":"","overlay-color":"","overlay-opacity":"","overlay-gradient":""},"mobile":{"background-color":"var(--ast-global-color-5)","background-image":"","background-repeat":"repeat","background-position":"center center","background-size":"auto","background-attachment":"scroll","background-type":"","background-media":"","overlay-type":"","overlay-color":"","overlay-opacity":"","overlay-gradient":""}},"footnotes":""},"categories":[116,29],"tags":[220,58],"class_list":["post-2715","post","type-post","status-publish","format-standard","has-post-thumbnail","hentry","category-cicles-formatius-cicles-formatius","category-portada","tag-curs-18-19","tag-tallers"],"post_mailing_queue_ids":[],"_links":{"self":[{"href":"https:\/\/agora.xtec.cat\/iesribotiserra\/wp-json\/wp\/v2\/posts\/2715","targetHints":{"allow":["GET"]}}],"collection":[{"href":"https:\/\/agora.xtec.cat\/iesribotiserra\/wp-json\/wp\/v2\/posts"}],"about":[{"href":"https:\/\/agora.xtec.cat\/iesribotiserra\/wp-json\/wp\/v2\/types\/post"}],"author":[{"embeddable":true,"href":"https:\/\/agora.xtec.cat\/iesribotiserra\/wp-json\/wp\/v2\/users\/1"}],"replies":[{"embeddable":true,"href":"https:\/\/agora.xtec.cat\/iesribotiserra\/wp-json\/wp\/v2\/comments?post=2715"}],"version-history":[{"count":3,"href":"https:\/\/agora.xtec.cat\/iesribotiserra\/wp-json\/wp\/v2\/posts\/2715\/revisions"}],"predecessor-version":[{"id":2723,"href":"https:\/\/agora.xtec.cat\/iesribotiserra\/wp-json\/wp\/v2\/posts\/2715\/revisions\/2723"}],"wp:featuredmedia":[{"embeddable":true,"href":"https:\/\/agora.xtec.cat\/iesribotiserra\/wp-json\/wp\/v2\/media\/2716"}],"wp:attachment":[{"href":"https:\/\/agora.xtec.cat\/iesribotiserra\/wp-json\/wp\/v2\/media?parent=2715"}],"wp:term":[{"taxonomy":"category","embeddable":true,"href":"https:\/\/agora.xtec.cat\/iesribotiserra\/wp-json\/wp\/v2\/categories?post=2715"},{"taxonomy":"post_tag","embeddable":true,"href":"https:\/\/agora.xtec.cat\/iesribotiserra\/wp-json\/wp\/v2\/tags?post=2715"}],"curies":[{"name":"wp","href":"https:\/\/api.w.org\/{rel}","templated":true}]}}