{"id":13469,"date":"2026-04-10T13:56:53","date_gmt":"2026-04-10T11:56:53","guid":{"rendered":"https:\/\/agora.xtec.cat\/iesribotiserra\/?p=13469"},"modified":"2026-04-10T13:58:07","modified_gmt":"2026-04-10T11:58:07","slug":"lalumnat-de-2n-de-batxillerat-explora-el-passat-miner-a-cercs","status":"publish","type":"post","link":"https:\/\/agora.xtec.cat\/iesribotiserra\/general\/lalumnat-de-2n-de-batxillerat-explora-el-passat-miner-a-cercs\/","title":{"rendered":"L\u2019alumnat de 2n de Batxillerat explora el passat miner a Cercs"},"content":{"rendered":"<article>\n<header><\/header>\n<section>Aquest passat dimarts, el grup de <strong>2n de Batxillerat<\/strong> va realitzar una sortida cultural i pedag\u00f2gica a les <strong>Mines de Cercs<\/strong>, una experi\u00e8ncia que els ha perm\u00e8s connectar amb la hist\u00f2ria industrial i social del nostre territori.La jornada va comen\u00e7ar amb una visita al museu, on l&#8217;alumnat va poder comprendre la import\u00e0ncia del carb\u00f3 en el desenvolupament del pa\u00eds. El plat fort, per\u00f2, va ser l\u2019entrada a la galeria de la mina. All\u00e0 van poder con\u00e8ixer de primera m\u00e0 el seu funcionament, l&#8217;\u00fas de la tecnologia i les dures condicions de vida dels miners des de mitjan segle XIX fins a pr\u00e0cticament l&#8217;actualitat.Durant la visita guiada, es van tractar punts clau com:<\/p>\n<ul>\n<li>L&#8217;evoluci\u00f3 de les fonts d&#8217;energia i la industrialitzaci\u00f3.<\/li>\n<li>El sistema de treball i la vida a les col\u00f2nies mineres.<\/li>\n<li>La transformaci\u00f3 del paisatge i l&#8217;economia de la comarca del Bergued\u00e0.<\/li>\n<\/ul>\n<p>Sens dubte, ha estat una sortida clau per refor\u00e7ar els continguts acad\u00e8mics d\u2019una manera pr\u00e0ctica i vivencial.<\/p>\n<\/section>\n<\/article>\n","protected":false},"excerpt":{"rendered":"<p>Aquest passat dimarts, el grup de 2n de Batxillerat va realitzar una sortida cultural i pedag\u00f2gica a les Mines de Cercs, una experi\u00e8ncia que els ha perm\u00e8s connectar amb la hist\u00f2ria industrial i social del nostre territori.La jornada va comen\u00e7ar amb una visita al museu, on l&#8217;alumnat va poder comprendre la import\u00e0ncia del carb\u00f3 en [&hellip;]<\/p>\n","protected":false},"author":1,"featured_media":13470,"comment_status":"open","ping_status":"open","sticky":false,"template":"","format":"standard","meta":{"_bbp_topic_count":0,"_bbp_reply_count":0,"_bbp_total_topic_count":0,"_bbp_total_reply_count":0,"_bbp_voice_count":0,"_bbp_anonymous_reply_count":0,"_bbp_topic_count_hidden":0,"_bbp_reply_count_hidden":0,"_bbp_forum_subforum_count":0,"site-sidebar-layout":"default","site-content-layout":"","ast-site-content-layout":"default","site-content-style":"default","site-sidebar-style":"default","ast-global-header-display":"","ast-banner-title-visibility":"","ast-main-header-display":"","ast-hfb-above-header-display":"","ast-hfb-below-header-display":"","ast-hfb-mobile-header-display":"","site-post-title":"","ast-breadcrumbs-content":"","ast-featured-img":"","footer-sml-layout":"","theme-transparent-header-meta":"default","adv-header-id-meta":"","stick-header-meta":"","header-above-stick-meta":"","header-main-stick-meta":"","header-below-stick-meta":"","astra-migrate-meta-layouts":"set","ast-page-background-enabled":"default","ast-page-background-meta":{"desktop":{"background-color":"var(--ast-global-color-4)","background-image":"","background-repeat":"repeat","background-position":"center center","background-size":"auto","background-attachment":"scroll","background-type":"","background-media":"","overlay-type":"","overlay-color":"","overlay-opacity":"","overlay-gradient":""},"tablet":{"background-color":"","background-image":"","background-repeat":"repeat","background-position":"center center","background-size":"auto","background-attachment":"scroll","background-type":"","background-media":"","overlay-type":"","overlay-color":"","overlay-opacity":"","overlay-gradient":""},"mobile":{"background-color":"","background-image":"","background-repeat":"repeat","background-position":"center center","background-size":"auto","background-attachment":"scroll","background-type":"","background-media":"","overlay-type":"","overlay-color":"","overlay-opacity":"","overlay-gradient":""}},"ast-content-background-meta":{"desktop":{"background-color":"var(--ast-global-color-5)","background-image":"","background-repeat":"repeat","background-position":"center center","background-size":"auto","background-attachment":"scroll","background-type":"","background-media":"","overlay-type":"","overlay-color":"","overlay-opacity":"","overlay-gradient":""},"tablet":{"background-color":"var(--ast-global-color-5)","background-image":"","background-repeat":"repeat","background-position":"center center","background-size":"auto","background-attachment":"scroll","background-type":"","background-media":"","overlay-type":"","overlay-color":"","overlay-opacity":"","overlay-gradient":""},"mobile":{"background-color":"var(--ast-global-color-5)","background-image":"","background-repeat":"repeat","background-position":"center center","background-size":"auto","background-attachment":"scroll","background-type":"","background-media":"","overlay-type":"","overlay-color":"","overlay-opacity":"","overlay-gradient":""}},"footnotes":""},"categories":[118,336,1,29],"tags":[],"class_list":["post-13469","post","type-post","status-publish","format-standard","has-post-thumbnail","hentry","category-batxillerat","category-curs-25-26-eso-i-batxillerat","category-general","category-portada"],"post_mailing_queue_ids":[],"_links":{"self":[{"href":"https:\/\/agora.xtec.cat\/iesribotiserra\/wp-json\/wp\/v2\/posts\/13469","targetHints":{"allow":["GET"]}}],"collection":[{"href":"https:\/\/agora.xtec.cat\/iesribotiserra\/wp-json\/wp\/v2\/posts"}],"about":[{"href":"https:\/\/agora.xtec.cat\/iesribotiserra\/wp-json\/wp\/v2\/types\/post"}],"author":[{"embeddable":true,"href":"https:\/\/agora.xtec.cat\/iesribotiserra\/wp-json\/wp\/v2\/users\/1"}],"replies":[{"embeddable":true,"href":"https:\/\/agora.xtec.cat\/iesribotiserra\/wp-json\/wp\/v2\/comments?post=13469"}],"version-history":[{"count":3,"href":"https:\/\/agora.xtec.cat\/iesribotiserra\/wp-json\/wp\/v2\/posts\/13469\/revisions"}],"predecessor-version":[{"id":13474,"href":"https:\/\/agora.xtec.cat\/iesribotiserra\/wp-json\/wp\/v2\/posts\/13469\/revisions\/13474"}],"wp:featuredmedia":[{"embeddable":true,"href":"https:\/\/agora.xtec.cat\/iesribotiserra\/wp-json\/wp\/v2\/media\/13470"}],"wp:attachment":[{"href":"https:\/\/agora.xtec.cat\/iesribotiserra\/wp-json\/wp\/v2\/media?parent=13469"}],"wp:term":[{"taxonomy":"category","embeddable":true,"href":"https:\/\/agora.xtec.cat\/iesribotiserra\/wp-json\/wp\/v2\/categories?post=13469"},{"taxonomy":"post_tag","embeddable":true,"href":"https:\/\/agora.xtec.cat\/iesribotiserra\/wp-json\/wp\/v2\/tags?post=13469"}],"curies":[{"name":"wp","href":"https:\/\/api.w.org\/{rel}","templated":true}]}}