{"id":12474,"date":"2025-05-28T14:02:35","date_gmt":"2025-05-28T12:02:35","guid":{"rendered":"https:\/\/agora.xtec.cat\/iesribotiserra\/?p=12474"},"modified":"2025-05-28T14:02:35","modified_gmt":"2025-05-28T12:02:35","slug":"bds-biblioformat-eso-vine-a-llegir-a-la-biblioteca","status":"publish","type":"post","link":"https:\/\/agora.xtec.cat\/iesribotiserra\/general\/bds-biblioformat-eso-vine-a-llegir-a-la-biblioteca\/","title":{"rendered":"BDS. Biblioforma&#8217;t. ESO. Vine a llegir a la biblioteca!"},"content":{"rendered":"<p>Aquesta activitat es realitza en el marc del projecte que treballem al m\u00f2dul de comunicaci\u00f3 amb el grup de mat\u00ed del PFI.<\/p>\n<p>El projecte consisteix a aprendre a narrar contes i posteriorment es fa un treball comunitari en el qual les alumnes assisteixen a les escoles del barri per explicar als alumnes d&#8217;educaci\u00f3 infantil alguns dels \u00e0lbums il\u00b7lustrats que han preparat.<\/p>\n<p>La visita a la biblioteca va ser una activitat complement\u00e0ria al projecte i va consistir a rebre una petita introducci\u00f3 dels serveis de la biblioteca i seguidament se&#8217;ls hi va narrar uns quants contes, tamb\u00e9 ens van preparar una petita mostra bibliogr\u00e0fica que van poder consultar posteriorment.<\/p>\n<p>Alguns dels contes seleccionats d&#8217;aquesta mostra van ser els que es van fer servir durant el projecte.<\/p>\n<p><strong>Aquesta activitat ha estat subvencionada pel programa Ciutat i Escola de l&#8217;Ajuntament de Sabadell.<\/strong><\/p>\n<p><img decoding=\"async\" src=\"https:\/\/upload.wikimedia.org\/wikipedia\/commons\/d\/df\/Biblioteca_Barzio.jpg\" alt=\"Biblioteca - Wikipedia, la enciclopedia libre\" \/><\/p>\n","protected":false},"excerpt":{"rendered":"<p>Aquesta activitat es realitza en el marc del projecte que treballem al m\u00f2dul de comunicaci\u00f3 amb el grup de mat\u00ed del PFI. El projecte consisteix a aprendre a narrar contes i posteriorment es fa un treball comunitari en el qual les alumnes assisteixen a les escoles del barri per explicar als alumnes d&#8217;educaci\u00f3 infantil alguns [&hellip;]<\/p>\n","protected":false},"author":1,"featured_media":12475,"comment_status":"closed","ping_status":"closed","sticky":false,"template":"","format":"standard","meta":{"_bbp_topic_count":0,"_bbp_reply_count":0,"_bbp_total_topic_count":0,"_bbp_total_reply_count":0,"_bbp_voice_count":0,"_bbp_anonymous_reply_count":0,"_bbp_topic_count_hidden":0,"_bbp_reply_count_hidden":0,"_bbp_forum_subforum_count":0,"site-sidebar-layout":"default","site-content-layout":"","ast-site-content-layout":"","site-content-style":"default","site-sidebar-style":"default","ast-global-header-display":"","ast-banner-title-visibility":"","ast-main-header-display":"","ast-hfb-above-header-display":"","ast-hfb-below-header-display":"","ast-hfb-mobile-header-display":"","site-post-title":"","ast-breadcrumbs-content":"","ast-featured-img":"","footer-sml-layout":"","theme-transparent-header-meta":"","adv-header-id-meta":"","stick-header-meta":"","header-above-stick-meta":"","header-main-stick-meta":"","header-below-stick-meta":"","astra-migrate-meta-layouts":"default","ast-page-background-enabled":"default","ast-page-background-meta":{"desktop":{"background-color":"var(--ast-global-color-4)","background-image":"","background-repeat":"repeat","background-position":"center center","background-size":"auto","background-attachment":"scroll","background-type":"","background-media":"","overlay-type":"","overlay-color":"","overlay-opacity":"","overlay-gradient":""},"tablet":{"background-color":"","background-image":"","background-repeat":"repeat","background-position":"center center","background-size":"auto","background-attachment":"scroll","background-type":"","background-media":"","overlay-type":"","overlay-color":"","overlay-opacity":"","overlay-gradient":""},"mobile":{"background-color":"","background-image":"","background-repeat":"repeat","background-position":"center center","background-size":"auto","background-attachment":"scroll","background-type":"","background-media":"","overlay-type":"","overlay-color":"","overlay-opacity":"","overlay-gradient":""}},"ast-content-background-meta":{"desktop":{"background-color":"var(--ast-global-color-5)","background-image":"","background-repeat":"repeat","background-position":"center center","background-size":"auto","background-attachment":"scroll","background-type":"","background-media":"","overlay-type":"","overlay-color":"","overlay-opacity":"","overlay-gradient":""},"tablet":{"background-color":"var(--ast-global-color-5)","background-image":"","background-repeat":"repeat","background-position":"center center","background-size":"auto","background-attachment":"scroll","background-type":"","background-media":"","overlay-type":"","overlay-color":"","overlay-opacity":"","overlay-gradient":""},"mobile":{"background-color":"var(--ast-global-color-5)","background-image":"","background-repeat":"repeat","background-position":"center center","background-size":"auto","background-attachment":"scroll","background-type":"","background-media":"","overlay-type":"","overlay-color":"","overlay-opacity":"","overlay-gradient":""}},"footnotes":""},"categories":[30,271,1,257,29],"tags":[294,308,266,307],"class_list":["post-12474","post","type-post","status-publish","format-standard","has-post-thumbnail","hentry","category-cicles-formatius","category-curs-24-25-formacio-professional","category-general","category-noticies-i-activitats-formacio-professional","category-portada","tag-biblioteca","tag-contes","tag-curs-24-25","tag-pfi"],"post_mailing_queue_ids":[],"_links":{"self":[{"href":"https:\/\/agora.xtec.cat\/iesribotiserra\/wp-json\/wp\/v2\/posts\/12474","targetHints":{"allow":["GET"]}}],"collection":[{"href":"https:\/\/agora.xtec.cat\/iesribotiserra\/wp-json\/wp\/v2\/posts"}],"about":[{"href":"https:\/\/agora.xtec.cat\/iesribotiserra\/wp-json\/wp\/v2\/types\/post"}],"author":[{"embeddable":true,"href":"https:\/\/agora.xtec.cat\/iesribotiserra\/wp-json\/wp\/v2\/users\/1"}],"replies":[{"embeddable":true,"href":"https:\/\/agora.xtec.cat\/iesribotiserra\/wp-json\/wp\/v2\/comments?post=12474"}],"version-history":[{"count":1,"href":"https:\/\/agora.xtec.cat\/iesribotiserra\/wp-json\/wp\/v2\/posts\/12474\/revisions"}],"predecessor-version":[{"id":12476,"href":"https:\/\/agora.xtec.cat\/iesribotiserra\/wp-json\/wp\/v2\/posts\/12474\/revisions\/12476"}],"wp:featuredmedia":[{"embeddable":true,"href":"https:\/\/agora.xtec.cat\/iesribotiserra\/wp-json\/wp\/v2\/media\/12475"}],"wp:attachment":[{"href":"https:\/\/agora.xtec.cat\/iesribotiserra\/wp-json\/wp\/v2\/media?parent=12474"}],"wp:term":[{"taxonomy":"category","embeddable":true,"href":"https:\/\/agora.xtec.cat\/iesribotiserra\/wp-json\/wp\/v2\/categories?post=12474"},{"taxonomy":"post_tag","embeddable":true,"href":"https:\/\/agora.xtec.cat\/iesribotiserra\/wp-json\/wp\/v2\/tags?post=12474"}],"curies":[{"name":"wp","href":"https:\/\/api.w.org\/{rel}","templated":true}]}}