{"id":12311,"date":"2025-03-26T11:09:36","date_gmt":"2025-03-26T10:09:36","guid":{"rendered":"https:\/\/agora.xtec.cat\/iesribotiserra\/?p=12311"},"modified":"2025-03-26T11:09:36","modified_gmt":"2025-03-26T10:09:36","slug":"com-influeix-latencio-en-la-capacitat-de-llegir-reflexivament","status":"publish","type":"post","link":"https:\/\/agora.xtec.cat\/iesribotiserra\/general\/com-influeix-latencio-en-la-capacitat-de-llegir-reflexivament\/","title":{"rendered":"Com influeix l&#8217;atenci\u00f3 en la capacitat de llegir reflexivament?"},"content":{"rendered":"<p>Ahir, i com a cloenda del projecte &#8220;Gust per la Lectura&#8221; i Biblioteca que estem portant a terme des del centre vam anar a la confer\u00e8ncia &#8220;Llegir amb optimisme. Com influeix l&#8217;atenci\u00f3 en la capacitat de llegir reflexivament?&#8221; portada a terme pel Dr. David Bueno i organitzada per l&#8217;Equip LIC.<\/p>\n<p>El Dr. David Bueno \u00e9s doctor en biologia i professor de gen\u00e8tica a l&#8217;Universitat de Barcelona (UB). La seva carrera s&#8217;ha centrat en la gen\u00e8tica del desenvolupament i en la neuroci\u00e8ncia, i la seva relaci\u00f3 amb el comportament hum\u00e0.<\/p>\n<p>A trav\u00e9s de les seves paraules hem pogut aprofundir en el paper que t\u00e9 l&#8217;atenci\u00f3 en la capacitat de llegir reflexivament. Tamb\u00e9 ens ha parlat de la import\u00e0ncia dels estats emocionals en el desenvolupament del plaer per la lectura, aix\u00ed com les dificultats que implica llegir i comprendre textos relativament llargs, especialment en l&#8217;era de l&#8217;immediatesa.<\/p>\n<p>Si voleu una mica m\u00e9s d&#8217;informaci\u00f3 sobre les seves investigacions no us podeu perdre aquest article del SX3 on el mateix Dr. David Bueno ens parla sobre els beneficis de la <a href=\"https:\/\/www.3cat.cat\/tv3\/sx3\/david-bueno-llegir-en-veu-alta-es-molt-important-per-als-nens\/noticia\/3286719\/\">lectura en veu alta<\/a>.<\/p>\n<p><a href=\"https:\/\/agora.xtec.cat\/iesribotiserra\/wp-content\/uploads\/usu1672\/2025\/03\/IMG_8730-1-scaled.jpg\"><img loading=\"lazy\" decoding=\"async\" class=\"alignnone size-medium wp-image-12312\" src=\"https:\/\/agora.xtec.cat\/iesribotiserra\/wp-content\/uploads\/usu1672\/2025\/03\/IMG_8730-1-300x225.jpg\" alt=\"\" width=\"300\" height=\"225\" srcset=\"https:\/\/agora.xtec.cat\/iesribotiserra\/wp-content\/uploads\/usu1672\/2025\/03\/IMG_8730-1-300x225.jpg 300w, https:\/\/agora.xtec.cat\/iesribotiserra\/wp-content\/uploads\/usu1672\/2025\/03\/IMG_8730-1-1024x768.jpg 1024w, https:\/\/agora.xtec.cat\/iesribotiserra\/wp-content\/uploads\/usu1672\/2025\/03\/IMG_8730-1-768x576.jpg 768w, https:\/\/agora.xtec.cat\/iesribotiserra\/wp-content\/uploads\/usu1672\/2025\/03\/IMG_8730-1-1536x1152.jpg 1536w, https:\/\/agora.xtec.cat\/iesribotiserra\/wp-content\/uploads\/usu1672\/2025\/03\/IMG_8730-1-2048x1536.jpg 2048w, https:\/\/agora.xtec.cat\/iesribotiserra\/wp-content\/uploads\/usu1672\/2025\/03\/IMG_8730-1-200x150.jpg 200w\" sizes=\"auto, (max-width: 300px) 100vw, 300px\" \/><\/a><\/p>\n","protected":false},"excerpt":{"rendered":"<p>Ahir, i com a cloenda del projecte &#8220;Gust per la Lectura&#8221; i Biblioteca que estem portant a terme des del centre vam anar a la confer\u00e8ncia &#8220;Llegir amb optimisme. Com influeix l&#8217;atenci\u00f3 en la capacitat de llegir reflexivament?&#8221; portada a terme pel Dr. David Bueno i organitzada per l&#8217;Equip LIC. El Dr. David Bueno \u00e9s [&hellip;]<\/p>\n","protected":false},"author":1,"featured_media":12312,"comment_status":"closed","ping_status":"closed","sticky":false,"template":"","format":"standard","meta":{"_bbp_topic_count":0,"_bbp_reply_count":0,"_bbp_total_topic_count":0,"_bbp_total_reply_count":0,"_bbp_voice_count":0,"_bbp_anonymous_reply_count":0,"_bbp_topic_count_hidden":0,"_bbp_reply_count_hidden":0,"_bbp_forum_subforum_count":0,"site-sidebar-layout":"default","site-content-layout":"","ast-site-content-layout":"","site-content-style":"default","site-sidebar-style":"default","ast-global-header-display":"","ast-banner-title-visibility":"","ast-main-header-display":"","ast-hfb-above-header-display":"","ast-hfb-below-header-display":"","ast-hfb-mobile-header-display":"","site-post-title":"","ast-breadcrumbs-content":"","ast-featured-img":"","footer-sml-layout":"","theme-transparent-header-meta":"","adv-header-id-meta":"","stick-header-meta":"","header-above-stick-meta":"","header-main-stick-meta":"","header-below-stick-meta":"","astra-migrate-meta-layouts":"default","ast-page-background-enabled":"default","ast-page-background-meta":{"desktop":{"background-color":"var(--ast-global-color-4)","background-image":"","background-repeat":"repeat","background-position":"center center","background-size":"auto","background-attachment":"scroll","background-type":"","background-media":"","overlay-type":"","overlay-color":"","overlay-opacity":"","overlay-gradient":""},"tablet":{"background-color":"","background-image":"","background-repeat":"repeat","background-position":"center center","background-size":"auto","background-attachment":"scroll","background-type":"","background-media":"","overlay-type":"","overlay-color":"","overlay-opacity":"","overlay-gradient":""},"mobile":{"background-color":"","background-image":"","background-repeat":"repeat","background-position":"center center","background-size":"auto","background-attachment":"scroll","background-type":"","background-media":"","overlay-type":"","overlay-color":"","overlay-opacity":"","overlay-gradient":""}},"ast-content-background-meta":{"desktop":{"background-color":"var(--ast-global-color-5)","background-image":"","background-repeat":"repeat","background-position":"center center","background-size":"auto","background-attachment":"scroll","background-type":"","background-media":"","overlay-type":"","overlay-color":"","overlay-opacity":"","overlay-gradient":""},"tablet":{"background-color":"var(--ast-global-color-5)","background-image":"","background-repeat":"repeat","background-position":"center center","background-size":"auto","background-attachment":"scroll","background-type":"","background-media":"","overlay-type":"","overlay-color":"","overlay-opacity":"","overlay-gradient":""},"mobile":{"background-color":"var(--ast-global-color-5)","background-image":"","background-repeat":"repeat","background-position":"center center","background-size":"auto","background-attachment":"scroll","background-type":"","background-media":"","overlay-type":"","overlay-color":"","overlay-opacity":"","overlay-gradient":""}},"footnotes":""},"categories":[263,264,8,1,210,29],"tags":[266,167,298,44],"class_list":["post-12311","post","type-post","status-publish","format-standard","has-post-thumbnail","hentry","category-curs-24-25-eso-i-batxillerat","category-curs-24-25-eso-i-batxillerat-noticies-i-activitats","category-eso-i-batxillerat","category-general","category-noticies-i-activitats","category-portada","tag-curs-24-25","tag-jornada-cultural","tag-pla-lector","tag-xerrades"],"post_mailing_queue_ids":[],"_links":{"self":[{"href":"https:\/\/agora.xtec.cat\/iesribotiserra\/wp-json\/wp\/v2\/posts\/12311","targetHints":{"allow":["GET"]}}],"collection":[{"href":"https:\/\/agora.xtec.cat\/iesribotiserra\/wp-json\/wp\/v2\/posts"}],"about":[{"href":"https:\/\/agora.xtec.cat\/iesribotiserra\/wp-json\/wp\/v2\/types\/post"}],"author":[{"embeddable":true,"href":"https:\/\/agora.xtec.cat\/iesribotiserra\/wp-json\/wp\/v2\/users\/1"}],"replies":[{"embeddable":true,"href":"https:\/\/agora.xtec.cat\/iesribotiserra\/wp-json\/wp\/v2\/comments?post=12311"}],"version-history":[{"count":1,"href":"https:\/\/agora.xtec.cat\/iesribotiserra\/wp-json\/wp\/v2\/posts\/12311\/revisions"}],"predecessor-version":[{"id":12313,"href":"https:\/\/agora.xtec.cat\/iesribotiserra\/wp-json\/wp\/v2\/posts\/12311\/revisions\/12313"}],"wp:featuredmedia":[{"embeddable":true,"href":"https:\/\/agora.xtec.cat\/iesribotiserra\/wp-json\/wp\/v2\/media\/12312"}],"wp:attachment":[{"href":"https:\/\/agora.xtec.cat\/iesribotiserra\/wp-json\/wp\/v2\/media?parent=12311"}],"wp:term":[{"taxonomy":"category","embeddable":true,"href":"https:\/\/agora.xtec.cat\/iesribotiserra\/wp-json\/wp\/v2\/categories?post=12311"},{"taxonomy":"post_tag","embeddable":true,"href":"https:\/\/agora.xtec.cat\/iesribotiserra\/wp-json\/wp\/v2\/tags?post=12311"}],"curies":[{"name":"wp","href":"https:\/\/api.w.org\/{rel}","templated":true}]}}