{"id":11805,"date":"2024-06-20T09:16:50","date_gmt":"2024-06-20T07:16:50","guid":{"rendered":"https:\/\/agora.xtec.cat\/iesribotiserra\/?p=11805"},"modified":"2024-06-24T12:18:08","modified_gmt":"2024-06-24T10:18:08","slug":"podcast-de-monolegs-a-radio-sabadell","status":"publish","type":"post","link":"https:\/\/agora.xtec.cat\/iesribotiserra\/portada\/podcast-de-monolegs-a-radio-sabadell\/","title":{"rendered":"Podcast de mon\u00f2legs a R\u00e0dio Sabadell"},"content":{"rendered":"<p style=\"text-align: justify;\"><a href=\"https:\/\/agora.xtec.cat\/iesribotiserra\/wp-content\/uploads\/usu1672\/2024\/06\/Ismael-rotated.jpg\"><img loading=\"lazy\" decoding=\"async\" class=\" wp-image-11834 alignleft\" src=\"https:\/\/agora.xtec.cat\/iesribotiserra\/wp-content\/uploads\/usu1672\/2024\/06\/Ismael-576x1024.jpg\" alt=\"\" width=\"100\" height=\"178\" srcset=\"https:\/\/agora.xtec.cat\/iesribotiserra\/wp-content\/uploads\/usu1672\/2024\/06\/Ismael-576x1024.jpg 576w, https:\/\/agora.xtec.cat\/iesribotiserra\/wp-content\/uploads\/usu1672\/2024\/06\/Ismael-169x300.jpg 169w, https:\/\/agora.xtec.cat\/iesribotiserra\/wp-content\/uploads\/usu1672\/2024\/06\/Ismael-rotated.jpg 713w\" sizes=\"auto, (max-width: 100px) 100vw, 100px\" \/><\/a>R\u00e0dio Sabadell va convidar els millors monologistes del concurs entre instituts del Nord de Sabadell. En viu a la r\u00e0dio podeu escolatr el podcasts\u00a0 amb els millor mon\u00f2legs.<\/p>\n<p style=\"text-align: justify;\">En representaci\u00f3 del nostre intstitut\u00a0 va participar l&#8217;alumne de 4t ESO Ismael El Kattabi per fer lectura del mon\u00f2leg mon\u00f2leg premiat (de l&#8217;alumna Rihab Doublal) en el Concurs de mon\u00f2legs que es va fer el dia 30 de maig. Ho va fer fenomenal.<\/p>\n<p style=\"text-align: justify;\">Felicitats!<\/p>\n<table style=\"border-collapse: collapse; width: 100%;\">\n<tbody>\n<tr>\n<td style=\"width: 50%;\"><a href=\"https:\/\/agora.xtec.cat\/iesribotiserra\/wp-content\/uploads\/usu1672\/2024\/06\/Ismael-03.jpg\"><img loading=\"lazy\" decoding=\"async\" class=\"wp-image-11833 aligncenter\" src=\"https:\/\/agora.xtec.cat\/iesribotiserra\/wp-content\/uploads\/usu1672\/2024\/06\/Ismael-03-1024x768.jpg\" alt=\"\" width=\"261\" height=\"196\" srcset=\"https:\/\/agora.xtec.cat\/iesribotiserra\/wp-content\/uploads\/usu1672\/2024\/06\/Ismael-03-1024x768.jpg 1024w, https:\/\/agora.xtec.cat\/iesribotiserra\/wp-content\/uploads\/usu1672\/2024\/06\/Ismael-03-300x225.jpg 300w, https:\/\/agora.xtec.cat\/iesribotiserra\/wp-content\/uploads\/usu1672\/2024\/06\/Ismael-03-768x576.jpg 768w, https:\/\/agora.xtec.cat\/iesribotiserra\/wp-content\/uploads\/usu1672\/2024\/06\/Ismael-03-200x150.jpg 200w, https:\/\/agora.xtec.cat\/iesribotiserra\/wp-content\/uploads\/usu1672\/2024\/06\/Ismael-03.jpg 1290w\" sizes=\"auto, (max-width: 261px) 100vw, 261px\" \/><\/a><\/td>\n<td style=\"width: 50%;\"><a href=\"https:\/\/radiosabadell.fm\/podcast\/AL-Mati-Monolegs-Instituts-del-Nord-de-Sabadell-190624\" target=\"_blank\" rel=\"noopener\"><img loading=\"lazy\" decoding=\"async\" class=\"alignnone size-large wp-image-11809\" src=\"https:\/\/agora.xtec.cat\/iesribotiserra\/wp-content\/uploads\/usu1672\/2024\/06\/Podcast-Radio-Sabadell-1024x511.png\" alt=\"\" width=\"1024\" height=\"511\" srcset=\"https:\/\/agora.xtec.cat\/iesribotiserra\/wp-content\/uploads\/usu1672\/2024\/06\/Podcast-Radio-Sabadell-1024x511.png 1024w, https:\/\/agora.xtec.cat\/iesribotiserra\/wp-content\/uploads\/usu1672\/2024\/06\/Podcast-Radio-Sabadell-300x150.png 300w, https:\/\/agora.xtec.cat\/iesribotiserra\/wp-content\/uploads\/usu1672\/2024\/06\/Podcast-Radio-Sabadell-768x383.png 768w, https:\/\/agora.xtec.cat\/iesribotiserra\/wp-content\/uploads\/usu1672\/2024\/06\/Podcast-Radio-Sabadell.png 1295w\" sizes=\"auto, (max-width: 1024px) 100vw, 1024px\" \/><\/a><\/td>\n<\/tr>\n<\/tbody>\n<\/table>\n<p>&nbsp;<\/p>\n","protected":false},"excerpt":{"rendered":"<p>R\u00e0dio Sabadell va convidar els millors monologistes del concurs entre instituts del Nord de Sabadell. En viu a la r\u00e0dio podeu escolatr el podcasts\u00a0 amb els millor mon\u00f2legs. En representaci\u00f3 del nostre intstitut\u00a0 va participar l&#8217;alumne de 4t ESO Ismael El Kattabi per fer lectura del mon\u00f2leg mon\u00f2leg premiat (de l&#8217;alumna Rihab Doublal) en el [&hellip;]<\/p>\n","protected":false},"author":1,"featured_media":11833,"comment_status":"closed","ping_status":"closed","sticky":false,"template":"","format":"standard","meta":{"_bbp_topic_count":0,"_bbp_reply_count":0,"_bbp_total_topic_count":0,"_bbp_total_reply_count":0,"_bbp_voice_count":0,"_bbp_anonymous_reply_count":0,"_bbp_topic_count_hidden":0,"_bbp_reply_count_hidden":0,"_bbp_forum_subforum_count":0,"site-sidebar-layout":"default","site-content-layout":"","ast-site-content-layout":"","site-content-style":"default","site-sidebar-style":"default","ast-global-header-display":"","ast-banner-title-visibility":"","ast-main-header-display":"","ast-hfb-above-header-display":"","ast-hfb-below-header-display":"","ast-hfb-mobile-header-display":"","site-post-title":"","ast-breadcrumbs-content":"","ast-featured-img":"","footer-sml-layout":"","theme-transparent-header-meta":"","adv-header-id-meta":"","stick-header-meta":"","header-above-stick-meta":"","header-main-stick-meta":"","header-below-stick-meta":"","astra-migrate-meta-layouts":"default","ast-page-background-enabled":"default","ast-page-background-meta":{"desktop":{"background-color":"var(--ast-global-color-4)","background-image":"","background-repeat":"repeat","background-position":"center center","background-size":"auto","background-attachment":"scroll","background-type":"","background-media":"","overlay-type":"","overlay-color":"","overlay-opacity":"","overlay-gradient":""},"tablet":{"background-color":"","background-image":"","background-repeat":"repeat","background-position":"center center","background-size":"auto","background-attachment":"scroll","background-type":"","background-media":"","overlay-type":"","overlay-color":"","overlay-opacity":"","overlay-gradient":""},"mobile":{"background-color":"","background-image":"","background-repeat":"repeat","background-position":"center center","background-size":"auto","background-attachment":"scroll","background-type":"","background-media":"","overlay-type":"","overlay-color":"","overlay-opacity":"","overlay-gradient":""}},"ast-content-background-meta":{"desktop":{"background-color":"var(--ast-global-color-5)","background-image":"","background-repeat":"repeat","background-position":"center center","background-size":"auto","background-attachment":"scroll","background-type":"","background-media":"","overlay-type":"","overlay-color":"","overlay-opacity":"","overlay-gradient":""},"tablet":{"background-color":"var(--ast-global-color-5)","background-image":"","background-repeat":"repeat","background-position":"center center","background-size":"auto","background-attachment":"scroll","background-type":"","background-media":"","overlay-type":"","overlay-color":"","overlay-opacity":"","overlay-gradient":""},"mobile":{"background-color":"var(--ast-global-color-5)","background-image":"","background-repeat":"repeat","background-position":"center center","background-size":"auto","background-attachment":"scroll","background-type":"","background-media":"","overlay-type":"","overlay-color":"","overlay-opacity":"","overlay-gradient":""}},"footnotes":""},"categories":[255,210,29],"tags":[262],"class_list":["post-11805","post","type-post","status-publish","format-standard","has-post-thumbnail","hentry","category-curs-23-24-eso-i-batxillerat","category-noticies-i-activitats","category-portada","tag-curs-23-24"],"post_mailing_queue_ids":[],"_links":{"self":[{"href":"https:\/\/agora.xtec.cat\/iesribotiserra\/wp-json\/wp\/v2\/posts\/11805","targetHints":{"allow":["GET"]}}],"collection":[{"href":"https:\/\/agora.xtec.cat\/iesribotiserra\/wp-json\/wp\/v2\/posts"}],"about":[{"href":"https:\/\/agora.xtec.cat\/iesribotiserra\/wp-json\/wp\/v2\/types\/post"}],"author":[{"embeddable":true,"href":"https:\/\/agora.xtec.cat\/iesribotiserra\/wp-json\/wp\/v2\/users\/1"}],"replies":[{"embeddable":true,"href":"https:\/\/agora.xtec.cat\/iesribotiserra\/wp-json\/wp\/v2\/comments?post=11805"}],"version-history":[{"count":6,"href":"https:\/\/agora.xtec.cat\/iesribotiserra\/wp-json\/wp\/v2\/posts\/11805\/revisions"}],"predecessor-version":[{"id":11837,"href":"https:\/\/agora.xtec.cat\/iesribotiserra\/wp-json\/wp\/v2\/posts\/11805\/revisions\/11837"}],"wp:featuredmedia":[{"embeddable":true,"href":"https:\/\/agora.xtec.cat\/iesribotiserra\/wp-json\/wp\/v2\/media\/11833"}],"wp:attachment":[{"href":"https:\/\/agora.xtec.cat\/iesribotiserra\/wp-json\/wp\/v2\/media?parent=11805"}],"wp:term":[{"taxonomy":"category","embeddable":true,"href":"https:\/\/agora.xtec.cat\/iesribotiserra\/wp-json\/wp\/v2\/categories?post=11805"},{"taxonomy":"post_tag","embeddable":true,"href":"https:\/\/agora.xtec.cat\/iesribotiserra\/wp-json\/wp\/v2\/tags?post=11805"}],"curies":[{"name":"wp","href":"https:\/\/api.w.org\/{rel}","templated":true}]}}