{"id":10370,"date":"2023-05-12T09:55:17","date_gmt":"2023-05-12T07:55:17","guid":{"rendered":"https:\/\/agora.xtec.cat\/iesribotiserra\/?p=10370"},"modified":"2023-06-06T08:50:49","modified_gmt":"2023-06-06T06:50:49","slug":"ens-visita-francesc-vives-dintermon-oxfam","status":"publish","type":"post","link":"https:\/\/agora.xtec.cat\/iesribotiserra\/portada\/ens-visita-francesc-vives-dintermon-oxfam\/","title":{"rendered":"Ens visita Francesc Vives, d&#8217;Interm\u00f3n Oxfam"},"content":{"rendered":"<p style=\"text-align: justify;\">El dijous 11 de maig, l&#8217;exprofessor del centre Francesc Vives ens va venir a fer una xerrada sobre Interm\u00f3n Oxfam i el comer\u00e7 just. Tamb\u00e9 ens va parlar de la import\u00e0ncia de consumir productes de proximitat.<\/p>\n<p><a href=\"https:\/\/agora.xtec.cat\/iesribotiserra\/wp-content\/uploads\/usu1672\/2023\/05\/Intermon-Oxfam.jpg\"><img loading=\"lazy\" decoding=\"async\" class=\"alignnone size-large wp-image-10371\" src=\"https:\/\/agora.xtec.cat\/iesribotiserra\/wp-content\/uploads\/usu1672\/2023\/05\/Intermon-Oxfam-1024x768.jpg\" alt=\"\" width=\"1024\" height=\"768\" srcset=\"https:\/\/agora.xtec.cat\/iesribotiserra\/wp-content\/uploads\/usu1672\/2023\/05\/Intermon-Oxfam-1024x768.jpg 1024w, https:\/\/agora.xtec.cat\/iesribotiserra\/wp-content\/uploads\/usu1672\/2023\/05\/Intermon-Oxfam-300x225.jpg 300w, https:\/\/agora.xtec.cat\/iesribotiserra\/wp-content\/uploads\/usu1672\/2023\/05\/Intermon-Oxfam-768x576.jpg 768w, https:\/\/agora.xtec.cat\/iesribotiserra\/wp-content\/uploads\/usu1672\/2023\/05\/Intermon-Oxfam-200x150.jpg 200w, https:\/\/agora.xtec.cat\/iesribotiserra\/wp-content\/uploads\/usu1672\/2023\/05\/Intermon-Oxfam.jpg 1142w\" sizes=\"auto, (max-width: 1024px) 100vw, 1024px\" \/><\/a><\/p>\n<p style=\"text-align: justify;\">Interm\u00f3n Oxfam \u00e9s una ONG que Impulsa programes a 86 pa\u00efsos de tot el m\u00f3n. Interv\u00e9 en situacions de crisi humanit\u00e0ria i fa front a les causes estructurals de les crisis i conflictes proporcionant aigua, sanejament, aliments i protecci\u00f3 des del primer moment.<\/p>\n<p style=\"text-align: justify;\">Interm\u00f3n Oxfam treballa per acabar amb\u00a0les desigualtats, perqu\u00e8 totes les persones puguin tenir els mateixos drets i oportunitats per prosperar i no nom\u00e9s per sobreviure.<\/p>\n","protected":false},"excerpt":{"rendered":"<p>El dijous 11 de maig, l&#8217;exprofessor del centre Francesc Vives ens va venir a fer una xerrada sobre Interm\u00f3n Oxfam i el comer\u00e7 just. Tamb\u00e9 ens va parlar de la import\u00e0ncia de consumir productes de proximitat. Interm\u00f3n Oxfam \u00e9s una ONG que Impulsa programes a 86 pa\u00efsos de tot el m\u00f3n. Interv\u00e9 en situacions de [&hellip;]<\/p>\n","protected":false},"author":1,"featured_media":10371,"comment_status":"closed","ping_status":"closed","sticky":false,"template":"","format":"standard","meta":{"_bbp_topic_count":0,"_bbp_reply_count":0,"_bbp_total_topic_count":0,"_bbp_total_reply_count":0,"_bbp_voice_count":0,"_bbp_anonymous_reply_count":0,"_bbp_topic_count_hidden":0,"_bbp_reply_count_hidden":0,"_bbp_forum_subforum_count":0,"site-sidebar-layout":"default","site-content-layout":"","ast-site-content-layout":"","site-content-style":"default","site-sidebar-style":"default","ast-global-header-display":"","ast-banner-title-visibility":"","ast-main-header-display":"","ast-hfb-above-header-display":"","ast-hfb-below-header-display":"","ast-hfb-mobile-header-display":"","site-post-title":"","ast-breadcrumbs-content":"","ast-featured-img":"","footer-sml-layout":"","theme-transparent-header-meta":"","adv-header-id-meta":"","stick-header-meta":"","header-above-stick-meta":"","header-main-stick-meta":"","header-below-stick-meta":"","astra-migrate-meta-layouts":"default","ast-page-background-enabled":"default","ast-page-background-meta":{"desktop":{"background-color":"var(--ast-global-color-4)","background-image":"","background-repeat":"repeat","background-position":"center center","background-size":"auto","background-attachment":"scroll","background-type":"","background-media":"","overlay-type":"","overlay-color":"","overlay-opacity":"","overlay-gradient":""},"tablet":{"background-color":"","background-image":"","background-repeat":"repeat","background-position":"center center","background-size":"auto","background-attachment":"scroll","background-type":"","background-media":"","overlay-type":"","overlay-color":"","overlay-opacity":"","overlay-gradient":""},"mobile":{"background-color":"","background-image":"","background-repeat":"repeat","background-position":"center center","background-size":"auto","background-attachment":"scroll","background-type":"","background-media":"","overlay-type":"","overlay-color":"","overlay-opacity":"","overlay-gradient":""}},"ast-content-background-meta":{"desktop":{"background-color":"var(--ast-global-color-5)","background-image":"","background-repeat":"repeat","background-position":"center center","background-size":"auto","background-attachment":"scroll","background-type":"","background-media":"","overlay-type":"","overlay-color":"","overlay-opacity":"","overlay-gradient":""},"tablet":{"background-color":"var(--ast-global-color-5)","background-image":"","background-repeat":"repeat","background-position":"center center","background-size":"auto","background-attachment":"scroll","background-type":"","background-media":"","overlay-type":"","overlay-color":"","overlay-opacity":"","overlay-gradient":""},"mobile":{"background-color":"var(--ast-global-color-5)","background-image":"","background-repeat":"repeat","background-position":"center center","background-size":"auto","background-attachment":"scroll","background-type":"","background-media":"","overlay-type":"","overlay-color":"","overlay-opacity":"","overlay-gradient":""}},"footnotes":""},"categories":[251,29],"tags":[254,58],"class_list":["post-10370","post","type-post","status-publish","format-standard","has-post-thumbnail","hentry","category-curs-22-23-eso-i-batxillerat","category-portada","tag-curs-22-23","tag-tallers"],"post_mailing_queue_ids":[],"_links":{"self":[{"href":"https:\/\/agora.xtec.cat\/iesribotiserra\/wp-json\/wp\/v2\/posts\/10370","targetHints":{"allow":["GET"]}}],"collection":[{"href":"https:\/\/agora.xtec.cat\/iesribotiserra\/wp-json\/wp\/v2\/posts"}],"about":[{"href":"https:\/\/agora.xtec.cat\/iesribotiserra\/wp-json\/wp\/v2\/types\/post"}],"author":[{"embeddable":true,"href":"https:\/\/agora.xtec.cat\/iesribotiserra\/wp-json\/wp\/v2\/users\/1"}],"replies":[{"embeddable":true,"href":"https:\/\/agora.xtec.cat\/iesribotiserra\/wp-json\/wp\/v2\/comments?post=10370"}],"version-history":[{"count":1,"href":"https:\/\/agora.xtec.cat\/iesribotiserra\/wp-json\/wp\/v2\/posts\/10370\/revisions"}],"predecessor-version":[{"id":10372,"href":"https:\/\/agora.xtec.cat\/iesribotiserra\/wp-json\/wp\/v2\/posts\/10370\/revisions\/10372"}],"wp:featuredmedia":[{"embeddable":true,"href":"https:\/\/agora.xtec.cat\/iesribotiserra\/wp-json\/wp\/v2\/media\/10371"}],"wp:attachment":[{"href":"https:\/\/agora.xtec.cat\/iesribotiserra\/wp-json\/wp\/v2\/media?parent=10370"}],"wp:term":[{"taxonomy":"category","embeddable":true,"href":"https:\/\/agora.xtec.cat\/iesribotiserra\/wp-json\/wp\/v2\/categories?post=10370"},{"taxonomy":"post_tag","embeddable":true,"href":"https:\/\/agora.xtec.cat\/iesribotiserra\/wp-json\/wp\/v2\/tags?post=10370"}],"curies":[{"name":"wp","href":"https:\/\/api.w.org\/{rel}","templated":true}]}}