{"id":23227,"date":"2026-04-25T14:42:11","date_gmt":"2026-04-25T12:42:11","guid":{"rendered":"https:\/\/agora.xtec.cat\/iesreguissol\/?p=23227"},"modified":"2026-04-25T14:42:11","modified_gmt":"2026-04-25T12:42:11","slug":"lantiga-roma-ens-suma","status":"publish","type":"post","link":"https:\/\/agora.xtec.cat\/iesreguissol\/general\/lantiga-roma-ens-suma\/","title":{"rendered":"L&#8217;Antiga Roma ens suma!"},"content":{"rendered":"<p>L\u2019alumnat de 2n de batxillerat de l&#8217;assignatura de Llengua i Cultura Llatines presenta un projecte de divulgaci\u00f3 dedicat al m\u00f3n cl\u00e0ssic, amb especial atenci\u00f3 a l\u2019Antiga Roma.<\/p>\n<p>A trav\u00e9s dels seus perfils, comparteixen:<br \/>\n\u2728 curiositats sorprenents<br \/>\n\ud83d\ude02 acudits amb refer\u00e8ncies cl\u00e0ssiques<br \/>\n\ud83d\udcda dades i continguts d\u2019inter\u00e8s\ud83d\udcf0 not\u00edcies d\u2019actualitat relacionades amb el llegat cl\u00e0ssicL\u2019objectiu del projecte \u00e9s apropar la cultura cl\u00e0ssica d\u2019una manera din\u00e0mica, entenedora i atractiva, demostrant que el m\u00f3n rom\u00e0 continua molt present en la societat actual.<\/p>\n<p>Una iniciativa que convida a descobrir, aprendre i gaudir de Roma des d\u2019una mirada actual.<\/p>\n<p>\ud83d\udd25Aquests s\u00f3n alguns dels seus perfils:\u00a0\u00a0@_aurum_romae,\u00a0@memento.vivere11,\u00a0@iuliaflavia,\u00a0@romiremi_753,\u00a0@marcus_filosofus121&#8230;<\/p>\n<p>&nbsp;<\/p>\n<p><img loading=\"lazy\" decoding=\"async\" class=\"aligncenter wp-image-23228\" src=\"https:\/\/agora.xtec.cat\/iesreguissol\/wp-content\/uploads\/usu1236\/2026\/04\/Captura-de-pantalla-2026-04-25-143830-e1777120795669-828x1024.png\" alt=\"\" width=\"438\" height=\"542\" \/><\/p>\n","protected":false},"excerpt":{"rendered":"<p>L\u2019alumnat de 2n de batxillerat de l&#8217;assignatura de Llengua i Cultura Llatines presenta un projecte de divulgaci\u00f3 dedicat al m\u00f3n cl\u00e0ssic, amb especial atenci\u00f3 a l\u2019Antiga Roma.<br \/>\nA trav\u00e9s dels seus perfils, comparteixen:<br \/>\n\u2728 curiositats sorprenents<br \/>\n\ud83d\ude02 acudits amb refer\u00e8ncies cl\u00e0ssiques<br \/>\n\ud83d\udcda dades i continguts d\u2019inter\u00e8s\ud83d\udcf0 not\u00edcies d\u2019actualitat relacionades&hellip;  <a href=\"https:\/\/agora.xtec.cat\/iesreguissol\/general\/lantiga-roma-ens-suma\/\" title=\"Read L&#8217;Antiga Roma ens suma!\">Llegeix m\u00e9s\u00bb<\/a><\/p>\n","protected":false},"author":1,"featured_media":23228,"comment_status":"open","ping_status":"open","sticky":false,"template":"","format":"standard","meta":{"_bbp_topic_count":0,"_bbp_reply_count":0,"_bbp_total_topic_count":0,"_bbp_total_reply_count":0,"_bbp_voice_count":0,"_bbp_anonymous_reply_count":0,"_bbp_topic_count_hidden":0,"_bbp_reply_count_hidden":0,"_bbp_forum_subforum_count":0,"footnotes":""},"categories":[68,93,1,97,29,86],"tags":[],"class_list":["post-23227","post","type-post","status-publish","format-standard","has-post-thumbnail","hentry","category-2n-bat","category-departaments","category-general","category-llengua-espanyola-i-llati","category-portada","category-projectes-i-activitat"],"post_mailing_queue_ids":[],"_links":{"self":[{"href":"https:\/\/agora.xtec.cat\/iesreguissol\/wp-json\/wp\/v2\/posts\/23227","targetHints":{"allow":["GET"]}}],"collection":[{"href":"https:\/\/agora.xtec.cat\/iesreguissol\/wp-json\/wp\/v2\/posts"}],"about":[{"href":"https:\/\/agora.xtec.cat\/iesreguissol\/wp-json\/wp\/v2\/types\/post"}],"author":[{"embeddable":true,"href":"https:\/\/agora.xtec.cat\/iesreguissol\/wp-json\/wp\/v2\/users\/1"}],"replies":[{"embeddable":true,"href":"https:\/\/agora.xtec.cat\/iesreguissol\/wp-json\/wp\/v2\/comments?post=23227"}],"version-history":[{"count":1,"href":"https:\/\/agora.xtec.cat\/iesreguissol\/wp-json\/wp\/v2\/posts\/23227\/revisions"}],"predecessor-version":[{"id":23229,"href":"https:\/\/agora.xtec.cat\/iesreguissol\/wp-json\/wp\/v2\/posts\/23227\/revisions\/23229"}],"wp:featuredmedia":[{"embeddable":true,"href":"https:\/\/agora.xtec.cat\/iesreguissol\/wp-json\/wp\/v2\/media\/23228"}],"wp:attachment":[{"href":"https:\/\/agora.xtec.cat\/iesreguissol\/wp-json\/wp\/v2\/media?parent=23227"}],"wp:term":[{"taxonomy":"category","embeddable":true,"href":"https:\/\/agora.xtec.cat\/iesreguissol\/wp-json\/wp\/v2\/categories?post=23227"},{"taxonomy":"post_tag","embeddable":true,"href":"https:\/\/agora.xtec.cat\/iesreguissol\/wp-json\/wp\/v2\/tags?post=23227"}],"curies":[{"name":"wp","href":"https:\/\/api.w.org\/{rel}","templated":true}]}}