{"id":23211,"date":"2026-04-22T10:02:39","date_gmt":"2026-04-22T08:02:39","guid":{"rendered":"https:\/\/agora.xtec.cat\/iesreguissol\/?p=23211"},"modified":"2026-04-22T10:03:54","modified_gmt":"2026-04-22T08:03:54","slug":"ruta-literaria-a-barcelona-luciernagas","status":"publish","type":"post","link":"https:\/\/agora.xtec.cat\/iesreguissol\/general\/ruta-literaria-a-barcelona-luciernagas\/","title":{"rendered":"Ruta Literaria a Barcelona (Luci\u00e9rnagas)"},"content":{"rendered":"<p dir=\"auto\">La setmana passada, l\u2019alumnat de 2n de batxillerat que cursa l\u2019assignatura de Literatura Castellana va fer una ruta liter\u00e0ria a Barcelona, basada en la novel\u2022la &#8220;Luci\u00e9rnagas&#8221;, d\u2019Anna Maria Matute, testimoni viu dels estralls de la Guerra Civil a la ciutat comtal.<\/p>\n<p dir=\"auto\">Durant la passejada, plena de riures, bons moments i molta literatura, vam rec\u00f3rrer alguns dels llocs m\u00e9s emblem\u00e0tics de l\u2019Esquerra de l\u2019Eixample i el casc hist\u00f2ric on s\u2019ambienta la hist\u00f2ria, com ara el carrer Aribau, tot passant per monuments com el dedicat a les v\u00edctimes dels bombardejos perpetrats per l\u2019aviaci\u00f3 feixista, places com ara la de Sant Felip Neri o la Pla\u00e7a Reial, i la inscripci\u00f3 al milici\u00e0 desconegut, fins a desembocar al mar, punt d\u2019arribada de Sol Roda, que deixa enrere l\u2019adolesc\u00e8ncia per esdevenir una dona forta i amb una visi\u00f3 personal del m\u00f3n.<\/p>\n<p>Passant del paper a l\u2019experi\u00e8ncia immersiva, ens hem endinsat a la literatura d\u2019una manera diferent, per\u00f2, alhora, molt enriquidora.<\/p>\n<p><img loading=\"lazy\" decoding=\"async\" class=\"aligncenter wp-image-23212\" src=\"https:\/\/agora.xtec.cat\/iesreguissol\/wp-content\/uploads\/usu1236\/2026\/04\/FOTO-1-LE-768x1024.jpg\" alt=\"\" width=\"400\" height=\"534\" srcset=\"https:\/\/agora.xtec.cat\/iesreguissol\/wp-content\/uploads\/usu1236\/2026\/04\/FOTO-1-LE-768x1024.jpg 768w, https:\/\/agora.xtec.cat\/iesreguissol\/wp-content\/uploads\/usu1236\/2026\/04\/FOTO-1-LE-225x300.jpg 225w, https:\/\/agora.xtec.cat\/iesreguissol\/wp-content\/uploads\/usu1236\/2026\/04\/FOTO-1-LE-1152x1536.jpg 1152w, https:\/\/agora.xtec.cat\/iesreguissol\/wp-content\/uploads\/usu1236\/2026\/04\/FOTO-1-LE-1536x2048.jpg 1536w, https:\/\/agora.xtec.cat\/iesreguissol\/wp-content\/uploads\/usu1236\/2026\/04\/FOTO-1-LE-scaled.jpg 1920w\" sizes=\"auto, (max-width: 400px) 100vw, 400px\" \/><\/p>\n<p><img loading=\"lazy\" decoding=\"async\" class=\"aligncenter wp-image-23213\" src=\"https:\/\/agora.xtec.cat\/iesreguissol\/wp-content\/uploads\/usu1236\/2026\/04\/FOTO-2-LE-768x1024.jpg\" alt=\"\" width=\"399\" height=\"532\" srcset=\"https:\/\/agora.xtec.cat\/iesreguissol\/wp-content\/uploads\/usu1236\/2026\/04\/FOTO-2-LE-768x1024.jpg 768w, https:\/\/agora.xtec.cat\/iesreguissol\/wp-content\/uploads\/usu1236\/2026\/04\/FOTO-2-LE-225x300.jpg 225w, https:\/\/agora.xtec.cat\/iesreguissol\/wp-content\/uploads\/usu1236\/2026\/04\/FOTO-2-LE-1152x1536.jpg 1152w, https:\/\/agora.xtec.cat\/iesreguissol\/wp-content\/uploads\/usu1236\/2026\/04\/FOTO-2-LE-1536x2048.jpg 1536w, https:\/\/agora.xtec.cat\/iesreguissol\/wp-content\/uploads\/usu1236\/2026\/04\/FOTO-2-LE-scaled.jpg 1920w\" sizes=\"auto, (max-width: 399px) 100vw, 399px\" \/><\/p>\n<p><img loading=\"lazy\" decoding=\"async\" class=\"aligncenter wp-image-23214\" src=\"https:\/\/agora.xtec.cat\/iesreguissol\/wp-content\/uploads\/usu1236\/2026\/04\/FOTO-3-LE-768x1024.jpg\" alt=\"\" width=\"400\" height=\"533\" srcset=\"https:\/\/agora.xtec.cat\/iesreguissol\/wp-content\/uploads\/usu1236\/2026\/04\/FOTO-3-LE-768x1024.jpg 768w, https:\/\/agora.xtec.cat\/iesreguissol\/wp-content\/uploads\/usu1236\/2026\/04\/FOTO-3-LE-225x300.jpg 225w, https:\/\/agora.xtec.cat\/iesreguissol\/wp-content\/uploads\/usu1236\/2026\/04\/FOTO-3-LE-1152x1536.jpg 1152w, https:\/\/agora.xtec.cat\/iesreguissol\/wp-content\/uploads\/usu1236\/2026\/04\/FOTO-3-LE-1536x2048.jpg 1536w, https:\/\/agora.xtec.cat\/iesreguissol\/wp-content\/uploads\/usu1236\/2026\/04\/FOTO-3-LE-scaled.jpg 1920w\" sizes=\"auto, (max-width: 400px) 100vw, 400px\" \/><\/p>\n<p><img loading=\"lazy\" decoding=\"async\" class=\"aligncenter wp-image-23215\" src=\"https:\/\/agora.xtec.cat\/iesreguissol\/wp-content\/uploads\/usu1236\/2026\/04\/FOTO-5-LE-768x1024.jpg\" alt=\"\" width=\"400\" height=\"533\" \/><\/p>\n<p><img loading=\"lazy\" decoding=\"async\" class=\"aligncenter wp-image-23216\" src=\"https:\/\/agora.xtec.cat\/iesreguissol\/wp-content\/uploads\/usu1236\/2026\/04\/FOTO-6-LE-768x1024.jpg\" alt=\"\" width=\"400\" height=\"533\" srcset=\"https:\/\/agora.xtec.cat\/iesreguissol\/wp-content\/uploads\/usu1236\/2026\/04\/FOTO-6-LE-768x1024.jpg 768w, https:\/\/agora.xtec.cat\/iesreguissol\/wp-content\/uploads\/usu1236\/2026\/04\/FOTO-6-LE-225x300.jpg 225w, https:\/\/agora.xtec.cat\/iesreguissol\/wp-content\/uploads\/usu1236\/2026\/04\/FOTO-6-LE-1152x1536.jpg 1152w, https:\/\/agora.xtec.cat\/iesreguissol\/wp-content\/uploads\/usu1236\/2026\/04\/FOTO-6-LE-1536x2048.jpg 1536w, https:\/\/agora.xtec.cat\/iesreguissol\/wp-content\/uploads\/usu1236\/2026\/04\/FOTO-6-LE-scaled.jpg 1920w\" sizes=\"auto, (max-width: 400px) 100vw, 400px\" \/><\/p>\n","protected":false},"excerpt":{"rendered":"<p>La setmana passada, l\u2019alumnat de 2n de batxillerat que cursa l\u2019assignatura de Literatura Castellana va fer una ruta liter\u00e0ria a Barcelona, basada en la novel\u2022la &#8220;Luci\u00e9rnagas&#8221;, d\u2019Anna Maria Matute, testimoni viu dels estralls de la Guerra Civil a la ciutat comtal.<br \/>\nDurant la passejada, plena de&hellip;  <a href=\"https:\/\/agora.xtec.cat\/iesreguissol\/general\/ruta-literaria-a-barcelona-luciernagas\/\" title=\"Read Ruta Literaria a Barcelona (Luci\u00e9rnagas)\">Llegeix m\u00e9s\u00bb<\/a><\/p>\n","protected":false},"author":1,"featured_media":23215,"comment_status":"open","ping_status":"open","sticky":false,"template":"","format":"standard","meta":{"_bbp_topic_count":0,"_bbp_reply_count":0,"_bbp_total_topic_count":0,"_bbp_total_reply_count":0,"_bbp_voice_count":0,"_bbp_anonymous_reply_count":0,"_bbp_topic_count_hidden":0,"_bbp_reply_count_hidden":0,"_bbp_forum_subforum_count":0,"footnotes":""},"categories":[68,8,93,85,1,97,29,86],"tags":[],"class_list":["post-23211","post","type-post","status-publish","format-standard","has-post-thumbnail","hentry","category-2n-bat","category-batxillerat","category-departaments","category-events","category-general","category-llengua-espanyola-i-llati","category-portada","category-projectes-i-activitat"],"post_mailing_queue_ids":[],"_links":{"self":[{"href":"https:\/\/agora.xtec.cat\/iesreguissol\/wp-json\/wp\/v2\/posts\/23211","targetHints":{"allow":["GET"]}}],"collection":[{"href":"https:\/\/agora.xtec.cat\/iesreguissol\/wp-json\/wp\/v2\/posts"}],"about":[{"href":"https:\/\/agora.xtec.cat\/iesreguissol\/wp-json\/wp\/v2\/types\/post"}],"author":[{"embeddable":true,"href":"https:\/\/agora.xtec.cat\/iesreguissol\/wp-json\/wp\/v2\/users\/1"}],"replies":[{"embeddable":true,"href":"https:\/\/agora.xtec.cat\/iesreguissol\/wp-json\/wp\/v2\/comments?post=23211"}],"version-history":[{"count":1,"href":"https:\/\/agora.xtec.cat\/iesreguissol\/wp-json\/wp\/v2\/posts\/23211\/revisions"}],"predecessor-version":[{"id":23217,"href":"https:\/\/agora.xtec.cat\/iesreguissol\/wp-json\/wp\/v2\/posts\/23211\/revisions\/23217"}],"wp:featuredmedia":[{"embeddable":true,"href":"https:\/\/agora.xtec.cat\/iesreguissol\/wp-json\/wp\/v2\/media\/23215"}],"wp:attachment":[{"href":"https:\/\/agora.xtec.cat\/iesreguissol\/wp-json\/wp\/v2\/media?parent=23211"}],"wp:term":[{"taxonomy":"category","embeddable":true,"href":"https:\/\/agora.xtec.cat\/iesreguissol\/wp-json\/wp\/v2\/categories?post=23211"},{"taxonomy":"post_tag","embeddable":true,"href":"https:\/\/agora.xtec.cat\/iesreguissol\/wp-json\/wp\/v2\/tags?post=23211"}],"curies":[{"name":"wp","href":"https:\/\/api.w.org\/{rel}","templated":true}]}}