{"id":20473,"date":"2023-02-20T13:17:10","date_gmt":"2023-02-20T12:17:10","guid":{"rendered":"https:\/\/agora.xtec.cat\/iesreguissol\/?p=20473"},"modified":"2023-09-06T17:28:12","modified_gmt":"2023-09-06T15:28:12","slug":"ruta-literaria-la-placa-del-diamant-de-merce-rodoreda","status":"publish","type":"post","link":"https:\/\/agora.xtec.cat\/iesreguissol\/general\/ruta-literaria-la-placa-del-diamant-de-merce-rodoreda\/","title":{"rendered":"Ruta liter\u00e0ria La pla\u00e7a del Diamant de Merce Rodoreda"},"content":{"rendered":"<p>El dimecres, 15 de febrer l\u2019alumnat de 2n de batxillerat va realitzar una ruta liter\u00e0ria vinculada amb una de les lectures prescriptives de les PAU 2023, <em>La pla\u00e7a del Diamant<\/em>\u00a0de Merc\u00e8 Rodoreda.<\/p>\n<p>L\u2019alumnat s\u2019endins\u00e0 pels carrers i\u00a0 places que va trepitjar la protagonista de l\u2019obra, la Nat\u00e0lia. Una dona que visqu\u00e9 les pen\u00faries d\u2019una \u00e8poca i d\u2019una relaci\u00f3 que l\u2019aboc\u00e0 a un des\u00e0nim molt latent al llarg de la novel\u00b7la.<\/p>\n<p>Gr\u00e0cies a aquesta sortida, l\u2019alumnat ha apr\u00e8s una mica m\u00e9s sobre els personatges, la trama, la simbologia d\u2019una de les obres m\u00e9s representatives de la literatura catalana contempor\u00e0nia.<\/p>\n<p><img loading=\"lazy\" decoding=\"async\" class=\"aligncenter\" src=\"https:\/\/encrypted-tbn0.gstatic.com\/images?q=tbn:ANd9GcSnD3lTF9L6yOWAXwyCd5psUm76bOCkZRU9BeYC-C5iUWeN105rWMk3Z3hrIYa3i1ds6wk&amp;usqp=CAU\" alt=\"La pla\u00e7a del Diamant', una realidad intolerable\" width=\"228\" height=\"351\" \/><\/p>\n<p><img loading=\"lazy\" decoding=\"async\" class=\"aligncenter\" src=\"https:\/\/periodicoirreverentes.files.wordpress.com\/2020\/10\/ac6d7c76aa21fa50285b93553840ae4a.jpg?w=470\" alt=\"La plaza del diamante (Final) | Peri\u00f3dico Irreverentes\" width=\"225\" height=\"354\" \/><\/p>\n<p style=\"text-align: center;\">Merce Rodoreda en la Pla\u00e7a del Diamant<\/p>\n<p><img loading=\"lazy\" decoding=\"async\" class=\"aligncenter wp-image-20474\" src=\"https:\/\/agora.xtec.cat\/iesreguissol\/wp-content\/uploads\/usu1236\/2023\/02\/colometa.png\" alt=\"\" width=\"323\" height=\"377\" \/><\/p>\n<p style=\"text-align: center;\">Escultura &#8220;Colometa&#8221; de Xavier Medina-Campeny (1984).<\/p>\n<p><img loading=\"lazy\" decoding=\"async\" class=\"aligncenter\" src=\"https:\/\/i.pinimg.com\/originals\/ca\/4d\/c4\/ca4dc43651090530105a232670513b94.jpg\" alt=\"Pla\u00e7a del diamant. 1934 | Fotos de barcelona, Barcelona ciudad, Barcelona\" width=\"326\" height=\"490\" \/><\/p>\n<p style=\"text-align: center;\">Pla\u00e7a del Diamant, 1934<\/p>\n","protected":false},"excerpt":{"rendered":"<p>El dimecres, 15 de febrer l\u2019alumnat de 2n de batxillerat va realitzar una ruta liter\u00e0ria vinculada amb una de les lectures prescriptives de les PAU 2023, La pla\u00e7a del Diamant\u00a0de Merc\u00e8 Rodoreda. L\u2019alumnat s\u2019endins\u00e0 pels carrers i\u00a0 places que va trepitjar la protagonista de l\u2019obra, la Nat\u00e0lia. Una dona que visqu\u00e9 les pen\u00faries d\u2019una \u00e8poca [&hellip;]<\/p>\n","protected":false},"author":1,"featured_media":20474,"comment_status":"open","ping_status":"closed","sticky":false,"template":"","format":"standard","meta":{"_bbp_topic_count":0,"_bbp_reply_count":0,"_bbp_total_topic_count":0,"_bbp_total_reply_count":0,"_bbp_voice_count":0,"_bbp_anonymous_reply_count":0,"_bbp_topic_count_hidden":0,"_bbp_reply_count_hidden":0,"_bbp_forum_subforum_count":0,"site-sidebar-layout":"default","site-content-layout":"","ast-site-content-layout":"","site-content-style":"default","site-sidebar-style":"default","ast-global-header-display":"","ast-banner-title-visibility":"","ast-main-header-display":"","ast-hfb-above-header-display":"","ast-hfb-below-header-display":"","ast-hfb-mobile-header-display":"","site-post-title":"","ast-breadcrumbs-content":"","ast-featured-img":"","footer-sml-layout":"","theme-transparent-header-meta":"","adv-header-id-meta":"","stick-header-meta":"","header-above-stick-meta":"","header-main-stick-meta":"","header-below-stick-meta":"","astra-migrate-meta-layouts":"default","ast-page-background-enabled":"default","ast-page-background-meta":{"desktop":{"background-color":"var(--ast-global-color-5)","background-image":"","background-repeat":"repeat","background-position":"center center","background-size":"auto","background-attachment":"scroll","background-type":"","background-media":"","overlay-type":"","overlay-color":"","overlay-opacity":"","overlay-gradient":""},"tablet":{"background-color":"","background-image":"","background-repeat":"repeat","background-position":"center center","background-size":"auto","background-attachment":"scroll","background-type":"","background-media":"","overlay-type":"","overlay-color":"","overlay-opacity":"","overlay-gradient":""},"mobile":{"background-color":"","background-image":"","background-repeat":"repeat","background-position":"center center","background-size":"auto","background-attachment":"scroll","background-type":"","background-media":"","overlay-type":"","overlay-color":"","overlay-opacity":"","overlay-gradient":""}},"ast-content-background-meta":{"desktop":{"background-color":"var(--ast-global-color-4)","background-image":"","background-repeat":"repeat","background-position":"center center","background-size":"auto","background-attachment":"scroll","background-type":"","background-media":"","overlay-type":"","overlay-color":"","overlay-opacity":"","overlay-gradient":""},"tablet":{"background-color":"var(--ast-global-color-4)","background-image":"","background-repeat":"repeat","background-position":"center center","background-size":"auto","background-attachment":"scroll","background-type":"","background-media":"","overlay-type":"","overlay-color":"","overlay-opacity":"","overlay-gradient":""},"mobile":{"background-color":"var(--ast-global-color-4)","background-image":"","background-repeat":"repeat","background-position":"center center","background-size":"auto","background-attachment":"scroll","background-type":"","background-media":"","overlay-type":"","overlay-color":"","overlay-opacity":"","overlay-gradient":""}},"footnotes":""},"categories":[68,85,1,96,29],"tags":[],"class_list":["post-20473","post","type-post","status-publish","format-standard","has-post-thumbnail","hentry","category-2n-bat","category-events","category-general","category-llengua-catalana","category-portada"],"post_mailing_queue_ids":[],"_links":{"self":[{"href":"https:\/\/agora.xtec.cat\/iesreguissol\/wp-json\/wp\/v2\/posts\/20473","targetHints":{"allow":["GET"]}}],"collection":[{"href":"https:\/\/agora.xtec.cat\/iesreguissol\/wp-json\/wp\/v2\/posts"}],"about":[{"href":"https:\/\/agora.xtec.cat\/iesreguissol\/wp-json\/wp\/v2\/types\/post"}],"author":[{"embeddable":true,"href":"https:\/\/agora.xtec.cat\/iesreguissol\/wp-json\/wp\/v2\/users\/1"}],"replies":[{"embeddable":true,"href":"https:\/\/agora.xtec.cat\/iesreguissol\/wp-json\/wp\/v2\/comments?post=20473"}],"version-history":[{"count":3,"href":"https:\/\/agora.xtec.cat\/iesreguissol\/wp-json\/wp\/v2\/posts\/20473\/revisions"}],"predecessor-version":[{"id":20512,"href":"https:\/\/agora.xtec.cat\/iesreguissol\/wp-json\/wp\/v2\/posts\/20473\/revisions\/20512"}],"wp:featuredmedia":[{"embeddable":true,"href":"https:\/\/agora.xtec.cat\/iesreguissol\/wp-json\/wp\/v2\/media\/20474"}],"wp:attachment":[{"href":"https:\/\/agora.xtec.cat\/iesreguissol\/wp-json\/wp\/v2\/media?parent=20473"}],"wp:term":[{"taxonomy":"category","embeddable":true,"href":"https:\/\/agora.xtec.cat\/iesreguissol\/wp-json\/wp\/v2\/categories?post=20473"},{"taxonomy":"post_tag","embeddable":true,"href":"https:\/\/agora.xtec.cat\/iesreguissol\/wp-json\/wp\/v2\/tags?post=20473"}],"curies":[{"name":"wp","href":"https:\/\/api.w.org\/{rel}","templated":true}]}}