{"id":20258,"date":"2022-12-16T17:43:43","date_gmt":"2022-12-16T16:43:43","guid":{"rendered":"https:\/\/agora.xtec.cat\/iesreguissol\/?p=20258"},"modified":"2022-12-17T14:58:41","modified_gmt":"2022-12-17T13:58:41","slug":"1-origami-1-euro-per-la-marato","status":"publish","type":"post","link":"https:\/\/agora.xtec.cat\/iesreguissol\/general\/1-origami-1-euro-per-la-marato\/","title":{"rendered":"1 origami 1 euro per la Marat\u00f3"},"content":{"rendered":"<p style=\"text-align: justify;\">L&#8217;Institut Reguissol tamb\u00e9 s&#8217;ha sumat a La Marat\u00f3 amb una altra activitat solid\u00e0ria de la m\u00e0 de la Fundaci\u00f3 MGC, que donar\u00e0 1 euro per cada origami realitzat en benefici de La Marat\u00f3 de TV3 2022 (dedicada enguany a la salut cardiovascular).<\/p>\n<p style=\"text-align: justify;\"><span style=\"font-family: inherit; font-size: 1em;\">Gr\u00e0cies a l&#8217;empenta i entusiasme d&#8217;un grup d&#8217;alumnes de 2n i de 4t d&#8217;ESO s&#8217;han recollit <span style=\"color: #008080;\"><strong>213<\/strong><\/span> grues de paper!<\/span><\/p>\n<div>\n<p style=\"text-align: justify;\">Sempre \u00e9s un plaer saber que es pot comptar amb la gent del Reguissol per participar en aquestes iniciatives i fer una modesta (per\u00f2 molt necess\u00e0ria) aportaci\u00f3.<\/p>\n<div><\/div>\n<p><img loading=\"lazy\" decoding=\"async\" class=\"aligncenter wp-image-20259\" src=\"https:\/\/agora.xtec.cat\/iesreguissol\/wp-content\/uploads\/usu1236\/2022\/12\/20221201_101724-576x1024.jpg\" alt=\"\" width=\"500\" height=\"889\" srcset=\"https:\/\/agora.xtec.cat\/iesreguissol\/wp-content\/uploads\/usu1236\/2022\/12\/20221201_101724-576x1024.jpg 576w, https:\/\/agora.xtec.cat\/iesreguissol\/wp-content\/uploads\/usu1236\/2022\/12\/20221201_101724-169x300.jpg 169w, https:\/\/agora.xtec.cat\/iesreguissol\/wp-content\/uploads\/usu1236\/2022\/12\/20221201_101724-768x1365.jpg 768w, https:\/\/agora.xtec.cat\/iesreguissol\/wp-content\/uploads\/usu1236\/2022\/12\/20221201_101724-864x1536.jpg 864w, https:\/\/agora.xtec.cat\/iesreguissol\/wp-content\/uploads\/usu1236\/2022\/12\/20221201_101724-1152x2048.jpg 1152w, https:\/\/agora.xtec.cat\/iesreguissol\/wp-content\/uploads\/usu1236\/2022\/12\/20221201_101724-scaled.jpg 1440w\" sizes=\"auto, (max-width: 500px) 100vw, 500px\" \/><\/p>\n<p><img loading=\"lazy\" decoding=\"async\" class=\"aligncenter wp-image-20260\" src=\"https:\/\/agora.xtec.cat\/iesreguissol\/wp-content\/uploads\/usu1236\/2022\/12\/20221201_101928-1024x901.jpg\" alt=\"\" width=\"700\" height=\"616\" srcset=\"https:\/\/agora.xtec.cat\/iesreguissol\/wp-content\/uploads\/usu1236\/2022\/12\/20221201_101928-1024x901.jpg 1024w, https:\/\/agora.xtec.cat\/iesreguissol\/wp-content\/uploads\/usu1236\/2022\/12\/20221201_101928-300x264.jpg 300w, https:\/\/agora.xtec.cat\/iesreguissol\/wp-content\/uploads\/usu1236\/2022\/12\/20221201_101928-768x676.jpg 768w, https:\/\/agora.xtec.cat\/iesreguissol\/wp-content\/uploads\/usu1236\/2022\/12\/20221201_101928-1536x1351.jpg 1536w, https:\/\/agora.xtec.cat\/iesreguissol\/wp-content\/uploads\/usu1236\/2022\/12\/20221201_101928-2048x1801.jpg 2048w\" sizes=\"auto, (max-width: 700px) 100vw, 700px\" \/><\/p>\n<p><img loading=\"lazy\" decoding=\"async\" class=\"aligncenter wp-image-20261\" src=\"https:\/\/agora.xtec.cat\/iesreguissol\/wp-content\/uploads\/usu1236\/2022\/12\/20221201_102110-1024x576.jpg\" alt=\"\" width=\"700\" height=\"394\" srcset=\"https:\/\/agora.xtec.cat\/iesreguissol\/wp-content\/uploads\/usu1236\/2022\/12\/20221201_102110-1024x576.jpg 1024w, https:\/\/agora.xtec.cat\/iesreguissol\/wp-content\/uploads\/usu1236\/2022\/12\/20221201_102110-300x169.jpg 300w, https:\/\/agora.xtec.cat\/iesreguissol\/wp-content\/uploads\/usu1236\/2022\/12\/20221201_102110-768x432.jpg 768w, https:\/\/agora.xtec.cat\/iesreguissol\/wp-content\/uploads\/usu1236\/2022\/12\/20221201_102110-1536x864.jpg 1536w, https:\/\/agora.xtec.cat\/iesreguissol\/wp-content\/uploads\/usu1236\/2022\/12\/20221201_102110-2048x1152.jpg 2048w\" sizes=\"auto, (max-width: 700px) 100vw, 700px\" \/><\/p>\n<p><img loading=\"lazy\" decoding=\"async\" class=\"aligncenter wp-image-20262\" src=\"https:\/\/agora.xtec.cat\/iesreguissol\/wp-content\/uploads\/usu1236\/2022\/12\/20221201_102538-576x1024.jpg\" alt=\"\" width=\"500\" height=\"889\" srcset=\"https:\/\/agora.xtec.cat\/iesreguissol\/wp-content\/uploads\/usu1236\/2022\/12\/20221201_102538-576x1024.jpg 576w, https:\/\/agora.xtec.cat\/iesreguissol\/wp-content\/uploads\/usu1236\/2022\/12\/20221201_102538-169x300.jpg 169w, https:\/\/agora.xtec.cat\/iesreguissol\/wp-content\/uploads\/usu1236\/2022\/12\/20221201_102538-768x1365.jpg 768w, https:\/\/agora.xtec.cat\/iesreguissol\/wp-content\/uploads\/usu1236\/2022\/12\/20221201_102538-864x1536.jpg 864w, https:\/\/agora.xtec.cat\/iesreguissol\/wp-content\/uploads\/usu1236\/2022\/12\/20221201_102538-1152x2048.jpg 1152w, https:\/\/agora.xtec.cat\/iesreguissol\/wp-content\/uploads\/usu1236\/2022\/12\/20221201_102538-scaled.jpg 1440w\" sizes=\"auto, (max-width: 500px) 100vw, 500px\" \/><\/p>\n<p>&nbsp;<\/p>\n<\/div>\n","protected":false},"excerpt":{"rendered":"<p>L&#8217;Institut Reguissol tamb\u00e9 s&#8217;ha sumat a La Marat\u00f3 amb una altra activitat solid\u00e0ria de la m\u00e0 de la Fundaci\u00f3 MGC, que donar\u00e0 1 euro per cada origami realitzat en benefici de La Marat\u00f3 de TV3 2022 (dedicada enguany a la salut cardiovascular).<br \/>\nGr\u00e0cies a l&#8217;empenta i&hellip;  <a href=\"https:\/\/agora.xtec.cat\/iesreguissol\/general\/1-origami-1-euro-per-la-marato\/\" title=\"Read 1 origami 1 euro per la Marat\u00f3\">Llegeix m\u00e9s\u00bb<\/a><\/p>\n","protected":false},"author":1,"featured_media":20260,"comment_status":"open","ping_status":"closed","sticky":false,"template":"","format":"standard","meta":{"_bbp_topic_count":0,"_bbp_reply_count":0,"_bbp_total_topic_count":0,"_bbp_total_reply_count":0,"_bbp_voice_count":0,"_bbp_anonymous_reply_count":0,"_bbp_topic_count_hidden":0,"_bbp_reply_count_hidden":0,"_bbp_forum_subforum_count":0,"footnotes":""},"categories":[76,1,29,86],"tags":[],"class_list":["post-20258","post","type-post","status-publish","format-standard","has-post-thumbnail","hentry","category-biblioteca","category-general","category-portada","category-projectes-i-activitat"],"post_mailing_queue_ids":[],"_links":{"self":[{"href":"https:\/\/agora.xtec.cat\/iesreguissol\/wp-json\/wp\/v2\/posts\/20258","targetHints":{"allow":["GET"]}}],"collection":[{"href":"https:\/\/agora.xtec.cat\/iesreguissol\/wp-json\/wp\/v2\/posts"}],"about":[{"href":"https:\/\/agora.xtec.cat\/iesreguissol\/wp-json\/wp\/v2\/types\/post"}],"author":[{"embeddable":true,"href":"https:\/\/agora.xtec.cat\/iesreguissol\/wp-json\/wp\/v2\/users\/1"}],"replies":[{"embeddable":true,"href":"https:\/\/agora.xtec.cat\/iesreguissol\/wp-json\/wp\/v2\/comments?post=20258"}],"version-history":[{"count":2,"href":"https:\/\/agora.xtec.cat\/iesreguissol\/wp-json\/wp\/v2\/posts\/20258\/revisions"}],"predecessor-version":[{"id":20293,"href":"https:\/\/agora.xtec.cat\/iesreguissol\/wp-json\/wp\/v2\/posts\/20258\/revisions\/20293"}],"wp:featuredmedia":[{"embeddable":true,"href":"https:\/\/agora.xtec.cat\/iesreguissol\/wp-json\/wp\/v2\/media\/20260"}],"wp:attachment":[{"href":"https:\/\/agora.xtec.cat\/iesreguissol\/wp-json\/wp\/v2\/media?parent=20258"}],"wp:term":[{"taxonomy":"category","embeddable":true,"href":"https:\/\/agora.xtec.cat\/iesreguissol\/wp-json\/wp\/v2\/categories?post=20258"},{"taxonomy":"post_tag","embeddable":true,"href":"https:\/\/agora.xtec.cat\/iesreguissol\/wp-json\/wp\/v2\/tags?post=20258"}],"curies":[{"name":"wp","href":"https:\/\/api.w.org\/{rel}","templated":true}]}}