{"id":19306,"date":"2022-01-12T22:20:55","date_gmt":"2022-01-12T21:20:55","guid":{"rendered":"https:\/\/agora.xtec.cat\/iesreguissol\/?p=19306"},"modified":"2022-01-12T22:22:22","modified_gmt":"2022-01-12T21:22:22","slug":"visita-al-mnac-de-2n-deso","status":"publish","type":"post","link":"https:\/\/agora.xtec.cat\/iesreguissol\/general\/visita-al-mnac-de-2n-deso\/","title":{"rendered":"Visita al MNAC de 2n d\u2019ESO"},"content":{"rendered":"<p>Aquesta setmana els alumnes de 2n ESO han visitat l\u2019exposici\u00f3 d\u2019art rom\u00e0nic del MNAC.<\/p>\n<p>Ha estat una sortida organitzada pel departament de Ci\u00e8ncies Socials on han pogut aprendre molt sobre l&#8217;art a l&#8217;Edat Mitjana i quines t\u00e8cniques pict\u00f2riques s&#8217;utilitzaven.<\/p>\n<p>El fons d\u2019art rom\u00e0nic del museu est\u00e0 integrat per un excepcional conjunt de pintures murals i un ric fons de pintura sobre taula, el m\u00e9s nombr\u00f3s i antic d\u2019 Europa.\u00a0\u00a0Observant aquestes obres, els nostres alumnes han vist com era la societat i la religi\u00f3 al segle XII i els costums de la seva gent.<\/p>\n<p>&nbsp;<\/p>\n<p><a href=\"https:\/\/agora.xtec.cat\/iesreguissol\/wp-content\/uploads\/usu1236\/2022\/01\/IMG-8325-scaled.jpg\"><img loading=\"lazy\" decoding=\"async\" class=\"aligncenter wp-image-19307\" src=\"https:\/\/agora.xtec.cat\/iesreguissol\/wp-content\/uploads\/usu1236\/2022\/01\/IMG-8325-1024x1024.jpg\" alt=\"\" width=\"574\" height=\"574\" srcset=\"https:\/\/agora.xtec.cat\/iesreguissol\/wp-content\/uploads\/usu1236\/2022\/01\/IMG-8325-1024x1024.jpg 1024w, https:\/\/agora.xtec.cat\/iesreguissol\/wp-content\/uploads\/usu1236\/2022\/01\/IMG-8325-300x300.jpg 300w, https:\/\/agora.xtec.cat\/iesreguissol\/wp-content\/uploads\/usu1236\/2022\/01\/IMG-8325-150x150.jpg 150w, https:\/\/agora.xtec.cat\/iesreguissol\/wp-content\/uploads\/usu1236\/2022\/01\/IMG-8325-768x768.jpg 768w, https:\/\/agora.xtec.cat\/iesreguissol\/wp-content\/uploads\/usu1236\/2022\/01\/IMG-8325-1536x1536.jpg 1536w, https:\/\/agora.xtec.cat\/iesreguissol\/wp-content\/uploads\/usu1236\/2022\/01\/IMG-8325-2048x2048.jpg 2048w\" sizes=\"auto, (max-width: 574px) 100vw, 574px\" \/><\/a><\/p>\n<p><a href=\"https:\/\/agora.xtec.cat\/iesreguissol\/wp-content\/uploads\/usu1236\/2022\/01\/IMG-8326-scaled.jpg\"><img loading=\"lazy\" decoding=\"async\" class=\"aligncenter wp-image-19308\" src=\"https:\/\/agora.xtec.cat\/iesreguissol\/wp-content\/uploads\/usu1236\/2022\/01\/IMG-8326-1024x768.jpg\" alt=\"\" width=\"575\" height=\"431\" srcset=\"https:\/\/agora.xtec.cat\/iesreguissol\/wp-content\/uploads\/usu1236\/2022\/01\/IMG-8326-1024x768.jpg 1024w, https:\/\/agora.xtec.cat\/iesreguissol\/wp-content\/uploads\/usu1236\/2022\/01\/IMG-8326-300x225.jpg 300w, https:\/\/agora.xtec.cat\/iesreguissol\/wp-content\/uploads\/usu1236\/2022\/01\/IMG-8326-768x576.jpg 768w, https:\/\/agora.xtec.cat\/iesreguissol\/wp-content\/uploads\/usu1236\/2022\/01\/IMG-8326-1536x1152.jpg 1536w, https:\/\/agora.xtec.cat\/iesreguissol\/wp-content\/uploads\/usu1236\/2022\/01\/IMG-8326-2048x1536.jpg 2048w, https:\/\/agora.xtec.cat\/iesreguissol\/wp-content\/uploads\/usu1236\/2022\/01\/IMG-8326-200x150.jpg 200w\" sizes=\"auto, (max-width: 575px) 100vw, 575px\" \/><\/a><\/p>\n<p><a href=\"https:\/\/agora.xtec.cat\/iesreguissol\/wp-content\/uploads\/usu1236\/2022\/01\/20220112_122215web-rotated.jpg\"><img loading=\"lazy\" decoding=\"async\" class=\"aligncenter wp-image-19309\" src=\"https:\/\/agora.xtec.cat\/iesreguissol\/wp-content\/uploads\/usu1236\/2022\/01\/20220112_122215web-768x1024.jpg\" alt=\"\" width=\"571\" height=\"761\" srcset=\"https:\/\/agora.xtec.cat\/iesreguissol\/wp-content\/uploads\/usu1236\/2022\/01\/20220112_122215web-768x1024.jpg 768w, https:\/\/agora.xtec.cat\/iesreguissol\/wp-content\/uploads\/usu1236\/2022\/01\/20220112_122215web-225x300.jpg 225w, https:\/\/agora.xtec.cat\/iesreguissol\/wp-content\/uploads\/usu1236\/2022\/01\/20220112_122215web-1152x1536.jpg 1152w, https:\/\/agora.xtec.cat\/iesreguissol\/wp-content\/uploads\/usu1236\/2022\/01\/20220112_122215web-rotated.jpg 1254w\" sizes=\"auto, (max-width: 571px) 100vw, 571px\" \/><\/a><\/p>\n","protected":false},"excerpt":{"rendered":"<p>Aquesta setmana els alumnes de 2n ESO han visitat l\u2019exposici\u00f3 d\u2019art rom\u00e0nic del MNAC.<br \/>\nHa estat una sortida organitzada pel departament de Ci\u00e8ncies Socials on han pogut aprendre molt sobre l&#8217;art a l&#8217;Edat Mitjana i quines t\u00e8cniques pict\u00f2riques s&#8217;utilitzaven.<br \/>\nEl fons d\u2019art rom\u00e0nic del museu est\u00e0 integrat&hellip;  <a href=\"https:\/\/agora.xtec.cat\/iesreguissol\/general\/visita-al-mnac-de-2n-deso\/\" title=\"Read Visita al MNAC de 2n d\u2019ESO\">Llegeix m\u00e9s\u00bb<\/a><\/p>\n","protected":false},"author":1,"featured_media":19309,"comment_status":"open","ping_status":"closed","sticky":false,"template":"","format":"standard","meta":{"_bbp_topic_count":0,"_bbp_reply_count":0,"_bbp_total_topic_count":0,"_bbp_total_reply_count":0,"_bbp_voice_count":0,"_bbp_anonymous_reply_count":0,"_bbp_topic_count_hidden":0,"_bbp_reply_count_hidden":0,"_bbp_forum_subforum_count":0,"footnotes":""},"categories":[60,94,85,1,29],"tags":[],"class_list":["post-19306","post","type-post","status-publish","format-standard","has-post-thumbnail","hentry","category-eso-2","category-ciencies-socials","category-events","category-general","category-portada"],"post_mailing_queue_ids":[],"_links":{"self":[{"href":"https:\/\/agora.xtec.cat\/iesreguissol\/wp-json\/wp\/v2\/posts\/19306","targetHints":{"allow":["GET"]}}],"collection":[{"href":"https:\/\/agora.xtec.cat\/iesreguissol\/wp-json\/wp\/v2\/posts"}],"about":[{"href":"https:\/\/agora.xtec.cat\/iesreguissol\/wp-json\/wp\/v2\/types\/post"}],"author":[{"embeddable":true,"href":"https:\/\/agora.xtec.cat\/iesreguissol\/wp-json\/wp\/v2\/users\/1"}],"replies":[{"embeddable":true,"href":"https:\/\/agora.xtec.cat\/iesreguissol\/wp-json\/wp\/v2\/comments?post=19306"}],"version-history":[{"count":3,"href":"https:\/\/agora.xtec.cat\/iesreguissol\/wp-json\/wp\/v2\/posts\/19306\/revisions"}],"predecessor-version":[{"id":19312,"href":"https:\/\/agora.xtec.cat\/iesreguissol\/wp-json\/wp\/v2\/posts\/19306\/revisions\/19312"}],"wp:featuredmedia":[{"embeddable":true,"href":"https:\/\/agora.xtec.cat\/iesreguissol\/wp-json\/wp\/v2\/media\/19309"}],"wp:attachment":[{"href":"https:\/\/agora.xtec.cat\/iesreguissol\/wp-json\/wp\/v2\/media?parent=19306"}],"wp:term":[{"taxonomy":"category","embeddable":true,"href":"https:\/\/agora.xtec.cat\/iesreguissol\/wp-json\/wp\/v2\/categories?post=19306"},{"taxonomy":"post_tag","embeddable":true,"href":"https:\/\/agora.xtec.cat\/iesreguissol\/wp-json\/wp\/v2\/tags?post=19306"}],"curies":[{"name":"wp","href":"https:\/\/api.w.org\/{rel}","templated":true}]}}