{"id":17743,"date":"2020-06-25T12:26:23","date_gmt":"2020-06-25T10:26:23","guid":{"rendered":"http:\/\/agora.xtec.cat\/iesreguissol\/?p=17743"},"modified":"2020-06-25T12:45:53","modified_gmt":"2020-06-25T10:45:53","slug":"club-dels-lletraferits-segell-de-bones-practiques","status":"publish","type":"post","link":"https:\/\/agora.xtec.cat\/iesreguissol\/general\/club-dels-lletraferits-segell-de-bones-practiques\/","title":{"rendered":"Club dels lletraferits. Segell de bones pr\u00e0ctiques"},"content":{"rendered":"<p>Estem molt contents de comunicar que s\u2019ha atorgat al CLUB DELS LLETRAFERITS un segell de bona pr\u00e0ctica de biblioteca escolar (l\u00ednia 3) i que aquesta experi\u00e8ncia s\u2019ha publicat a l\u2019espai NODES de Biblioteques Escolars de Catalunya (<a href=\"https:\/\/projectes.xtec.cat\/bescat\/portada\/el-club-dels-lletraferits\/\">link<\/a>).<\/p>\n<p>Aquest segell indica que aquesta experi\u00e8ncia compleix amb els objectius seg\u00fcents:<\/p>\n<ul>\n<li>Detectar bons models de funcionament de biblioteques de centres educatius de totes les etapes.<\/li>\n<li>Afavorir l\u2019intercanvi entre centres i la consolidaci\u00f3 d\u2019una xarxa de biblioteques escolars.<\/li>\n<li>Establir lligams entre el programa PUNTEDU i les biblioteques dels centres educatius.<\/li>\n<li>Fer visible el paper de la biblioteca com a centre de recursos per a l\u2019aprenentatge i l\u2019ensenyament, com a eix del pla de lectura de centre i com a motor d\u2019innovaci\u00f3 en el centre educatiu.<\/li>\n<\/ul>\n<p>Agra\u00efm molt aquest reconeixement a la bona feina de la nostra companya Anna M. Ribas i de tots els professors, alumnes i altres col\u00b7laboradors que han participat en aquesta iniciativa durant els darrers cursos.<\/p>\n<p>Enhorabona a tothom!<\/p>\n<p style=\"text-align: justify;\"><a href=\"https:\/\/agora.xtec.cat\/iesreguissol\/wp-content\/uploads\/usu1236\/2020\/06\/BESCAT.edu3_-2-e1593081201791.png\"><img loading=\"lazy\" decoding=\"async\" class=\"size-full wp-image-17748 aligncenter\" src=\"https:\/\/agora.xtec.cat\/iesreguissol\/wp-content\/uploads\/usu1236\/2020\/06\/BESCAT.edu3_-2-e1593081201791.png\" alt=\"\" width=\"300\" height=\"300\" \/><\/a><\/p>\n<p><a href=\"https:\/\/agora.xtec.cat\/iesreguissol\/wp-content\/uploads\/usu1236\/2020\/06\/BESCAT.edu3_.png\"><img loading=\"lazy\" decoding=\"async\" class=\" wp-image-17741 aligncenter\" src=\"https:\/\/agora.xtec.cat\/iesreguissol\/wp-content\/uploads\/usu1236\/2020\/06\/BESCAT.edu3_.png\" alt=\"\" width=\"421\" height=\"421\" \/><\/a><\/p>\n","protected":false},"excerpt":{"rendered":"<p>Estem molt contents de comunicar que s\u2019ha atorgat al CLUB DELS LLETRAFERITS un segell de bona pr\u00e0ctica de biblioteca escolar (l\u00ednia 3) i que aquesta experi\u00e8ncia s\u2019ha publicat a l\u2019espai NODES de Biblioteques Escolars de Catalunya (<a href=\"https:\/\/projectes.xtec.cat\/bescat\/portada\/el-club-dels-lletraferits\/\">link<\/a>).<br \/>\nAquest segell indica que aquesta experi\u00e8ncia compleix amb&hellip;  <a href=\"https:\/\/agora.xtec.cat\/iesreguissol\/general\/club-dels-lletraferits-segell-de-bones-practiques\/\" title=\"Read Club dels lletraferits. Segell de bones pr\u00e0ctiques\">Llegeix m\u00e9s\u00bb<\/a><\/p>\n","protected":false},"author":1,"featured_media":17751,"comment_status":"open","ping_status":"closed","sticky":false,"template":"","format":"standard","meta":{"_bbp_topic_count":0,"_bbp_reply_count":0,"_bbp_total_topic_count":0,"_bbp_total_reply_count":0,"_bbp_voice_count":0,"_bbp_anonymous_reply_count":0,"_bbp_topic_count_hidden":0,"_bbp_reply_count_hidden":0,"_bbp_forum_subforum_count":0,"footnotes":""},"categories":[76,87,1,29,86],"tags":[],"class_list":["post-17743","post","type-post","status-publish","format-standard","has-post-thumbnail","hentry","category-biblioteca","category-comunitat","category-general","category-portada","category-projectes-i-activitat"],"post_mailing_queue_ids":[],"_links":{"self":[{"href":"https:\/\/agora.xtec.cat\/iesreguissol\/wp-json\/wp\/v2\/posts\/17743","targetHints":{"allow":["GET"]}}],"collection":[{"href":"https:\/\/agora.xtec.cat\/iesreguissol\/wp-json\/wp\/v2\/posts"}],"about":[{"href":"https:\/\/agora.xtec.cat\/iesreguissol\/wp-json\/wp\/v2\/types\/post"}],"author":[{"embeddable":true,"href":"https:\/\/agora.xtec.cat\/iesreguissol\/wp-json\/wp\/v2\/users\/1"}],"replies":[{"embeddable":true,"href":"https:\/\/agora.xtec.cat\/iesreguissol\/wp-json\/wp\/v2\/comments?post=17743"}],"version-history":[{"count":4,"href":"https:\/\/agora.xtec.cat\/iesreguissol\/wp-json\/wp\/v2\/posts\/17743\/revisions"}],"predecessor-version":[{"id":17753,"href":"https:\/\/agora.xtec.cat\/iesreguissol\/wp-json\/wp\/v2\/posts\/17743\/revisions\/17753"}],"wp:featuredmedia":[{"embeddable":true,"href":"https:\/\/agora.xtec.cat\/iesreguissol\/wp-json\/wp\/v2\/media\/17751"}],"wp:attachment":[{"href":"https:\/\/agora.xtec.cat\/iesreguissol\/wp-json\/wp\/v2\/media?parent=17743"}],"wp:term":[{"taxonomy":"category","embeddable":true,"href":"https:\/\/agora.xtec.cat\/iesreguissol\/wp-json\/wp\/v2\/categories?post=17743"},{"taxonomy":"post_tag","embeddable":true,"href":"https:\/\/agora.xtec.cat\/iesreguissol\/wp-json\/wp\/v2\/tags?post=17743"}],"curies":[{"name":"wp","href":"https:\/\/api.w.org\/{rel}","templated":true}]}}