{"id":9275,"date":"2023-06-22T11:23:53","date_gmt":"2023-06-22T09:23:53","guid":{"rendered":"https:\/\/agora.xtec.cat\/iesrb4\/?p=9275"},"modified":"2023-06-22T11:24:48","modified_gmt":"2023-06-22T09:24:48","slug":"eso-estrambotic-surrealista-ostentos-1a-part","status":"publish","type":"post","link":"https:\/\/agora.xtec.cat\/iesrb4\/general\/eso-estrambotic-surrealista-ostentos-1a-part\/","title":{"rendered":"ESO. ESTRAMB\u00d2TIC. SURREALISTA. OSTENT\u00d3S. -1a part-"},"content":{"rendered":"<p><img loading=\"lazy\" decoding=\"async\" class=\"aligncenter wp-image-9276 size-medium\" src=\"https:\/\/agora.xtec.cat\/iesrb4\/wp-content\/uploads\/usu434\/2023\/06\/Escape-room-rb4-audio-212x300.jpg\" alt=\"\" width=\"212\" height=\"300\" srcset=\"https:\/\/agora.xtec.cat\/iesrb4\/wp-content\/uploads\/usu434\/2023\/06\/Escape-room-rb4-audio-212x300.jpg 212w, https:\/\/agora.xtec.cat\/iesrb4\/wp-content\/uploads\/usu434\/2023\/06\/Escape-room-rb4-audio-724x1024.jpg 724w, https:\/\/agora.xtec.cat\/iesrb4\/wp-content\/uploads\/usu434\/2023\/06\/Escape-room-rb4-audio-768x1087.jpg 768w, https:\/\/agora.xtec.cat\/iesrb4\/wp-content\/uploads\/usu434\/2023\/06\/Escape-room-rb4-audio-1085x1536.jpg 1085w, https:\/\/agora.xtec.cat\/iesrb4\/wp-content\/uploads\/usu434\/2023\/06\/Escape-room-rb4-audio.jpg 1240w\" sizes=\"auto, (max-width: 212px) 100vw, 212px\" \/><\/p>\n<p>Acabem el curs compartint un projecte que ens fa molta il\u00b7lusi\u00f3. Els i les alumnes de Creaci\u00f3 Liter\u00e0ria us conviden al teatre: presenten l&#8217;obra de radiof\u00f2nica ESO. Estramb\u00f2tic. Surrealista. Ostent\u00f3s, escrita, interpretada i editada per ells mateixos. Us deixem la primera part en aquest enlla\u00e7: <a href=\"https:\/\/go.ivoox.com\/sq\/2042068\">https:\/\/go.ivoox.com\/sq\/2042068<\/a> Esperem que us agradi!<\/p>\n<p>Cartell dissenyat per l&#8217;artista Nekane Melero (1r de batxillerat A)<\/p>\n","protected":false},"excerpt":{"rendered":"<p>Acabem el curs compartint un projecte que ens fa molta il\u00b7lusi\u00f3. Els i les alumnes de Creaci\u00f3 Liter\u00e0ria us conviden al teatre: presenten l&#8217;obra de radiof\u00f2nica ESO. Estramb\u00f2tic. Surrealista. Ostent\u00f3s, escrita, interpretada i editada per ells mateixos. Us deixem la primera part en aquest enlla\u00e7:&hellip;  <a href=\"https:\/\/agora.xtec.cat\/iesrb4\/general\/eso-estrambotic-surrealista-ostentos-1a-part\/\" title=\"Read ESO. ESTRAMB\u00d2TIC. SURREALISTA. OSTENT\u00d3S. -1a part-\">Llegeix m\u00e9s\u00bb<\/a><\/p>\n","protected":false},"author":18,"featured_media":0,"comment_status":"open","ping_status":"closed","sticky":false,"template":"","format":"standard","meta":{"_bbp_topic_count":0,"_bbp_reply_count":0,"_bbp_total_topic_count":0,"_bbp_total_reply_count":0,"_bbp_voice_count":0,"_bbp_anonymous_reply_count":0,"_bbp_topic_count_hidden":0,"_bbp_reply_count_hidden":0,"_bbp_forum_subforum_count":0,"footnotes":""},"categories":[8,1,29],"tags":[197,196],"class_list":["post-9275","post","type-post","status-publish","format-standard","hentry","category-batxillerat","category-general","category-portada","tag-creacio-literaria","tag-obra-radiofonica"],"post_mailing_queue_ids":[],"_links":{"self":[{"href":"https:\/\/agora.xtec.cat\/iesrb4\/wp-json\/wp\/v2\/posts\/9275","targetHints":{"allow":["GET"]}}],"collection":[{"href":"https:\/\/agora.xtec.cat\/iesrb4\/wp-json\/wp\/v2\/posts"}],"about":[{"href":"https:\/\/agora.xtec.cat\/iesrb4\/wp-json\/wp\/v2\/types\/post"}],"author":[{"embeddable":true,"href":"https:\/\/agora.xtec.cat\/iesrb4\/wp-json\/wp\/v2\/users\/18"}],"replies":[{"embeddable":true,"href":"https:\/\/agora.xtec.cat\/iesrb4\/wp-json\/wp\/v2\/comments?post=9275"}],"version-history":[{"count":3,"href":"https:\/\/agora.xtec.cat\/iesrb4\/wp-json\/wp\/v2\/posts\/9275\/revisions"}],"predecessor-version":[{"id":9279,"href":"https:\/\/agora.xtec.cat\/iesrb4\/wp-json\/wp\/v2\/posts\/9275\/revisions\/9279"}],"wp:attachment":[{"href":"https:\/\/agora.xtec.cat\/iesrb4\/wp-json\/wp\/v2\/media?parent=9275"}],"wp:term":[{"taxonomy":"category","embeddable":true,"href":"https:\/\/agora.xtec.cat\/iesrb4\/wp-json\/wp\/v2\/categories?post=9275"},{"taxonomy":"post_tag","embeddable":true,"href":"https:\/\/agora.xtec.cat\/iesrb4\/wp-json\/wp\/v2\/tags?post=9275"}],"curies":[{"name":"wp","href":"https:\/\/api.w.org\/{rel}","templated":true}]}}