{"id":9112,"date":"2023-04-10T18:49:39","date_gmt":"2023-04-10T16:49:39","guid":{"rendered":"https:\/\/agora.xtec.cat\/iesrb4\/?p=9112"},"modified":"2023-05-11T18:54:30","modified_gmt":"2023-05-11T16:54:30","slug":"viatgem-a-andorra-amb-2n-de-batxillerat","status":"publish","type":"post","link":"https:\/\/agora.xtec.cat\/iesrb4\/general\/viatgem-a-andorra-amb-2n-de-batxillerat\/","title":{"rendered":"Viatgem a Andorra amb 2n de batxillerat"},"content":{"rendered":"<p><a href=\"https:\/\/agora.xtec.cat\/iesrb4\/wp-content\/uploads\/usu434\/2023\/05\/Foto_Andorra_2-scaled.jpg\"><img loading=\"lazy\" decoding=\"async\" class=\"aligncenter wp-image-9113 size-medium\" src=\"https:\/\/agora.xtec.cat\/iesrb4\/wp-content\/uploads\/usu434\/2023\/05\/Foto_Andorra_2-300x225.jpg\" alt=\"\" width=\"300\" height=\"225\" srcset=\"https:\/\/agora.xtec.cat\/iesrb4\/wp-content\/uploads\/usu434\/2023\/05\/Foto_Andorra_2-300x225.jpg 300w, https:\/\/agora.xtec.cat\/iesrb4\/wp-content\/uploads\/usu434\/2023\/05\/Foto_Andorra_2-1024x768.jpg 1024w, https:\/\/agora.xtec.cat\/iesrb4\/wp-content\/uploads\/usu434\/2023\/05\/Foto_Andorra_2-768x576.jpg 768w, https:\/\/agora.xtec.cat\/iesrb4\/wp-content\/uploads\/usu434\/2023\/05\/Foto_Andorra_2-1536x1152.jpg 1536w, https:\/\/agora.xtec.cat\/iesrb4\/wp-content\/uploads\/usu434\/2023\/05\/Foto_Andorra_2-2048x1537.jpg 2048w, https:\/\/agora.xtec.cat\/iesrb4\/wp-content\/uploads\/usu434\/2023\/05\/Foto_Andorra_2-200x150.jpg 200w\" sizes=\"auto, (max-width: 300px) 100vw, 300px\" \/><\/a><\/p>\n<p>Els passats dies 29 i 30 de mar\u00e7 els alumnes de 2n batxillerat vam visitar Andorra acompanyats dels tutors.<\/p>\n<p>Est\u00e0vem impacients i entusiasmats per fer el nostre \u00faltim viatge amb els companys i els professors. L&#8217;autocar ens va recollir a l&#8217;institut a les 11.30 aproximadament. Una vegada dins, ens vam relaxar una mica i va comen\u00e7ar l&#8217;aventura. Ens vam aturar per dinar al voltant de les 13.30 h i vam continuar el viatge. Vam arribar a Andorra a les 16.00 h i ens vam preparar a l&#8217;hotel per despr\u00e9s anar a Caldea. El circuit exterior de Caldea \u00e9s fabul\u00f3s, no me&#8217;l puc imaginar de nit i nevant, com de bonic que pot arribar a ser, tota una experi\u00e8ncia! A la tornada vam sopar r\u00e0pid i ens vam preparar per sortir de festa a una discoteca. Hi havia una sala amb una diana i ens vam divertir molt\u00edssim!<\/p>\n<p>Al segon dia, van obrir la cuina a les 8:45 h i tothom va baixar a agafar energia per al dia que ens esperava. Vam anar fins al centre d\u2019Andorra, i vam aprofitar per passejar, fer algunes compres &#8230; En el viatge de tornada, una noia de batxillerat A va fer un discurs molt bonic, agraint als professors i als alumnes aquest meravell\u00f3s viatge de final de curs. Va ser un viatge inoblidable!<\/p>\n<p>Cronistes: Gisela P\u00e9rez i Emma S\u00e1nchez, alumnes de 2n de batxillerat B<\/p>\n","protected":false},"excerpt":{"rendered":"<p><a href=\"https:\/\/agora.xtec.cat\/iesrb4\/wp-content\/uploads\/usu434\/2023\/05\/Foto_Andorra_2-scaled.jpg\"><\/a><br \/>\nEls passats dies 29 i 30 de mar\u00e7 els alumnes de 2n batxillerat vam visitar Andorra acompanyats dels tutors.<br \/>\nEst\u00e0vem impacients i entusiasmats per fer el nostre \u00faltim viatge amb els companys i els professors. L&#8217;autocar ens va recollir a l&#8217;institut a les 11.30 aproximadament.&hellip;  <a href=\"https:\/\/agora.xtec.cat\/iesrb4\/general\/viatgem-a-andorra-amb-2n-de-batxillerat\/\" title=\"Read Viatgem a Andorra amb 2n de batxillerat\">Llegeix m\u00e9s\u00bb<\/a><\/p>\n","protected":false},"author":18,"featured_media":9113,"comment_status":"open","ping_status":"closed","sticky":false,"template":"","format":"standard","meta":{"_bbp_topic_count":0,"_bbp_reply_count":0,"_bbp_total_topic_count":0,"_bbp_total_reply_count":0,"_bbp_voice_count":0,"_bbp_anonymous_reply_count":0,"_bbp_topic_count_hidden":0,"_bbp_reply_count_hidden":0,"_bbp_forum_subforum_count":0,"footnotes":""},"categories":[8,1,29],"tags":[179,153],"class_list":["post-9112","post","type-post","status-publish","format-standard","has-post-thumbnail","hentry","category-batxillerat","category-general","category-portada","tag-andorra","tag-sortida"],"post_mailing_queue_ids":[],"_links":{"self":[{"href":"https:\/\/agora.xtec.cat\/iesrb4\/wp-json\/wp\/v2\/posts\/9112","targetHints":{"allow":["GET"]}}],"collection":[{"href":"https:\/\/agora.xtec.cat\/iesrb4\/wp-json\/wp\/v2\/posts"}],"about":[{"href":"https:\/\/agora.xtec.cat\/iesrb4\/wp-json\/wp\/v2\/types\/post"}],"author":[{"embeddable":true,"href":"https:\/\/agora.xtec.cat\/iesrb4\/wp-json\/wp\/v2\/users\/18"}],"replies":[{"embeddable":true,"href":"https:\/\/agora.xtec.cat\/iesrb4\/wp-json\/wp\/v2\/comments?post=9112"}],"version-history":[{"count":1,"href":"https:\/\/agora.xtec.cat\/iesrb4\/wp-json\/wp\/v2\/posts\/9112\/revisions"}],"predecessor-version":[{"id":9114,"href":"https:\/\/agora.xtec.cat\/iesrb4\/wp-json\/wp\/v2\/posts\/9112\/revisions\/9114"}],"wp:featuredmedia":[{"embeddable":true,"href":"https:\/\/agora.xtec.cat\/iesrb4\/wp-json\/wp\/v2\/media\/9113"}],"wp:attachment":[{"href":"https:\/\/agora.xtec.cat\/iesrb4\/wp-json\/wp\/v2\/media?parent=9112"}],"wp:term":[{"taxonomy":"category","embeddable":true,"href":"https:\/\/agora.xtec.cat\/iesrb4\/wp-json\/wp\/v2\/categories?post=9112"},{"taxonomy":"post_tag","embeddable":true,"href":"https:\/\/agora.xtec.cat\/iesrb4\/wp-json\/wp\/v2\/tags?post=9112"}],"curies":[{"name":"wp","href":"https:\/\/api.w.org\/{rel}","templated":true}]}}