{"id":9037,"date":"2023-04-11T13:36:47","date_gmt":"2023-04-11T11:36:47","guid":{"rendered":"https:\/\/agora.xtec.cat\/iesrb4\/?p=9037"},"modified":"2023-04-12T17:10:24","modified_gmt":"2023-04-12T15:10:24","slug":"els-alumnes-de-cicles-valoren-molt-positivament-lexperiencia-erasmus-a-budapest","status":"publish","type":"post","link":"https:\/\/agora.xtec.cat\/iesrb4\/general\/els-alumnes-de-cicles-valoren-molt-positivament-lexperiencia-erasmus-a-budapest\/","title":{"rendered":"Els alumnes de cicles valoren molt positivament l\u2019experi\u00e8ncia Erasmus a Budapest"},"content":{"rendered":"<p><b><i>12 alumnes dels cicles d\u2019Activitats Comercials i Jardineria i floristeria van gaudir d\u2019una immersi\u00f3 cultural i professional molt enriquidora.<\/i><\/b><\/p>\n<p>&nbsp;<\/p>\n<p><span style=\"font-weight: 400\">Els alumnes dels cicles formatius de l\u2019Institut Ramon Berenguer IV que van viatjar a Budapest amb el programa Erasmus van valorar molt positivament els aprenentatges assolits en les estades en les empreses i\u00a0 l\u2019experi\u00e8ncia viscuda en un entorn cultural diferent a l\u2019habitual. El passat 12 de mar\u00e7, dotze alumnes dels m\u00f2duls d\u2019Activitats Comercials i Jardineria i Floristeria van despla\u00e7ar-se a la capital hongaresa per a realitzar, durant dues setmanes, pr\u00e0ctiques en empreses locals i gaudir d\u2019experi\u00e8ncies culturals \u00faniques gr\u00e0cies al programa Erasmus+ de la Uni\u00f3 Europea.\u00a0<\/span><\/p>\n<p><a href=\"https:\/\/agora.xtec.cat\/iesrb4\/wp-content\/uploads\/usu434\/2023\/04\/IMG-20230315-WA0028.jpg\"><img loading=\"lazy\" decoding=\"async\" class=\"alignnone wp-image-9038\" src=\"https:\/\/agora.xtec.cat\/iesrb4\/wp-content\/uploads\/usu434\/2023\/04\/IMG-20230315-WA0028.jpg\" alt=\"\" width=\"651\" height=\"488\" srcset=\"https:\/\/agora.xtec.cat\/iesrb4\/wp-content\/uploads\/usu434\/2023\/04\/IMG-20230315-WA0028.jpg 1024w, https:\/\/agora.xtec.cat\/iesrb4\/wp-content\/uploads\/usu434\/2023\/04\/IMG-20230315-WA0028-300x225.jpg 300w, https:\/\/agora.xtec.cat\/iesrb4\/wp-content\/uploads\/usu434\/2023\/04\/IMG-20230315-WA0028-768x576.jpg 768w, https:\/\/agora.xtec.cat\/iesrb4\/wp-content\/uploads\/usu434\/2023\/04\/IMG-20230315-WA0028-200x150.jpg 200w\" sizes=\"auto, (max-width: 651px) 100vw, 651px\" \/><\/a><\/p>\n<p><span style=\"font-weight: 400\">Els alumnes, que van ser dividits en parelles en diferents empreses segons les seves habilitats professionals, van poder experimentar el qu\u00e8 significa treballar en un entorn nou i diferent a l\u2019habitual. Per una banda, els estudiants d&#8217;Activitats Comercials van realitzar estades en empreses tan diverses com cadenes de roba, supermercats i distribu\u00efdors majoristes; i per altra banda, els estudiants de Jardineria i Floristeria van treballar en botigues de floristeria, <\/span><i><span style=\"font-weight: 400\">gardens<\/span><\/i><span style=\"font-weight: 400\"> i empreses de jardineria. A m\u00e9s d\u2019aprendre i con\u00e8ixer noves formes de fer i treballar, van poder desenvolupar-se i millorar el seu nivell d\u2019angl\u00e8s, tant en el seu lloc de treball com a fora.<\/span><\/p>\n<p>&nbsp;<\/p>\n<p><span style=\"font-weight: 400\">Aix\u00ed tamb\u00e9, l\u2019experi\u00e8ncia Erasmus+ oferida per l\u2019Institut Ramon Berenguer IV va permetre als estudiants de cicles visitar llocs tan emblem\u00e0tics de Budapest com el Parlament, el Castell de Buda, la Sinagoga, la pla\u00e7a dels Herois, el Basti\u00f3 dels Pescadors i la illa Margarita, entre altres, mentre gaudien de passejades a la vora del riu Danubi. A m\u00e9s, els alumnes van poder experimentar una de les activitats locals m\u00e9s conegudes, els banys termals. All\u00e0 van poder desconectar de les seves obligacions di\u00e0ries i disfrutar d\u2019un dels millors moments de la seva est\u00e0ncia a Hongria.<\/span><\/p>\n<p>&nbsp;<\/p>\n<p><a href=\"https:\/\/agora.xtec.cat\/iesrb4\/wp-content\/uploads\/usu434\/2023\/04\/Parlament.jpeg\"><img loading=\"lazy\" decoding=\"async\" class=\"alignnone wp-image-9039\" src=\"https:\/\/agora.xtec.cat\/iesrb4\/wp-content\/uploads\/usu434\/2023\/04\/Parlament-1024x768.jpeg\" alt=\"\" width=\"657\" height=\"493\" srcset=\"https:\/\/agora.xtec.cat\/iesrb4\/wp-content\/uploads\/usu434\/2023\/04\/Parlament-1024x768.jpeg 1024w, https:\/\/agora.xtec.cat\/iesrb4\/wp-content\/uploads\/usu434\/2023\/04\/Parlament-300x225.jpeg 300w, https:\/\/agora.xtec.cat\/iesrb4\/wp-content\/uploads\/usu434\/2023\/04\/Parlament-768x576.jpeg 768w, https:\/\/agora.xtec.cat\/iesrb4\/wp-content\/uploads\/usu434\/2023\/04\/Parlament-1536x1152.jpeg 1536w, https:\/\/agora.xtec.cat\/iesrb4\/wp-content\/uploads\/usu434\/2023\/04\/Parlament-200x150.jpeg 200w, https:\/\/agora.xtec.cat\/iesrb4\/wp-content\/uploads\/usu434\/2023\/04\/Parlament.jpeg 2048w\" sizes=\"auto, (max-width: 657px) 100vw, 657px\" \/><\/a><\/p>\n<p>&nbsp;<\/p>\n<p><a href=\"https:\/\/agora.xtec.cat\/iesrb4\/wp-content\/uploads\/usu434\/2023\/04\/Flowershop.jpeg\"><img loading=\"lazy\" decoding=\"async\" class=\"wp-image-9040 alignleft\" src=\"https:\/\/agora.xtec.cat\/iesrb4\/wp-content\/uploads\/usu434\/2023\/04\/Flowershop-1024x1024.jpeg\" alt=\"\" width=\"342\" height=\"342\" srcset=\"https:\/\/agora.xtec.cat\/iesrb4\/wp-content\/uploads\/usu434\/2023\/04\/Flowershop-1024x1024.jpeg 1024w, https:\/\/agora.xtec.cat\/iesrb4\/wp-content\/uploads\/usu434\/2023\/04\/Flowershop-300x300.jpeg 300w, https:\/\/agora.xtec.cat\/iesrb4\/wp-content\/uploads\/usu434\/2023\/04\/Flowershop-150x150.jpeg 150w, https:\/\/agora.xtec.cat\/iesrb4\/wp-content\/uploads\/usu434\/2023\/04\/Flowershop-768x768.jpeg 768w, https:\/\/agora.xtec.cat\/iesrb4\/wp-content\/uploads\/usu434\/2023\/04\/Flowershop.jpeg 1440w\" sizes=\"auto, (max-width: 342px) 100vw, 342px\" \/><\/a> <a href=\"https:\/\/agora.xtec.cat\/iesrb4\/wp-content\/uploads\/usu434\/2023\/04\/Sixi-2000.jpeg\"><img loading=\"lazy\" decoding=\"async\" class=\"alignnone wp-image-9042\" src=\"https:\/\/agora.xtec.cat\/iesrb4\/wp-content\/uploads\/usu434\/2023\/04\/Sixi-2000-1024x1024.jpeg\" alt=\"\" width=\"362\" height=\"362\" srcset=\"https:\/\/agora.xtec.cat\/iesrb4\/wp-content\/uploads\/usu434\/2023\/04\/Sixi-2000-1024x1024.jpeg 1024w, https:\/\/agora.xtec.cat\/iesrb4\/wp-content\/uploads\/usu434\/2023\/04\/Sixi-2000-300x300.jpeg 300w, https:\/\/agora.xtec.cat\/iesrb4\/wp-content\/uploads\/usu434\/2023\/04\/Sixi-2000-150x150.jpeg 150w, https:\/\/agora.xtec.cat\/iesrb4\/wp-content\/uploads\/usu434\/2023\/04\/Sixi-2000-768x768.jpeg 768w, https:\/\/agora.xtec.cat\/iesrb4\/wp-content\/uploads\/usu434\/2023\/04\/Sixi-2000.jpeg 1440w\" sizes=\"auto, (max-width: 362px) 100vw, 362px\" \/><\/a>\u00a0 \u00a0 \u00a0 <a href=\"https:\/\/agora.xtec.cat\/iesrb4\/wp-content\/uploads\/usu434\/2023\/04\/Prima.jpeg\"><img loading=\"lazy\" decoding=\"async\" class=\"wp-image-9043 alignleft\" src=\"https:\/\/agora.xtec.cat\/iesrb4\/wp-content\/uploads\/usu434\/2023\/04\/Prima-1024x1024.jpeg\" alt=\"\" width=\"350\" height=\"350\" srcset=\"https:\/\/agora.xtec.cat\/iesrb4\/wp-content\/uploads\/usu434\/2023\/04\/Prima-1024x1024.jpeg 1024w, https:\/\/agora.xtec.cat\/iesrb4\/wp-content\/uploads\/usu434\/2023\/04\/Prima-300x300.jpeg 300w, https:\/\/agora.xtec.cat\/iesrb4\/wp-content\/uploads\/usu434\/2023\/04\/Prima-150x150.jpeg 150w, https:\/\/agora.xtec.cat\/iesrb4\/wp-content\/uploads\/usu434\/2023\/04\/Prima-768x768.jpeg 768w, https:\/\/agora.xtec.cat\/iesrb4\/wp-content\/uploads\/usu434\/2023\/04\/Prima.jpeg 1440w\" sizes=\"auto, (max-width: 350px) 100vw, 350px\" \/><\/a><a href=\"https:\/\/agora.xtec.cat\/iesrb4\/wp-content\/uploads\/usu434\/2023\/04\/Oazis.jpeg\"><img loading=\"lazy\" decoding=\"async\" class=\"alignnone  wp-image-9046\" src=\"https:\/\/agora.xtec.cat\/iesrb4\/wp-content\/uploads\/usu434\/2023\/04\/Oazis-1024x1024.jpeg\" alt=\"\" width=\"353\" height=\"353\" srcset=\"https:\/\/agora.xtec.cat\/iesrb4\/wp-content\/uploads\/usu434\/2023\/04\/Oazis-1024x1024.jpeg 1024w, https:\/\/agora.xtec.cat\/iesrb4\/wp-content\/uploads\/usu434\/2023\/04\/Oazis-300x300.jpeg 300w, https:\/\/agora.xtec.cat\/iesrb4\/wp-content\/uploads\/usu434\/2023\/04\/Oazis-150x150.jpeg 150w, https:\/\/agora.xtec.cat\/iesrb4\/wp-content\/uploads\/usu434\/2023\/04\/Oazis-768x768.jpeg 768w, https:\/\/agora.xtec.cat\/iesrb4\/wp-content\/uploads\/usu434\/2023\/04\/Oazis.jpeg 1440w\" sizes=\"auto, (max-width: 353px) 100vw, 353px\" \/><\/a><a href=\"https:\/\/agora.xtec.cat\/iesrb4\/wp-content\/uploads\/usu434\/2023\/04\/CA.jpeg\"><img loading=\"lazy\" decoding=\"async\" class=\"wp-image-9041 aligncenter\" src=\"https:\/\/agora.xtec.cat\/iesrb4\/wp-content\/uploads\/usu434\/2023\/04\/CA-1024x1024.jpeg\" alt=\"\" width=\"352\" height=\"352\" srcset=\"https:\/\/agora.xtec.cat\/iesrb4\/wp-content\/uploads\/usu434\/2023\/04\/CA-1024x1024.jpeg 1024w, https:\/\/agora.xtec.cat\/iesrb4\/wp-content\/uploads\/usu434\/2023\/04\/CA-300x300.jpeg 300w, https:\/\/agora.xtec.cat\/iesrb4\/wp-content\/uploads\/usu434\/2023\/04\/CA-150x150.jpeg 150w, https:\/\/agora.xtec.cat\/iesrb4\/wp-content\/uploads\/usu434\/2023\/04\/CA-768x768.jpeg 768w, https:\/\/agora.xtec.cat\/iesrb4\/wp-content\/uploads\/usu434\/2023\/04\/CA.jpeg 1440w\" sizes=\"auto, (max-width: 352px) 100vw, 352px\" \/><\/a><\/p>\n","protected":false},"excerpt":{"rendered":"<p>12 alumnes dels cicles d\u2019Activitats Comercials i Jardineria i floristeria van gaudir d\u2019una immersi\u00f3 cultural i professional molt enriquidora.<br \/>\n&nbsp;<br \/>\nEls alumnes dels cicles formatius de l\u2019Institut Ramon Berenguer IV que van viatjar a Budapest amb el programa Erasmus van valorar molt positivament els aprenentatges assolits en&hellip;  <a href=\"https:\/\/agora.xtec.cat\/iesrb4\/general\/els-alumnes-de-cicles-valoren-molt-positivament-lexperiencia-erasmus-a-budapest\/\" title=\"Read Els alumnes de cicles valoren molt positivament l\u2019experi\u00e8ncia Erasmus a Budapest\">Llegeix m\u00e9s\u00bb<\/a><\/p>\n","protected":false},"author":17,"featured_media":9038,"comment_status":"open","ping_status":"closed","sticky":false,"template":"","format":"standard","meta":{"_bbp_topic_count":0,"_bbp_reply_count":0,"_bbp_total_topic_count":0,"_bbp_total_reply_count":0,"_bbp_voice_count":0,"_bbp_anonymous_reply_count":0,"_bbp_topic_count_hidden":0,"_bbp_reply_count_hidden":0,"_bbp_forum_subforum_count":0,"footnotes":""},"categories":[109,108,30,136,1,29,137],"tags":[],"class_list":["post-9037","post","type-post","status-publish","format-standard","has-post-thumbnail","hentry","category-cicle-dactivitats-comercials","category-cicle-de-jardineria-i-floristeria","category-cicles-formatius","category-erasmus","category-general","category-portada","category-erasmusfp"],"post_mailing_queue_ids":[],"_links":{"self":[{"href":"https:\/\/agora.xtec.cat\/iesrb4\/wp-json\/wp\/v2\/posts\/9037","targetHints":{"allow":["GET"]}}],"collection":[{"href":"https:\/\/agora.xtec.cat\/iesrb4\/wp-json\/wp\/v2\/posts"}],"about":[{"href":"https:\/\/agora.xtec.cat\/iesrb4\/wp-json\/wp\/v2\/types\/post"}],"author":[{"embeddable":true,"href":"https:\/\/agora.xtec.cat\/iesrb4\/wp-json\/wp\/v2\/users\/17"}],"replies":[{"embeddable":true,"href":"https:\/\/agora.xtec.cat\/iesrb4\/wp-json\/wp\/v2\/comments?post=9037"}],"version-history":[{"count":3,"href":"https:\/\/agora.xtec.cat\/iesrb4\/wp-json\/wp\/v2\/posts\/9037\/revisions"}],"predecessor-version":[{"id":9047,"href":"https:\/\/agora.xtec.cat\/iesrb4\/wp-json\/wp\/v2\/posts\/9037\/revisions\/9047"}],"wp:featuredmedia":[{"embeddable":true,"href":"https:\/\/agora.xtec.cat\/iesrb4\/wp-json\/wp\/v2\/media\/9038"}],"wp:attachment":[{"href":"https:\/\/agora.xtec.cat\/iesrb4\/wp-json\/wp\/v2\/media?parent=9037"}],"wp:term":[{"taxonomy":"category","embeddable":true,"href":"https:\/\/agora.xtec.cat\/iesrb4\/wp-json\/wp\/v2\/categories?post=9037"},{"taxonomy":"post_tag","embeddable":true,"href":"https:\/\/agora.xtec.cat\/iesrb4\/wp-json\/wp\/v2\/tags?post=9037"}],"curies":[{"name":"wp","href":"https:\/\/api.w.org\/{rel}","templated":true}]}}