{"id":8925,"date":"2023-03-23T13:49:05","date_gmt":"2023-03-23T12:49:05","guid":{"rendered":"https:\/\/agora.xtec.cat\/iesrb4\/?p=8925"},"modified":"2023-03-23T13:50:44","modified_gmt":"2023-03-23T12:50:44","slug":"debat-al-paraninf-de-la-universitat-de-barcelona","status":"publish","type":"post","link":"https:\/\/agora.xtec.cat\/iesrb4\/general\/debat-al-paraninf-de-la-universitat-de-barcelona\/","title":{"rendered":"Debat al paraninf de la Universitat de Barcelona"},"content":{"rendered":"<p style=\"text-align: center;\">\r\n\t<div class=\"slideshow_container slideshow_container_style-light\" style=\"height: 300px; \" data-slideshow-id=\"8933\" data-style-name=\"style-light\" data-style-version=\"2.3.1\" >\r\n\r\n\t\t\t\t\t<div class=\"slideshow_loading_icon\"><\/div>\r\n\t\t\r\n\t\t<div class=\"slideshow_content\" style=\"display: none;\">\r\n\r\n\t\t\t<div class=\"slideshow_view\">\r\n\t\t\t\t<div class=\"slideshow_slide slideshow_slide_image\">\r\n\t\t\t\t\t\t\t\t\t\t\t<img src=\"https:\/\/agora.xtec.cat\/iesrb4\/wp-content\/uploads\/usu434\/2023\/03\/PHOT-Debat-al-paraninfo-de-la-UB-23-febrer-2023-07-scaled.jpg\" alt=\"PHOT Debat al paraninfo de la UB (23 febrer 2023), 07\" width=\"2560\" height=\"1488\" \/>\r\n\t\t\t\t\t\t\t\t\t\t<div class=\"slideshow_description_box slideshow_transparent\">\r\n\t\t\t\t\t\t<div class=\"slideshow_title\">PHOT Debat al paraninfo de la UB (23 febrer 2023), 07<\/div>\t\t\t\t\t\t\t\t\t\t\t<\/div>\r\n\t\t\t\t<\/div>\r\n\r\n\t\t\t\t\t\t<div style=\"clear: both;\"><\/div><\/div><div class=\"slideshow_view\">\r\n\t\t\t\t<div class=\"slideshow_slide slideshow_slide_image\">\r\n\t\t\t\t\t\t\t\t\t\t\t<img src=\"https:\/\/agora.xtec.cat\/iesrb4\/wp-content\/uploads\/usu434\/2023\/03\/PHOT-Debat-al-paraninfo-de-la-UB-23-febrer-2023-02-scaled.jpg\" alt=\"PHOT Debat al paraninfo de la UB (23 febrer 2023), 02\" width=\"2560\" height=\"1769\" \/>\r\n\t\t\t\t\t\t\t\t\t\t<div class=\"slideshow_description_box slideshow_transparent\">\r\n\t\t\t\t\t\t<div class=\"slideshow_title\">PHOT Debat al paraninfo de la UB (23 febrer 2023), 02<\/div>\t\t\t\t\t\t\t\t\t\t\t<\/div>\r\n\t\t\t\t<\/div>\r\n\r\n\t\t\t\t\t\t<div style=\"clear: both;\"><\/div><\/div><div class=\"slideshow_view\">\r\n\t\t\t\t<div class=\"slideshow_slide slideshow_slide_image\">\r\n\t\t\t\t\t\t\t\t\t\t\t<img src=\"https:\/\/agora.xtec.cat\/iesrb4\/wp-content\/uploads\/usu434\/2023\/03\/PHOT-Debat-al-paraninfo-de-la-UB-23-febrer-2023-01-scaled.jpg\" alt=\"PHOT Debat al paraninfo de la UB (23 febrer 2023), 01\" width=\"2560\" height=\"1440\" \/>\r\n\t\t\t\t\t\t\t\t\t\t<div class=\"slideshow_description_box slideshow_transparent\">\r\n\t\t\t\t\t\t<div class=\"slideshow_title\">PHOT Debat al paraninfo de la UB (23 febrer 2023), 01<\/div>\t\t\t\t\t\t\t\t\t\t\t<\/div>\r\n\t\t\t\t<\/div>\r\n\r\n\t\t\t\t\t\t<div style=\"clear: both;\"><\/div><\/div><div class=\"slideshow_view\">\r\n\t\t\t\t<div class=\"slideshow_slide slideshow_slide_image\">\r\n\t\t\t\t\t\t\t\t\t\t\t<img src=\"https:\/\/agora.xtec.cat\/iesrb4\/wp-content\/uploads\/usu434\/2023\/03\/20230222_180605-scaled.jpg\" alt=\"20230222_180605\" width=\"2560\" height=\"1920\" \/>\r\n\t\t\t\t\t\t\t\t\t\t<div class=\"slideshow_description_box slideshow_transparent\">\r\n\t\t\t\t\t\t<div class=\"slideshow_title\">20230222_180605<\/div>\t\t\t\t\t\t\t\t\t\t\t<\/div>\r\n\t\t\t\t<\/div>\r\n\r\n\t\t\t\t\t\t<div style=\"clear: both;\"><\/div><\/div><div class=\"slideshow_view\">\r\n\t\t\t\t<div class=\"slideshow_slide slideshow_slide_image\">\r\n\t\t\t\t\t\t\t\t\t\t\t<img src=\"https:\/\/agora.xtec.cat\/iesrb4\/wp-content\/uploads\/usu434\/2023\/03\/20230222_175441-scaled.jpg\" alt=\"20230222_175441\" width=\"2560\" height=\"1920\" \/>\r\n\t\t\t\t\t\t\t\t\t\t<div class=\"slideshow_description_box slideshow_transparent\">\r\n\t\t\t\t\t\t<div class=\"slideshow_title\">20230222_175441<\/div>\t\t\t\t\t\t\t\t\t\t\t<\/div>\r\n\t\t\t\t<\/div>\r\n\r\n\t\t\t\t\t\t<div style=\"clear: both;\"><\/div><\/div><div class=\"slideshow_view\">\r\n\t\t\t\t<div class=\"slideshow_slide slideshow_slide_image\">\r\n\t\t\t\t\t\t\t\t\t\t\t<img src=\"https:\/\/agora.xtec.cat\/iesrb4\/wp-content\/uploads\/usu434\/2023\/03\/20230222_174448-scaled.jpg\" alt=\"20230222_174448\" width=\"2560\" height=\"1920\" \/>\r\n\t\t\t\t\t\t\t\t\t\t<div class=\"slideshow_description_box slideshow_transparent\">\r\n\t\t\t\t\t\t<div class=\"slideshow_title\">20230222_174448<\/div>\t\t\t\t\t\t\t\t\t\t\t<\/div>\r\n\t\t\t\t<\/div>\r\n\r\n\t\t\t\t\t\t<div style=\"clear: both;\"><\/div><\/div><div class=\"slideshow_view\">\r\n\t\t\t\t<div class=\"slideshow_slide slideshow_slide_image\">\r\n\t\t\t\t\t\t\t\t\t\t\t<img src=\"https:\/\/agora.xtec.cat\/iesrb4\/wp-content\/uploads\/usu434\/2023\/03\/20230222_173551-scaled.jpg\" alt=\"20230222_173551\" width=\"2560\" height=\"1920\" \/>\r\n\t\t\t\t\t\t\t\t\t\t<div class=\"slideshow_description_box slideshow_transparent\">\r\n\t\t\t\t\t\t<div class=\"slideshow_title\">20230222_173551<\/div>\t\t\t\t\t\t\t\t\t\t\t<\/div>\r\n\t\t\t\t<\/div>\r\n\r\n\t\t\t\t\t\t<div style=\"clear: both;\"><\/div><\/div><div class=\"slideshow_view\">\r\n\t\t\t\t<div class=\"slideshow_slide slideshow_slide_image\">\r\n\t\t\t\t\t\t\t\t\t\t\t<img src=\"https:\/\/agora.xtec.cat\/iesrb4\/wp-content\/uploads\/usu434\/2023\/03\/20230222_172730-scaled.jpg\" alt=\"20230222_172730\" width=\"2560\" height=\"1920\" \/>\r\n\t\t\t\t\t\t\t\t\t\t<div class=\"slideshow_description_box slideshow_transparent\">\r\n\t\t\t\t\t\t<div class=\"slideshow_title\">20230222_172730<\/div>\t\t\t\t\t\t\t\t\t\t\t<\/div>\r\n\t\t\t\t<\/div>\r\n\r\n\t\t\t\t\t\t<div style=\"clear: both;\"><\/div><\/div>\r\n\t\t<\/div>\r\n\r\n\t\t<div class=\"slideshow_controlPanel slideshow_transparent\" style=\"display: none;\"><ul><li class=\"slideshow_togglePlay\" data-play-text=\"Visualitza\" data-pause-text=\"Pausa\"><\/li><\/ul><\/div>\r\n\r\n\t\t<div class=\"slideshow_button slideshow_previous slideshow_transparent\" role=\"button\" data-previous-text=\"Anterior\" style=\"display: none;\"><\/div>\r\n\t\t<div class=\"slideshow_button slideshow_next slideshow_transparent\" role=\"button\" data-next-text=\"Seg\u00fcent\" style=\"display: none;\"><\/div>\r\n\r\n\t\t<div class=\"slideshow_pagination\" style=\"display: none;\" data-go-to-text=\"V\u00e9s a la diapositiva\"><div class=\"slideshow_pagination_center\"><\/div><\/div>\r\n\r\n\t\t<!-- WordPress Slideshow Version 2.3.1 -->\r\n\r\n\t\t\t<\/div>\r\n\r\n<\/p>\n<p style=\"text-align: center;\"><strong>LLIGA DE DEBATS: CR\u00d2NICA D\u2019UNA EXPERI\u00c8NCIA INIGUALABLE<\/strong><\/p>\n<p>Els passats 21 i 22 de febrer un grup d\u2019estudiants de segon de batxillerat va participar en la Lliga de Debats que organitza la Universitat de Barcelona. Aquest any els alumnes havien de preparar-se el debat entorn de la regulaci\u00f3 o no de les xarxes socials per combatre la desinformaci\u00f3.<\/p>\n<p>S\u2019han de regular les xarxes social per lluitar contra la desinformaci\u00f3? Aquesta \u00e9s la pregunta que els alumnes de diferents centres ens hem hagut de plantejar. Cada any s\u2019escull un tema pel debat i els equips participants s\u2019han de posicionar tant a favor com en contra.<\/p>\n<p><!--more--><\/p>\n<p>La din\u00e0mica de la Lliga de Debats \u00e9s senzilla: participen quatre grups d\u2019estudiants de quatre centres diferents. La primera fase consta de tres debats; una vict\u00f2ria suma dos punts, un empat un i una derrota cap; el guanyador de cada grup passa a la semifinal i aix\u00ed fins que nom\u00e9s queda un centre, el guanyador, que participa a la final que es fa amb centres d\u2019altres parts de l\u2019Estat de parla catalana. Cada debat \u00e9s puntuat per tres jutges, el criteri dels quals es basa a puntuar la presentaci\u00f3 d\u2019una tesi s\u00f2lida, la qualitat del discurs i la flexibilitat i capacitat de debat, entre d\u2019altres.<\/p>\n<p>El primer debat va ser contra el col\u00b7legi Lestonnac, nosaltres defens\u00e0vem una postura a favor i els alumnes de Lestonnac en contra. El resultat va estar molt igualat. Dos dels tres jutges van fallar a favor del nostre centre, que va sortir guanyador. El segon debat va ser contra la Fundaci\u00f3 Escoles Parroquials (FEP) St. Ramon, qui defensava la postura a favor de regular les xarxes socials enfront del nostre equip que defensava la postura contr\u00e0ria. Novament, els jutges van fallar a favor del nostre equip.<\/p>\n<p>A l\u2019\u00faltim debat, el nostre institut es va haver d\u2019enfrontar amb l\u2019INS l\u2019Alzina, que defensava la postura en contra. Finalment, amb dos vots a favor seu, l\u2019INS l\u2019Alzina es va emportar la vict\u00f2ria. Va ser un debat molt igualat, amb un resultat de 3,45 punts per a l\u2019Alzina i 3,39 punts per al nostre centre.<\/p>\n<p>La Lliga de Debats ha estat, sense cap mena de dubte, una experi\u00e8ncia extracurricular molt interessant i divertida: tenir l\u2019oportunitat d\u2019anar a la universitat a competir, la tensi\u00f3 dels debats, con\u00e8ixer alumnes d\u2019altres centre&#8230; En definitiva, Lliga de Debats ha estat una viv\u00e8ncia educativa, a la vegada molt agradable i interessant. Una experi\u00e8ncia que no et pots perdre si tens l\u2019oportunitat.<\/p>\n<p>Cronista: Mariona Tasquer, alumna de 2n de batxillerat human\u00edstic.<\/p>\n<p><iframe loading=\"lazy\" title=\"Debat al paraninf 22 febrer 2023 - INS Ramon Berenguer IV\" width=\"500\" height=\"281\" src=\"https:\/\/www.youtube.com\/embed\/2EhiIdhRZRY?feature=oembed\" frameborder=\"0\" allow=\"accelerometer; autoplay; clipboard-write; encrypted-media; gyroscope; picture-in-picture; web-share\" referrerpolicy=\"strict-origin-when-cross-origin\" allowfullscreen><\/iframe><\/p>\n","protected":false},"excerpt":{"rendered":"<p>\t\t\t\t\t\tPHOT Debat al paraninfo de la UB (23 febrer 2023), 07\t\t\t\t\t\t\t\t\t\t\t<\/p>\n<p>\t\t\t\t\t\tPHOT Debat al paraninfo de la UB (23 febrer 2023), 02\t\t\t\t\t\t\t\t\t\t\t<\/p>\n<p>\t\t\t\t\t\tPHOT Debat al paraninfo de la UB (23 febrer 2023), 01\t\t\t\t\t\t\t\t\t\t\t<\/p>\n<p>\t\t\t\t\t\t20230222_180605\t\t\t\t\t\t\t\t\t\t\t<\/p>\n<p>\t\t\t\t\t\t20230222_175441\t\t\t\t\t\t\t\t\t\t\t<\/p>\n<p>\t\t\t\t\t\t20230222_174448\t\t\t\t\t\t\t\t\t\t\t<\/p>\n<p>\t\t\t\t\t\t20230222_173551\t\t\t\t\t\t\t\t\t\t\t<\/p>\n<p>\t\t\t\t\t\t20230222_172730\t\t\t\t\t\t\t\t\t\t\t<\/p>\n<ul>\n<li class=\"slideshow_togglePlay\" data-play-text=\"Visualitza\" data-pause-text=\"Pausa\"><\/li>\n<\/ul>\n<p>LLIGA DE DEBATS: CR\u00d2NICA D\u2019UNA EXPERI\u00c8NCIA INIGUALABLE<br \/>\nEls passats 21 i 22 de&hellip;  <a href=\"https:\/\/agora.xtec.cat\/iesrb4\/general\/debat-al-paraninf-de-la-universitat-de-barcelona\/\" title=\"Read Debat al paraninf de la Universitat de Barcelona\">Llegeix m\u00e9s\u00bb<\/a><\/p>\n","protected":false},"author":18,"featured_media":0,"comment_status":"open","ping_status":"closed","sticky":false,"template":"","format":"standard","meta":{"_bbp_topic_count":0,"_bbp_reply_count":0,"_bbp_total_topic_count":0,"_bbp_total_reply_count":0,"_bbp_voice_count":0,"_bbp_anonymous_reply_count":0,"_bbp_topic_count_hidden":0,"_bbp_reply_count_hidden":0,"_bbp_forum_subforum_count":0,"footnotes":""},"categories":[8,1,29],"tags":[162,163],"class_list":["post-8925","post","type-post","status-publish","format-standard","hentry","category-batxillerat","category-general","category-portada","tag-debat","tag-ub"],"post_mailing_queue_ids":[],"_links":{"self":[{"href":"https:\/\/agora.xtec.cat\/iesrb4\/wp-json\/wp\/v2\/posts\/8925","targetHints":{"allow":["GET"]}}],"collection":[{"href":"https:\/\/agora.xtec.cat\/iesrb4\/wp-json\/wp\/v2\/posts"}],"about":[{"href":"https:\/\/agora.xtec.cat\/iesrb4\/wp-json\/wp\/v2\/types\/post"}],"author":[{"embeddable":true,"href":"https:\/\/agora.xtec.cat\/iesrb4\/wp-json\/wp\/v2\/users\/18"}],"replies":[{"embeddable":true,"href":"https:\/\/agora.xtec.cat\/iesrb4\/wp-json\/wp\/v2\/comments?post=8925"}],"version-history":[{"count":2,"href":"https:\/\/agora.xtec.cat\/iesrb4\/wp-json\/wp\/v2\/posts\/8925\/revisions"}],"predecessor-version":[{"id":8942,"href":"https:\/\/agora.xtec.cat\/iesrb4\/wp-json\/wp\/v2\/posts\/8925\/revisions\/8942"}],"wp:attachment":[{"href":"https:\/\/agora.xtec.cat\/iesrb4\/wp-json\/wp\/v2\/media?parent=8925"}],"wp:term":[{"taxonomy":"category","embeddable":true,"href":"https:\/\/agora.xtec.cat\/iesrb4\/wp-json\/wp\/v2\/categories?post=8925"},{"taxonomy":"post_tag","embeddable":true,"href":"https:\/\/agora.xtec.cat\/iesrb4\/wp-json\/wp\/v2\/tags?post=8925"}],"curies":[{"name":"wp","href":"https:\/\/api.w.org\/{rel}","templated":true}]}}